{"id":122,"date":"2012-12-14T16:08:59","date_gmt":"2012-12-14T15:08:59","guid":{"rendered":"http:\/\/www.gestoresalicante.org\/blog\/?p=122"},"modified":"2012-12-18T13:12:56","modified_gmt":"2012-12-18T12:12:56","slug":"los-gestores-administrativos-clausuran-su-curso-anual-y-hacen-entrega-al-banco-de-alimentos-de-un-donativo-recaudado-en-su-concierto-solidario","status":"publish","type":"post","link":"https:\/\/www.gestoresalicante.org\/blog\/index.php\/2012\/12\/14\/los-gestores-administrativos-clausuran-su-curso-anual-y-hacen-entrega-al-banco-de-alimentos-de-un-donativo-recaudado-en-su-concierto-solidario\/","title":{"rendered":"Los gestores administrativos clausuran su curso anual  y hacen entrega al Banco de Alimentos  de un donativo recaudado en su Concierto Solidario"},"content":{"rendered":"<div>\n<h2>NOTA DE\u00a0 PRENSA<\/h2>\n<\/div>\n<p>Los gestores administrativos clausuran su curso anual\u00a0 y hacen entrega al Banco de Alimentos\u00a0 de un donativo recaudado en su Concierto Solidario<\/p>\n<p><strong>Alicante, 13 de diciembre de 2012.- <\/strong>En la tarde de ayer, d\u00eda 13 de diciembre, se celebr\u00f3 en la sede del CGA de Alicante el acto de clausura del curso anual de formaci\u00f3n integral,\u00a0 que organizan los gestores administrativos alicantinos. La clausura tuvo lugar en la sede colegial de Alicante y cont\u00f3 con la presencia, entre otros, de la directora provincial\u00a0 de la Tesorer\u00eda, Gemma G\u00f3mez Magraner, que present\u00f3 la jornada.\u00a0 La clausura corri\u00f3 a cargo de Francisco Poveda Blanco, catedr\u00e1tico de Econom\u00eda Aplicada, director del Master de Tributaci\u00f3n de la Universidad de Alicante.<\/p>\n<p><a href=\"http:\/\/www.gestoresalicante.org\/blog\/wp-content\/uploads\/2012\/12\/9CFX05031.jpg\"><img decoding=\"async\" class=\"aligncenter size-full wp-image-125\" title=\"9CFX0503\" src=\"http:\/\/www.gestoresalicante.org\/blog\/wp-content\/uploads\/2012\/12\/9CFX05031.jpg\" alt=\"\" \/><\/a>Se trataron temas relacionados con la actualizaci\u00f3n tributaria y con el proceso de actualizaci\u00f3n de las notificaciones\u00a0 telem\u00e1ticas dela Seguridad Social. Fueron ponentes Luis Mu\u00f1iz, profesor de la Escuela de Negocios de la UA, V\u00edctor Perona, t\u00e9cnico dela AEAT, Francisca de Gabriel Poveda y Seraf\u00edn Juan Andr\u00e9s, t\u00e9cnicos funcionarios de la Seguridad Social de Alicante.<\/p>\n<p>Para finalizar el acto, se descubri\u00f3 la placa del Aula de formaci\u00f3n, que lleva el nombre de Jos\u00e9 Luis Tonda, actual vicepresidente del Colegio, y se hizo entrega al Banco de Alimentos de Alicante, dela recaudaci\u00f3n obtenida en el Concierto Solidario, celebrado el pasado 16 de noviembre en Las Cigarreras, organizado por el CGA para celebrar su 40 aniversario y recaudar fondos para esta organizaci\u00f3n no gubernamental.<\/p>\n<p><a href=\"http:\/\/www.gestoresalicante.org\/blog\/wp-content\/uploads\/2012\/12\/IMG_2133.jpg\"><img loading=\"lazy\" decoding=\"async\" class=\"aligncenter size-large wp-image-133\" title=\"IMG_2133\" src=\"http:\/\/www.gestoresalicante.org\/blog\/wp-content\/uploads\/2012\/12\/IMG_2133-1024x682.jpg\" alt=\"\" width=\"584\" height=\"388\" srcset=\"https:\/\/www.gestoresalicante.org\/blog\/wp-content\/uploads\/2012\/12\/IMG_2133-1024x682.jpg 1024w, https:\/\/www.gestoresalicante.org\/blog\/wp-content\/uploads\/2012\/12\/IMG_2133-300x200.jpg 300w, https:\/\/www.gestoresalicante.org\/blog\/wp-content\/uploads\/2012\/12\/IMG_2133-450x300.jpg 450w\" sizes=\"auto, (max-width: 584px) 100vw, 584px\" \/><\/a><\/p>\n","protected":false},"excerpt":{"rendered":"<p>NOTA DE\u00a0 PRENSA Los gestores administrativos clausuran su curso anual\u00a0 y hacen entrega al Banco de Alimentos\u00a0 de un donativo recaudado en su Concierto Solidario Alicante, 13 de diciembre de 2012.- En la tarde de ayer, d\u00eda 13 de diciembre, &hellip; <a href=\"https:\/\/www.gestoresalicante.org\/blog\/index.php\/2012\/12\/14\/los-gestores-administrativos-clausuran-su-curso-anual-y-hacen-entrega-al-banco-de-alimentos-de-un-donativo-recaudado-en-su-concierto-solidario\/\">Sigue leyendo <span class=\"meta-nav\">&rarr;<\/span><\/a><\/p>\n","protected":false},"author":4,"featured_media":0,"comment_status":"closed","ping_status":"closed","sticky":false,"template":"","format":"standard","meta":{"footnotes":""},"categories":[3],"tags":[],"class_list":["post-122","post","type-post","status-publish","format-standard","hentry","category-noticias-de-interes"],"_links":{"self":[{"href":"https:\/\/www.gestoresalicante.org\/blog\/index.php\/wp-json\/wp\/v2\/posts\/122","targetHints":{"allow":["GET"]}}],"collection":[{"href":"https:\/\/www.gestoresalicante.org\/blog\/index.php\/wp-json\/wp\/v2\/posts"}],"about":[{"href":"https:\/\/www.gestoresalicante.org\/blog\/index.php\/wp-json\/wp\/v2\/types\/post"}],"author":[{"embeddable":true,"href":"https:\/\/www.gestoresalicante.org\/blog\/index.php\/wp-json\/wp\/v2\/users\/4"}],"replies":[{"embeddable":true,"href":"https:\/\/www.gestoresalicante.org\/blog\/index.php\/wp-json\/wp\/v2\/comments?post=122"}],"version-history":[{"count":6,"href":"https:\/\/www.gestoresalicante.org\/blog\/index.php\/wp-json\/wp\/v2\/posts\/122\/revisions"}],"predecessor-version":[{"id":129,"href":"https:\/\/www.gestoresalicante.org\/blog\/index.php\/wp-json\/wp\/v2\/posts\/122\/revisions\/129"}],"wp:attachment":[{"href":"https:\/\/www.gestoresalicante.org\/blog\/index.php\/wp-json\/wp\/v2\/media?parent=122"}],"wp:term":[{"taxonomy":"category","embeddable":true,"href":"https:\/\/www.gestoresalicante.org\/blog\/index.php\/wp-json\/wp\/v2\/categories?post=122"},{"taxonomy":"post_tag","embeddable":true,"href":"https:\/\/www.gestoresalicante.org\/blog\/index.php\/wp-json\/wp\/v2\/tags?post=122"}],"curies":[{"name":"wp","href":"https:\/\/api.w.org\/{rel}","templated":true}]}}