{"id":1295,"date":"2019-02-14T09:54:21","date_gmt":"2019-02-14T08:54:21","guid":{"rendered":"https:\/\/www.gestoresalicante.org\/blog\/?p=1295"},"modified":"2019-02-14T12:59:33","modified_gmt":"2019-02-14T11:59:33","slug":"acto-bienvenida-nuevos-gestores-2019","status":"publish","type":"post","link":"https:\/\/www.gestoresalicante.org\/blog\/index.php\/2019\/02\/14\/acto-bienvenida-nuevos-gestores-2019\/","title":{"rendered":"Acto Bienvenida Nuevos Gestores 2019"},"content":{"rendered":"<p>El lunes 11 de febrero tuvo lugar en la sede colegial el Acto de Bienvenida a los Nuevos Gestores 2019, donde se procedi\u00f3 a la entrega de t\u00edtulos, tanto los emitidos por el Consejo General de Colegios de Gestores Administrativos de Espa\u00f1a, como a los emitidos por el Consejo Auton\u00f3mico de Gestores Administrativos de la Comunidad Valenciana. As\u00ed mismo se procedi\u00f3 a la jura o promesa de los nuevos colegiados.<\/p>\n<p>La apertura del acto la realiz\u00f3 nuestra Presidenta D\u00aa Mar\u00eda Teresa Vila Esteve, acompa\u00f1ada por D\u00aa Araceli Mart\u00ednez M\u00e1rquez,\u00a0Directora Territorial de la Conseller\u00eda de Justicia, Adminsitraci\u00f3n P\u00fablica, Reformas Democr\u00e1ticas y Libertadas P\u00fablicas, D. Carlos Castillo M\u00e1rquez, Vicepresidente y Portavoz PP Diputaci\u00f3n, Concejal de Econom\u00eda y Hacienda del Ayuntamiento de Alicante, D. Vicente Amat Mart\u00ednez, como Vicepresidente del colegio y como maestro de ceremonia D. Jos\u00e9 Mar\u00eda Mora Culia\u00f1ez, Secretario de nuestro colegio.<img loading=\"lazy\" decoding=\"async\" class=\"wp-image-1296 aligncenter\" src=\"https:\/\/www.gestoresalicante.org\/blog\/wp-content\/uploads\/2019\/02\/Foto_002_opt.jpg\" alt=\"\" width=\"545\" height=\"353\" \/>El acto tuvo una gran participaci\u00f3n, siendo entra\u00f1able, cercano y familiar, que despu\u00e9s de las intervenciones de los componentes de la mesa, finalizamos con un c\u00f3ctel.<\/p>\n<p>En palabras de la Presidenta, \u00ab<em>Hoy es un d\u00eda importante para este Colegio y para la Profesi\u00f3n al recibir a los nuevos colegiados, puesto que somos una profesi\u00f3n atractiva, necesaria y valorada, una profesi\u00f3n en permanente desarrollo y crecimiento. Somos profesionales altamente cualificados y especializados, necesarios y \u00fatiles para la sociedad, colaboradores sociales y el eslab\u00f3n entre el ciudadano y las empresas con la Administraci\u00f3n P\u00fablica, refrendados por las encomiendas de gesti\u00f3n suscritas con la misma. Somos un colectivo que proporciona confianza, garant\u00eda y seguridad.<\/em>\u00ab<img decoding=\"async\" class=\" wp-image-1297 aligncenter\" src=\"https:\/\/www.gestoresalicante.org\/blog\/wp-content\/uploads\/2019\/02\/Foto_004_opt.jpg\" alt=\"\" width=\"100%\" height=\"250\" srcset=\"https:\/\/www.gestoresalicante.org\/blog\/wp-content\/uploads\/2019\/02\/Foto_004_opt.jpg 400w, https:\/\/www.gestoresalicante.org\/blog\/wp-content\/uploads\/2019\/02\/Foto_004_opt-300x137.jpg 300w\" sizes=\"(max-width: 400px) 100vw, 400px\" \/><\/p>\n<table>\n<tbody>\n<tr>\n<td><img loading=\"lazy\" decoding=\"async\" class=\"wp-image-1299 alignleft\" src=\"https:\/\/www.gestoresalicante.org\/blog\/wp-content\/uploads\/2019\/02\/araceli.jpg\" alt=\"\" width=\"126\" height=\"178\" \/>Por su\u00a0parte D\u00aa Araceli Mart\u00ednez en su intervenci\u00f3n, destac\u00f3 el marco de colaboraci\u00f3n entre la Generalitat Valenciana y los Gestores Adminsitrativos de la Comunidad Valenciana\u00a0 para la confecci\u00f3n y desarrollo de las pruebas de gestor administrativo (su cuarta edici\u00f3n), as\u00ed como la expedici\u00f3n de los t\u00edtulos de gestor administrativo reconocidos en todo el territorio nacional.<\/td>\n<\/tr>\n<tr>\n<td><img loading=\"lazy\" decoding=\"async\" class=\" wp-image-1300 alignright\" src=\"https:\/\/www.gestoresalicante.org\/blog\/wp-content\/uploads\/2019\/02\/Carlos.jpg\" alt=\"\" width=\"188\" height=\"168\" srcset=\"https:\/\/www.gestoresalicante.org\/blog\/wp-content\/uploads\/2019\/02\/Carlos.jpg 358w, https:\/\/www.gestoresalicante.org\/blog\/wp-content\/uploads\/2019\/02\/Carlos-300x267.jpg 300w, https:\/\/www.gestoresalicante.org\/blog\/wp-content\/uploads\/2019\/02\/Carlos-337x300.jpg 337w\" sizes=\"auto, (max-width: 188px) 100vw, 188px\" \/>As\u00ed mismo en el cierre del acto, D. Carlos Castillo agradeci\u00f3 tener el honor de participar en el acto de bienvenida a los nuevos gestores, y les pidi\u00f3 que se honrara a la profesi\u00f3n, fundamental para el buen funcionamiento de la sociedad y el ordenado funcionamiento de las Adminsitraciones P\u00fablicas y calific\u00f3 nuestro colegio como uno de los mejores colegios profesionales de la provincia y de la Comunidad Valenciana.<\/td>\n<\/tr>\n<\/tbody>\n<\/table>\n<div style=\"text-align: center;\">\n<h2>Acto Bienvenida Nuevos Gestores 2019 &#8211; Mar\u00eda Teresa Vila<\/h2>\n<p><iframe loading=\"lazy\" src=\"https:\/\/www.youtube.com\/embed\/tj8nkehQqsI\" width=\"560\" height=\"315\" frameborder=\"0\" allowfullscreen=\"allowfullscreen\"><\/iframe><\/p>\n<\/div>\n<div style=\"text-align: center;\">\n<h2>Acto Bienvenida Nuevos Gestores 2019 &#8211; Araceli Mart\u00ednez<\/h2>\n<p><iframe loading=\"lazy\" src=\"https:\/\/www.youtube.com\/embed\/ljM0_2LLe34\" width=\"560\" height=\"315\" frameborder=\"0\" allowfullscreen=\"allowfullscreen\"><\/iframe><\/p>\n<\/div>\n<div style=\"text-align: center;\">\n<h2>Acto Bienvenida Nuevos Gestores 2019 &#8211; Carlos Castillo<\/h2>\n<p><iframe loading=\"lazy\" src=\"https:\/\/www.youtube.com\/embed\/6ZPRGR1QJfw\" width=\"560\" height=\"315\" frameborder=\"0\" allowfullscreen=\"allowfullscreen\"><\/iframe><\/p>\n<\/div>\n","protected":false},"excerpt":{"rendered":"<p>El lunes 11 de febrero tuvo lugar en la sede colegial el Acto de Bienvenida a los Nuevos Gestores 2019, donde se procedi\u00f3 a la entrega de t\u00edtulos, tanto los emitidos por el Consejo General de Colegios de Gestores Administrativos &hellip; <a href=\"https:\/\/www.gestoresalicante.org\/blog\/index.php\/2019\/02\/14\/acto-bienvenida-nuevos-gestores-2019\/\">Sigue leyendo <span class=\"meta-nav\">&rarr;<\/span><\/a><\/p>\n","protected":false},"author":4,"featured_media":0,"comment_status":"closed","ping_status":"closed","sticky":false,"template":"","format":"standard","meta":{"footnotes":""},"categories":[3],"tags":[],"class_list":["post-1295","post","type-post","status-publish","format-standard","hentry","category-noticias-de-interes"],"_links":{"self":[{"href":"https:\/\/www.gestoresalicante.org\/blog\/index.php\/wp-json\/wp\/v2\/posts\/1295","targetHints":{"allow":["GET"]}}],"collection":[{"href":"https:\/\/www.gestoresalicante.org\/blog\/index.php\/wp-json\/wp\/v2\/posts"}],"about":[{"href":"https:\/\/www.gestoresalicante.org\/blog\/index.php\/wp-json\/wp\/v2\/types\/post"}],"author":[{"embeddable":true,"href":"https:\/\/www.gestoresalicante.org\/blog\/index.php\/wp-json\/wp\/v2\/users\/4"}],"replies":[{"embeddable":true,"href":"https:\/\/www.gestoresalicante.org\/blog\/index.php\/wp-json\/wp\/v2\/comments?post=1295"}],"version-history":[{"count":5,"href":"https:\/\/www.gestoresalicante.org\/blog\/index.php\/wp-json\/wp\/v2\/posts\/1295\/revisions"}],"predecessor-version":[{"id":1305,"href":"https:\/\/www.gestoresalicante.org\/blog\/index.php\/wp-json\/wp\/v2\/posts\/1295\/revisions\/1305"}],"wp:attachment":[{"href":"https:\/\/www.gestoresalicante.org\/blog\/index.php\/wp-json\/wp\/v2\/media?parent=1295"}],"wp:term":[{"taxonomy":"category","embeddable":true,"href":"https:\/\/www.gestoresalicante.org\/blog\/index.php\/wp-json\/wp\/v2\/categories?post=1295"},{"taxonomy":"post_tag","embeddable":true,"href":"https:\/\/www.gestoresalicante.org\/blog\/index.php\/wp-json\/wp\/v2\/tags?post=1295"}],"curies":[{"name":"wp","href":"https:\/\/api.w.org\/{rel}","templated":true}]}}