{"id":1306,"date":"2019-03-05T09:32:13","date_gmt":"2019-03-05T08:32:13","guid":{"rendered":"https:\/\/www.gestoresalicante.org\/blog\/?p=1306"},"modified":"2019-03-05T09:32:13","modified_gmt":"2019-03-05T08:32:13","slug":"formacion-sobre-el-reglamento-de-ordenacion-de-transportes-terrestres","status":"publish","type":"post","link":"https:\/\/www.gestoresalicante.org\/blog\/index.php\/2019\/03\/05\/formacion-sobre-el-reglamento-de-ordenacion-de-transportes-terrestres\/","title":{"rendered":"Formaci\u00f3n sobre el Reglamento de Ordenaci\u00f3n de Transportes Terrestres"},"content":{"rendered":"<p>En el d\u00eda de ayer, lunes 4 de marzo de 2019, se realiz\u00f3 en el Colegio de Gestores Administrativos de Alicante, juntamente con FETRAMA, y dentro del Programa de Formaci\u00f3n Integral para Gestores Administrativos de Alicante, una formaci\u00f3n sobre la modificaciones introducidas en el nuevo Reglamento de la LEY de Ordenaci\u00f3n de los Transportes Terrestres seg\u00fan el Real Decreto 70\/2019 del 15 de febrero (BOE 44 de fecha 20\/02\/2019).<a href=\"https:\/\/www.gestoresalicante.org\/blog\/wp-content\/uploads\/2019\/03\/20190304_Mesa.jpg\"><img loading=\"lazy\" decoding=\"async\" class=\"alignright size-large wp-image-1307\" src=\"https:\/\/www.gestoresalicante.org\/blog\/wp-content\/uploads\/2019\/03\/20190304_Mesa-1024x683.jpg\" alt=\"\" width=\"584\" height=\"390\" srcset=\"https:\/\/www.gestoresalicante.org\/blog\/wp-content\/uploads\/2019\/03\/20190304_Mesa-1024x683.jpg 1024w, https:\/\/www.gestoresalicante.org\/blog\/wp-content\/uploads\/2019\/03\/20190304_Mesa-300x200.jpg 300w, https:\/\/www.gestoresalicante.org\/blog\/wp-content\/uploads\/2019\/03\/20190304_Mesa-768x512.jpg 768w, https:\/\/www.gestoresalicante.org\/blog\/wp-content\/uploads\/2019\/03\/20190304_Mesa-450x300.jpg 450w, https:\/\/www.gestoresalicante.org\/blog\/wp-content\/uploads\/2019\/03\/20190304_Mesa.jpg 1296w\" sizes=\"auto, (max-width: 584px) 100vw, 584px\" \/><\/a><\/p>\n<p>La mesa estaba compuesta por el Ilmo. Sr. D. Alberto Alonso Vidales, Jefe Territorial de Transportes de Alicante, D\u00aa Mar\u00eda Teresa Vila Esteve, Presidenta del Colegio de Gestores Administrativos de Alicante, D. Francisco Luis Ortiz Guti\u00e9rrez, Secretario General de FETRAMA, y D. Jos\u00e9 Luis Tonda Mart\u00ednez, Gestor Administrativo.<\/p>\n<p><a href=\"https:\/\/www.gestoresalicante.org\/blog\/wp-content\/uploads\/2019\/03\/20190304_AlbertoAlonsoVidaes.jpg\"><img loading=\"lazy\" decoding=\"async\" class=\"alignright size-full wp-image-1308\" src=\"https:\/\/www.gestoresalicante.org\/blog\/wp-content\/uploads\/2019\/03\/20190304_AlbertoAlonsoVidaes.jpg\" alt=\"\" width=\"737\" height=\"845\" srcset=\"https:\/\/www.gestoresalicante.org\/blog\/wp-content\/uploads\/2019\/03\/20190304_AlbertoAlonsoVidaes.jpg 737w, https:\/\/www.gestoresalicante.org\/blog\/wp-content\/uploads\/2019\/03\/20190304_AlbertoAlonsoVidaes-262x300.jpg 262w\" sizes=\"auto, (max-width: 737px) 100vw, 737px\" \/><\/a><\/p>\n<p><a href=\"https:\/\/www.gestoresalicante.org\/blog\/wp-content\/uploads\/2019\/03\/20190304_MTeresaVila.jpg\"><img loading=\"lazy\" decoding=\"async\" class=\"alignright size-full wp-image-1309\" src=\"https:\/\/www.gestoresalicante.org\/blog\/wp-content\/uploads\/2019\/03\/20190304_MTeresaVila.jpg\" alt=\"\" width=\"575\" height=\"743\" srcset=\"https:\/\/www.gestoresalicante.org\/blog\/wp-content\/uploads\/2019\/03\/20190304_MTeresaVila.jpg 575w, https:\/\/www.gestoresalicante.org\/blog\/wp-content\/uploads\/2019\/03\/20190304_MTeresaVila-232x300.jpg 232w\" sizes=\"auto, (max-width: 575px) 100vw, 575px\" \/><\/a><a href=\"https:\/\/www.gestoresalicante.org\/blog\/wp-content\/uploads\/2019\/03\/20190304_FranciscoLuisOrtizGutierrez.jpg\"><img loading=\"lazy\" decoding=\"async\" class=\"alignright size-full wp-image-1310\" src=\"https:\/\/www.gestoresalicante.org\/blog\/wp-content\/uploads\/2019\/03\/20190304_FranciscoLuisOrtizGutierrez.jpg\" alt=\"\" width=\"679\" height=\"778\" srcset=\"https:\/\/www.gestoresalicante.org\/blog\/wp-content\/uploads\/2019\/03\/20190304_FranciscoLuisOrtizGutierrez.jpg 679w, https:\/\/www.gestoresalicante.org\/blog\/wp-content\/uploads\/2019\/03\/20190304_FranciscoLuisOrtizGutierrez-262x300.jpg 262w\" sizes=\"auto, (max-width: 679px) 100vw, 679px\" \/><\/a><\/p>\n<p><a href=\"https:\/\/www.gestoresalicante.org\/blog\/wp-content\/uploads\/2019\/03\/20190304_JoseLuisTonda.jpg\"><img loading=\"lazy\" decoding=\"async\" class=\"alignright size-full wp-image-1311\" src=\"https:\/\/www.gestoresalicante.org\/blog\/wp-content\/uploads\/2019\/03\/20190304_JoseLuisTonda.jpg\" alt=\"\" width=\"707\" height=\"767\" srcset=\"https:\/\/www.gestoresalicante.org\/blog\/wp-content\/uploads\/2019\/03\/20190304_JoseLuisTonda.jpg 707w, https:\/\/www.gestoresalicante.org\/blog\/wp-content\/uploads\/2019\/03\/20190304_JoseLuisTonda-277x300.jpg 277w\" sizes=\"auto, (max-width: 707px) 100vw, 707px\" \/><\/a><\/p>\n<p><a href=\"https:\/\/www.gestoresalicante.org\/blog\/wp-content\/uploads\/2019\/03\/20190304_SalonActos.jpg\"><img loading=\"lazy\" decoding=\"async\" class=\"alignright size-large wp-image-1312\" src=\"https:\/\/www.gestoresalicante.org\/blog\/wp-content\/uploads\/2019\/03\/20190304_SalonActos-1024x473.jpg\" alt=\"\" width=\"584\" height=\"270\" srcset=\"https:\/\/www.gestoresalicante.org\/blog\/wp-content\/uploads\/2019\/03\/20190304_SalonActos-1024x473.jpg 1024w, https:\/\/www.gestoresalicante.org\/blog\/wp-content\/uploads\/2019\/03\/20190304_SalonActos-300x139.jpg 300w, https:\/\/www.gestoresalicante.org\/blog\/wp-content\/uploads\/2019\/03\/20190304_SalonActos-768x355.jpg 768w, https:\/\/www.gestoresalicante.org\/blog\/wp-content\/uploads\/2019\/03\/20190304_SalonActos-500x231.jpg 500w, https:\/\/www.gestoresalicante.org\/blog\/wp-content\/uploads\/2019\/03\/20190304_SalonActos.jpg 1271w\" sizes=\"auto, (max-width: 584px) 100vw, 584px\" \/><\/a><br \/>\nContamos con una asistencia masiva por parte de los gestores administrativos as\u00ed como asociados de FETRAMA para asistir a la presentaci\u00f3n de la nueva normativa sobre transportes.<\/p>\n","protected":false},"excerpt":{"rendered":"<p>En el d\u00eda de ayer, lunes 4 de marzo de 2019, se realiz\u00f3 en el Colegio de Gestores Administrativos de Alicante, juntamente con FETRAMA, y dentro del Programa de Formaci\u00f3n Integral para Gestores Administrativos de Alicante, una formaci\u00f3n sobre la &hellip; <a href=\"https:\/\/www.gestoresalicante.org\/blog\/index.php\/2019\/03\/05\/formacion-sobre-el-reglamento-de-ordenacion-de-transportes-terrestres\/\">Sigue leyendo <span class=\"meta-nav\">&rarr;<\/span><\/a><\/p>\n","protected":false},"author":4,"featured_media":0,"comment_status":"closed","ping_status":"closed","sticky":false,"template":"","format":"standard","meta":{"footnotes":""},"categories":[4,3],"tags":[],"class_list":["post-1306","post","type-post","status-publish","format-standard","hentry","category-formacion","category-noticias-de-interes"],"_links":{"self":[{"href":"https:\/\/www.gestoresalicante.org\/blog\/index.php\/wp-json\/wp\/v2\/posts\/1306","targetHints":{"allow":["GET"]}}],"collection":[{"href":"https:\/\/www.gestoresalicante.org\/blog\/index.php\/wp-json\/wp\/v2\/posts"}],"about":[{"href":"https:\/\/www.gestoresalicante.org\/blog\/index.php\/wp-json\/wp\/v2\/types\/post"}],"author":[{"embeddable":true,"href":"https:\/\/www.gestoresalicante.org\/blog\/index.php\/wp-json\/wp\/v2\/users\/4"}],"replies":[{"embeddable":true,"href":"https:\/\/www.gestoresalicante.org\/blog\/index.php\/wp-json\/wp\/v2\/comments?post=1306"}],"version-history":[{"count":1,"href":"https:\/\/www.gestoresalicante.org\/blog\/index.php\/wp-json\/wp\/v2\/posts\/1306\/revisions"}],"predecessor-version":[{"id":1313,"href":"https:\/\/www.gestoresalicante.org\/blog\/index.php\/wp-json\/wp\/v2\/posts\/1306\/revisions\/1313"}],"wp:attachment":[{"href":"https:\/\/www.gestoresalicante.org\/blog\/index.php\/wp-json\/wp\/v2\/media?parent=1306"}],"wp:term":[{"taxonomy":"category","embeddable":true,"href":"https:\/\/www.gestoresalicante.org\/blog\/index.php\/wp-json\/wp\/v2\/categories?post=1306"},{"taxonomy":"post_tag","embeddable":true,"href":"https:\/\/www.gestoresalicante.org\/blog\/index.php\/wp-json\/wp\/v2\/tags?post=1306"}],"curies":[{"name":"wp","href":"https:\/\/api.w.org\/{rel}","templated":true}]}}