{"id":1324,"date":"2019-07-08T08:59:45","date_gmt":"2019-07-08T06:59:45","guid":{"rendered":"https:\/\/www.gestoresalicante.org\/blog\/?p=1324"},"modified":"2019-07-09T09:05:04","modified_gmt":"2019-07-09T07:05:04","slug":"la-red-de-ciudades-por-la-bicicleta-y-el-consejo-general-de-colegios-de-gestores-administrativos-se-alian-para-fomentar-el-uso-de-la-bicicleta-como-medio-de-transporte-sostenible-a-traves-del-impulso","status":"publish","type":"post","link":"https:\/\/www.gestoresalicante.org\/blog\/index.php\/2019\/07\/08\/la-red-de-ciudades-por-la-bicicleta-y-el-consejo-general-de-colegios-de-gestores-administrativos-se-alian-para-fomentar-el-uso-de-la-bicicleta-como-medio-de-transporte-sostenible-a-traves-del-impulso\/","title":{"rendered":"La Red de Ciudades por la Bicicleta y el Consejo General de Colegios de Gestores Administrativos se al\u00edan para fomentar el uso de la bicicleta como medio de transporte sostenible, a trav\u00e9s del impulso del BiciRegistro"},"content":{"rendered":"<ul>\n<li>Los Gestores Administrativos que se adhieran al sistema se convertir\u00e1n en validadores del BiciRegistro.<\/li>\n<li>El BiciRegistro permite la incorporaci\u00f3n de las bicicletas para control y seguridad de los usuarios a una base de datos \u00fanica.<\/li>\n<\/ul>\n<p><strong>Madrid, 5 de julio de 2019.<\/strong> La Red de Ciudades por la Bicicleta, representada por su Presidente Antoni Poveda, y el Consejo General de Colegios de Gestores Administrativos, representada por su Presidente Fernando Santiago Ollero, han firmado hoy un acuerdo por el que los Gestores Administrativos que se adhieran al sistema se convertir\u00e1n en validadores del BiciRegistro.<a href=\"https:\/\/www.gestoresalicante.org\/blog\/wp-content\/uploads\/2019\/07\/DSC_0247.jpg\"><img loading=\"lazy\" decoding=\"async\" class=\"size-large wp-image-1325 aligncenter\" src=\"https:\/\/www.gestoresalicante.org\/blog\/wp-content\/uploads\/2019\/07\/DSC_0247-1024x680.jpg\" alt=\"\" width=\"584\" height=\"388\" srcset=\"https:\/\/www.gestoresalicante.org\/blog\/wp-content\/uploads\/2019\/07\/DSC_0247-1024x680.jpg 1024w, https:\/\/www.gestoresalicante.org\/blog\/wp-content\/uploads\/2019\/07\/DSC_0247-300x199.jpg 300w, https:\/\/www.gestoresalicante.org\/blog\/wp-content\/uploads\/2019\/07\/DSC_0247-768x510.jpg 768w, https:\/\/www.gestoresalicante.org\/blog\/wp-content\/uploads\/2019\/07\/DSC_0247-452x300.jpg 452w, https:\/\/www.gestoresalicante.org\/blog\/wp-content\/uploads\/2019\/07\/DSC_0247.jpg 1716w\" sizes=\"auto, (max-width: 584px) 100vw, 584px\" \/><\/a>La Red de Ciudades por la Bicicleta, que representa a m\u00e1s de 500 municipios espa\u00f1oles, tiene por objeto es la generaci\u00f3n de una din\u00e1mica entre las ciudades con el fin de facilitar, hacer m\u00e1s segura y desarrollar la circulaci\u00f3n de los ciclistas, especialmente en el medio urbano.<\/p>\n<p>Seg\u00fan el Bar\u00f3metro de la Bicicleta, elaborado por la Red de Ciudades por la Bicicleta en colaboraci\u00f3n con la Direcci\u00f3n General de Tr\u00e1fico, el 16 % de los usuarios de la bicicleta ha sufrido un robo en los \u00faltimos cinco a\u00f1os.<\/p>\n<p>La Red de Ciudades por la Bicicleta ha desarrollado una herramienta para facilitar el control y seguridad de las bicicletas: BiciRegistro. Esta herramienta, que cuenta con el apoyo de la DGT y la colaboraci\u00f3n de las polic\u00edas locales de los ayuntamientos asociados, permite a los propietarios de bicicletas inscribir en un registro sus bicicletas, mediante la correspondiente identificaci\u00f3n, a trav\u00e9s de los puntos adheridos (validadores). La inscripci\u00f3n en el BiciRegistro aporta, entre otras, la ventaja de su identificaci\u00f3n en caso de robo, facilitando su recuperaci\u00f3n<\/p>\n<p>La organizaci\u00f3n de Colegios de Gestores Administrativos incluye una red de m\u00e1s de 6.000 gestor\u00edas administrativas, con implantaci\u00f3n nacional, y cuenta con cerca de 35.000 empleados. En este momento, los Gestores Administrativos realizan, entre otras actuaciones, el 70 % de los tr\u00e1mites relacionados con los veh\u00edculos a motor (matriculaci\u00f3n, transferencias, bajas, duplicados e informes del Registro de Veh\u00edculos).<\/p>\n<p>Los Gestores Administrativos desean fomentar el uso de la bicicleta como medio de transporte, y entienden que el BiciRegistro es una buena herramienta de cara a reforzar la seguridad de sus usuarios. Con el Convenio que se firma hoy entre ambas organizaciones, aquellos Gestores Administrativos que se adhieran al mismo se convertir\u00e1n en validadores del BiciRegistro.<\/p>\n<p>As\u00ed como hace 70 a\u00f1os permitieron la simplificaci\u00f3n y rapidez de los tr\u00e1mites en la gesti\u00f3n de los veh\u00edculos de motor, gracias a su colaboraci\u00f3n con la Direcci\u00f3n General de Tr\u00e1fico, en estos momentos, los Gestores Administrativos contin\u00faan en la vanguardia de la movilidad en las ciudades, facilitando la gesti\u00f3n del registro de bicicletas en el BiciRegistro.<\/p>\n<p>En palabras del Presidente del Consejo General de los Colegios de Gestores Administrativos, \u201cel uso de la bicicleta, cada vez m\u00e1s extendido en nuestras ciudades, aporta sostenibilidad a la movilidad; pero es necesario reforzar la seguridad de quienes la utilizan, siendo el BiciRegistro una herramienta necesaria para ello. La firma de este Convenio es un orgullo para los Gestores Administrativos, al reforzar su aportaci\u00f3n a la creaci\u00f3n de un modelo de movilidad sostenible y seguro en nuestras ciudades\u201d.<\/p>\n<p>Por su parte, Antoni Poveda considera la firma de este convenio \u201cun gran paso para la implantaci\u00f3n nacional de este sistema, el \u00fanico oficial y totalmente voluntario, que busca reducir el robo de bicicletas, considerado uno de los factores negativos descrito por los usuarios, tal como se desprende de las encuestas del Bar\u00f3metro de la bicicleta\u201d.<\/p>\n<p><em>Prensa Comunicaci\u00f3n &#8211; Consejo Gestores Administrativos<\/em><\/p>\n","protected":false},"excerpt":{"rendered":"<p>Los Gestores Administrativos que se adhieran al sistema se convertir\u00e1n en validadores del BiciRegistro. El BiciRegistro permite la incorporaci\u00f3n de las bicicletas para control y seguridad de los usuarios a una base de datos \u00fanica. Madrid, 5 de julio de &hellip; <a href=\"https:\/\/www.gestoresalicante.org\/blog\/index.php\/2019\/07\/08\/la-red-de-ciudades-por-la-bicicleta-y-el-consejo-general-de-colegios-de-gestores-administrativos-se-alian-para-fomentar-el-uso-de-la-bicicleta-como-medio-de-transporte-sostenible-a-traves-del-impulso\/\">Sigue leyendo <span class=\"meta-nav\">&rarr;<\/span><\/a><\/p>\n","protected":false},"author":4,"featured_media":0,"comment_status":"closed","ping_status":"closed","sticky":false,"template":"","format":"standard","meta":{"footnotes":""},"categories":[3],"tags":[],"class_list":["post-1324","post","type-post","status-publish","format-standard","hentry","category-noticias-de-interes"],"_links":{"self":[{"href":"https:\/\/www.gestoresalicante.org\/blog\/index.php\/wp-json\/wp\/v2\/posts\/1324","targetHints":{"allow":["GET"]}}],"collection":[{"href":"https:\/\/www.gestoresalicante.org\/blog\/index.php\/wp-json\/wp\/v2\/posts"}],"about":[{"href":"https:\/\/www.gestoresalicante.org\/blog\/index.php\/wp-json\/wp\/v2\/types\/post"}],"author":[{"embeddable":true,"href":"https:\/\/www.gestoresalicante.org\/blog\/index.php\/wp-json\/wp\/v2\/users\/4"}],"replies":[{"embeddable":true,"href":"https:\/\/www.gestoresalicante.org\/blog\/index.php\/wp-json\/wp\/v2\/comments?post=1324"}],"version-history":[{"count":2,"href":"https:\/\/www.gestoresalicante.org\/blog\/index.php\/wp-json\/wp\/v2\/posts\/1324\/revisions"}],"predecessor-version":[{"id":1330,"href":"https:\/\/www.gestoresalicante.org\/blog\/index.php\/wp-json\/wp\/v2\/posts\/1324\/revisions\/1330"}],"wp:attachment":[{"href":"https:\/\/www.gestoresalicante.org\/blog\/index.php\/wp-json\/wp\/v2\/media?parent=1324"}],"wp:term":[{"taxonomy":"category","embeddable":true,"href":"https:\/\/www.gestoresalicante.org\/blog\/index.php\/wp-json\/wp\/v2\/categories?post=1324"},{"taxonomy":"post_tag","embeddable":true,"href":"https:\/\/www.gestoresalicante.org\/blog\/index.php\/wp-json\/wp\/v2\/tags?post=1324"}],"curies":[{"name":"wp","href":"https:\/\/api.w.org\/{rel}","templated":true}]}}