{"id":1359,"date":"2019-10-21T09:51:56","date_gmt":"2019-10-21T07:51:56","guid":{"rendered":"https:\/\/www.gestoresalicante.org\/blog\/?p=1359"},"modified":"2019-10-21T09:52:22","modified_gmt":"2019-10-21T07:52:22","slug":"campana-publicitaria-en-autobuses","status":"publish","type":"post","link":"https:\/\/www.gestoresalicante.org\/blog\/index.php\/2019\/10\/21\/campana-publicitaria-en-autobuses\/","title":{"rendered":"Campa\u00f1a publicitaria en autobuses"},"content":{"rendered":"\n<p>Desde el pasado lunes 14 de octubre, en la l\u00ednea 02 del transporte p\u00fablico alicantino, circula un autob\u00fas con la campa\u00f1a publicitaria desarrollada para este medio.<\/p>\n\n\n\n<figure class=\"wp-block-image\"><img loading=\"lazy\" decoding=\"async\" width=\"1024\" height=\"768\" src=\"https:\/\/www.gestoresalicante.org\/blog\/wp-content\/uploads\/2019\/10\/photo_2019-10-21_09-42-55-1024x768.jpg\" alt=\"\" class=\"wp-image-1360\" srcset=\"https:\/\/www.gestoresalicante.org\/blog\/wp-content\/uploads\/2019\/10\/photo_2019-10-21_09-42-55-1024x768.jpg 1024w, https:\/\/www.gestoresalicante.org\/blog\/wp-content\/uploads\/2019\/10\/photo_2019-10-21_09-42-55-300x225.jpg 300w, https:\/\/www.gestoresalicante.org\/blog\/wp-content\/uploads\/2019\/10\/photo_2019-10-21_09-42-55-768x576.jpg 768w, https:\/\/www.gestoresalicante.org\/blog\/wp-content\/uploads\/2019\/10\/photo_2019-10-21_09-42-55-400x300.jpg 400w, https:\/\/www.gestoresalicante.org\/blog\/wp-content\/uploads\/2019\/10\/photo_2019-10-21_09-42-55.jpg 1280w\" sizes=\"auto, (max-width: 1024px) 100vw, 1024px\" \/><\/figure>\n\n\n\n<figure class=\"wp-block-image\"><img loading=\"lazy\" decoding=\"async\" width=\"768\" height=\"1024\" src=\"https:\/\/www.gestoresalicante.org\/blog\/wp-content\/uploads\/2019\/10\/photo_2019-10-21_09-34-55-768x1024.jpg\" alt=\"\" class=\"wp-image-1361\" srcset=\"https:\/\/www.gestoresalicante.org\/blog\/wp-content\/uploads\/2019\/10\/photo_2019-10-21_09-34-55-768x1024.jpg 768w, https:\/\/www.gestoresalicante.org\/blog\/wp-content\/uploads\/2019\/10\/photo_2019-10-21_09-34-55-225x300.jpg 225w, https:\/\/www.gestoresalicante.org\/blog\/wp-content\/uploads\/2019\/10\/photo_2019-10-21_09-34-55.jpg 960w\" sizes=\"auto, (max-width: 768px) 100vw, 768px\" \/><\/figure>\n\n\n\n<figure class=\"wp-block-image\"><img loading=\"lazy\" decoding=\"async\" width=\"768\" height=\"1024\" src=\"https:\/\/www.gestoresalicante.org\/blog\/wp-content\/uploads\/2019\/10\/photo_2019-10-21_09-34-45-768x1024.jpg\" alt=\"\" class=\"wp-image-1362\" srcset=\"https:\/\/www.gestoresalicante.org\/blog\/wp-content\/uploads\/2019\/10\/photo_2019-10-21_09-34-45-768x1024.jpg 768w, https:\/\/www.gestoresalicante.org\/blog\/wp-content\/uploads\/2019\/10\/photo_2019-10-21_09-34-45-225x300.jpg 225w, https:\/\/www.gestoresalicante.org\/blog\/wp-content\/uploads\/2019\/10\/photo_2019-10-21_09-34-45.jpg 960w\" sizes=\"auto, (max-width: 768px) 100vw, 768px\" \/><\/figure>\n\n\n\n<p>Finalizada la campa\u00f1a en Alicante se proceder\u00e1 a realizarla en los autobuses de Elche.<\/p>\n","protected":false},"excerpt":{"rendered":"<p>Desde el pasado lunes 14 de octubre, en la l\u00ednea 02 del transporte p\u00fablico alicantino, circula un autob\u00fas con la campa\u00f1a publicitaria desarrollada para este medio. Finalizada la campa\u00f1a en Alicante se proceder\u00e1 a realizarla en los autobuses de Elche.<\/p>\n","protected":false},"author":4,"featured_media":0,"comment_status":"closed","ping_status":"closed","sticky":false,"template":"","format":"standard","meta":{"footnotes":""},"categories":[3],"tags":[],"class_list":["post-1359","post","type-post","status-publish","format-standard","hentry","category-noticias-de-interes"],"_links":{"self":[{"href":"https:\/\/www.gestoresalicante.org\/blog\/index.php\/wp-json\/wp\/v2\/posts\/1359","targetHints":{"allow":["GET"]}}],"collection":[{"href":"https:\/\/www.gestoresalicante.org\/blog\/index.php\/wp-json\/wp\/v2\/posts"}],"about":[{"href":"https:\/\/www.gestoresalicante.org\/blog\/index.php\/wp-json\/wp\/v2\/types\/post"}],"author":[{"embeddable":true,"href":"https:\/\/www.gestoresalicante.org\/blog\/index.php\/wp-json\/wp\/v2\/users\/4"}],"replies":[{"embeddable":true,"href":"https:\/\/www.gestoresalicante.org\/blog\/index.php\/wp-json\/wp\/v2\/comments?post=1359"}],"version-history":[{"count":1,"href":"https:\/\/www.gestoresalicante.org\/blog\/index.php\/wp-json\/wp\/v2\/posts\/1359\/revisions"}],"predecessor-version":[{"id":1363,"href":"https:\/\/www.gestoresalicante.org\/blog\/index.php\/wp-json\/wp\/v2\/posts\/1359\/revisions\/1363"}],"wp:attachment":[{"href":"https:\/\/www.gestoresalicante.org\/blog\/index.php\/wp-json\/wp\/v2\/media?parent=1359"}],"wp:term":[{"taxonomy":"category","embeddable":true,"href":"https:\/\/www.gestoresalicante.org\/blog\/index.php\/wp-json\/wp\/v2\/categories?post=1359"},{"taxonomy":"post_tag","embeddable":true,"href":"https:\/\/www.gestoresalicante.org\/blog\/index.php\/wp-json\/wp\/v2\/tags?post=1359"}],"curies":[{"name":"wp","href":"https:\/\/api.w.org\/{rel}","templated":true}]}}