{"id":139,"date":"2012-12-22T16:35:52","date_gmt":"2012-12-22T15:35:52","guid":{"rendered":"http:\/\/www.gestoresalicante.org\/blog\/index.php\/2012\/12\/22\/resumenprensa-22-12-2012\/"},"modified":"2012-12-27T16:52:38","modified_gmt":"2012-12-27T15:52:38","slug":"resumenprensa-22-12-2012","status":"publish","type":"post","link":"https:\/\/www.gestoresalicante.org\/blog\/index.php\/2012\/12\/22\/resumenprensa-22-12-2012\/","title":{"rendered":"Resumen de Prensa 22-12-2012"},"content":{"rendered":"<div class=\"nboletin\">\n<table width=\"90%\" cellpadding=\"4\">\n<tbody>\n<tr>\n<td colspan=\"3\">\n<div style=\"background-color: #cccccc; padding: 4px 10px 4px 10px; width: 100%; border: 1px #414141 solid;\"><img loading=\"lazy\" decoding=\"async\" src=\"http:\/\/www.gestoresalicante.org\/img\/newsletter\/conges.jpg\" alt=\"Consejo de Gestores\" width=\"226\" height=\"70\" \/><\/div>\n<\/td>\n<\/tr>\n<tr>\n<td colspan=\"3\" align=\"right\"><strong>22\/12\/2012<br \/>\n<\/strong><\/td>\n<\/tr>\n<tr>\n<td colspan=\"3\"><\/td>\n<\/tr>\n<tr>\n<td class=\"tgrupo\" colspan=\"3\"><img loading=\"lazy\" decoding=\"async\" style=\"margin-right: 4px;\" src=\"http:\/\/www.gestoresalicante.org\/img\/newsletter\/picto.jpg\" alt=\"\" width=\"20\" height=\"18\" align=\"absmiddle\" \/> <strong><\/strong><\/td>\n<\/tr>\n<tr>\n<td colspan=\"3\">(No hay registros)<\/td>\n<\/tr>\n<tr>\n<td colspan=\"3\"><\/td>\n<\/tr>\n<tr>\n<td class=\"tgrupo\" colspan=\"3\"><img loading=\"lazy\" decoding=\"async\" style=\"margin-right: 4px;\" src=\"http:\/\/www.gestoresalicante.org\/img\/newsletter\/picto.jpg\" alt=\"\" width=\"20\" height=\"18\" align=\"absmiddle\" \/> <strong>Sector Fiscal<\/strong><\/td>\n<\/tr>\n<tr>\n<td class=\"tfecha\">22\/12\/2012<\/td>\n<td class=\"titem\"><a href=\"http:\/\/www.clipmedia.net\/ficheros\/2012\/12_dic\/mm015.pdf\" target=\"_blank\">El Gobierno recurrir\u00e1 ante el TC el impuesto bancario catal\u00e1n<\/a><\/td>\n<td class=\"tfuente\" align=\"right\">El Peri\u00f3dico de Catalunya<\/td>\n<\/tr>\n<tr>\n<td class=\"tfecha\">22\/12\/2012<\/td>\n<td class=\"titem\"><a href=\"http:\/\/www.clipmedia.net\/ficheros\/2012\/12_dic\/mm016.pdf\" target=\"_blank\">La recaudaci\u00f3n por salarios decae a pesar del incremento del IRPF<\/a><\/td>\n<td class=\"tfuente\" align=\"right\">El Peri\u00f3dico de Catalunya<\/td>\n<\/tr>\n<tr>\n<td class=\"tfecha\">22\/12\/2012<\/td>\n<td class=\"titem\"><a href=\"http:\/\/www.clipmedia.net\/ficheros\/2012\/12_dic\/mm024.pdf\" target=\"_blank\">Gordillo alerta de la subida del IVA en el arte<\/a><\/td>\n<td class=\"tfuente\" align=\"right\">El Mundo<\/td>\n<\/tr>\n<tr>\n<td class=\"tfecha\">22\/12\/2012<\/td>\n<td class=\"titem\"><a href=\"http:\/\/www.clipmedia.net\/ficheros\/2012\/12_dic\/by873.pdf\" target=\"_blank\">Freno a la Ley de Tasas hasta que se reforme la justicia gratuita<\/a><\/td>\n<td class=\"tfuente\" align=\"right\">El Economista<\/td>\n<\/tr>\n<tr>\n<td class=\"tfecha\">23\/12\/2012<\/td>\n<td class=\"titem\"><a href=\"http:\/\/www.clipmedia.net\/ficheros\/2012\/12_dic\/by838.pdf\" target=\"_blank\">Mas castiga a Coca-Cola tras fijar en Madrid su envasadora<\/a><\/td>\n<td class=\"tfuente\" align=\"right\">El Mundo<\/td>\n<\/tr>\n<tr>\n<td class=\"tfecha\">23\/12\/2012<\/td>\n<td class=\"titem\"><a href=\"http:\/\/www.clipmedia.net\/ficheros\/2012\/12_dic\/by837.pdf\" target=\"_blank\">Adri\u00e1n y el precio justo: unas tasas de 19.550 euros<\/a><\/td>\n<td class=\"tfuente\" align=\"right\">El Mundo<\/td>\n<\/tr>\n<tr>\n<td class=\"tfecha\">23\/12\/2012<\/td>\n<td class=\"titem\"><a href=\"http:\/\/www.clipmedia.net\/ficheros\/2012\/12_dic\/by836.pdf\" target=\"_blank\">La subida del IVA y el IRPF sostiene las arcas del Estado<\/a><\/td>\n<td class=\"tfuente\" align=\"right\">La Raz\u00f3n<\/td>\n<\/tr>\n<tr>\n<td class=\"tfecha\">23\/12\/2012<\/td>\n<td class=\"titem\"><a href=\"http:\/\/www.clipmedia.net\/ficheros\/2012\/12_dic\/by833.pdf\" target=\"_blank\">Claves para reducir la pr\u00f3xima factura fiscal<\/a><\/td>\n<td class=\"tfuente\" align=\"right\">ABC<\/td>\n<\/tr>\n<tr>\n<td class=\"tfecha\">23\/12\/2012<\/td>\n<td class=\"titem\"><a href=\"http:\/\/www.clipmedia.net\/ficheros\/2012\/12_dic\/by829.pdf\" target=\"_blank\">El Estado ingresa 7.000 millones hasta noviembre<\/a><\/td>\n<td class=\"tfuente\" align=\"right\">La Gaceta de los Negocios<\/td>\n<\/tr>\n<tr>\n<td class=\"tfecha\">23\/12\/2012<\/td>\n<td class=\"titem\"><a href=\"http:\/\/www.clipmedia.net\/ficheros\/2012\/12_dic\/mm041.pdf\" target=\"_blank\">El &#8216;caso Emperador&#8217; destapa una multinacional de la evasi\u00f3n fiscal<\/a><\/td>\n<td class=\"tfuente\" align=\"right\">El Pa\u00eds<\/td>\n<\/tr>\n<tr>\n<td class=\"tfecha\">23\/12\/2012<\/td>\n<td class=\"titem\"><a href=\"http:\/\/www.clipmedia.net\/ficheros\/2012\/12_dic\/by820.pdf\" target=\"_blank\">El efectivo, ni para la paga y se\u00f1al<\/a><\/td>\n<td class=\"tfuente\" align=\"right\">La Vanguardia<\/td>\n<\/tr>\n<tr>\n<td class=\"tfecha\">23\/12\/2012<\/td>\n<td class=\"titem\"><a href=\"http:\/\/www.clipmedia.net\/ficheros\/2012\/12_dic\/mm046.pdf\" target=\"_blank\">Aunque seas &#8216;cool&#8217; debes pagar impuestos<\/a><\/td>\n<td class=\"tfuente\" align=\"right\">El Pa\u00eds<\/td>\n<\/tr>\n<tr>\n<td colspan=\"3\"><\/td>\n<\/tr>\n<tr>\n<td class=\"tgrupo\" colspan=\"3\"><img loading=\"lazy\" decoding=\"async\" style=\"margin-right: 4px;\" src=\"http:\/\/www.gestoresalicante.org\/img\/newsletter\/picto.jpg\" alt=\"\" width=\"20\" height=\"18\" align=\"absmiddle\" \/> <strong>Sector Veh\u00edculos<\/strong><\/td>\n<\/tr>\n<tr>\n<td class=\"tfecha\">23\/12\/2012<\/td>\n<td class=\"titem\"><a href=\"http:\/\/www.clipmedia.net\/ficheros\/2012\/12_dic\/by835.pdf\" target=\"_blank\">El Govern lanza otro desaf\u00edo al vulnerar una normativa estatal sobre camiones<\/a><\/td>\n<td class=\"tfuente\" align=\"right\">La Raz\u00f3n<\/td>\n<\/tr>\n<tr>\n<td class=\"tfecha\">23\/12\/2012<\/td>\n<td class=\"titem\"><a href=\"http:\/\/www.clipmedia.net\/ficheros\/2012\/12_dic\/by828.pdf\" target=\"_blank\">El precio medio de los coches cay\u00f3 en noviembre<\/a><\/td>\n<td class=\"tfuente\" align=\"right\">La Gaceta de los Negocios<\/td>\n<\/tr>\n<tr>\n<td class=\"tfecha\">24\/12\/2012<\/td>\n<td class=\"titem\"><a href=\"http:\/\/www.clipmedia.net\/ficheros\/2012\/12_dic\/sq964.pdf\" target=\"_blank\">Las reservas de coches por el plan PIVE superan todas las previsiones<\/a><\/td>\n<td class=\"tfuente\" align=\"right\">La Vanguardia<\/td>\n<\/tr>\n<tr>\n<td colspan=\"3\"><\/td>\n<\/tr>\n<tr>\n<td class=\"tgrupo\" colspan=\"3\"><img loading=\"lazy\" decoding=\"async\" style=\"margin-right: 4px;\" src=\"http:\/\/www.gestoresalicante.org\/img\/newsletter\/picto.jpg\" alt=\"\" width=\"20\" height=\"18\" align=\"absmiddle\" \/> <strong>Ventana Telem\u00e1tica<\/strong><\/td>\n<\/tr>\n<tr>\n<td colspan=\"3\">(No hay registros)<\/td>\n<\/tr>\n<tr>\n<td colspan=\"3\"><\/td>\n<\/tr>\n<tr>\n<td class=\"tgrupo\" colspan=\"3\"><img loading=\"lazy\" decoding=\"async\" style=\"margin-right: 4px;\" src=\"http:\/\/www.gestoresalicante.org\/img\/newsletter\/picto.jpg\" alt=\"\" width=\"20\" height=\"18\" align=\"absmiddle\" \/> <strong>Sector de la formaci\u00f3n<\/strong><\/td>\n<\/tr>\n<tr>\n<td class=\"tfecha\">22\/12\/2012<\/td>\n<td class=\"titem\"><a href=\"http:\/\/www.clipmedia.net\/ficheros\/2012\/12_dic\/mm031.pdf\" target=\"_blank\">Ejecutivos &#8216;made in Asia&#8217;<\/a><\/td>\n<td class=\"tfuente\" align=\"right\">Cinco D\u00edas<\/td>\n<\/tr>\n<tr>\n<td class=\"tfecha\">24\/12\/2012<\/td>\n<td class=\"titem\"><a href=\"http:\/\/www.clipmedia.net\/ficheros\/2012\/12_dic\/sq927.pdf\" target=\"_blank\">Tabaco, electricidad y universidades se encarecen el 50% en cinco a\u00f1os<\/a><\/td>\n<td class=\"tfuente\" align=\"right\">El Economista<\/td>\n<\/tr>\n<tr>\n<td class=\"tfecha\">24\/12\/2012<\/td>\n<td class=\"titem\"><a href=\"http:\/\/www.clipmedia.net\/ficheros\/2012\/12_dic\/sq960.pdf\" target=\"_blank\">Hacer un m\u00e1ster sin desconectar del trabajo<\/a><\/td>\n<td class=\"tfuente\" align=\"right\">El Pa\u00eds &#8211; Negocios<\/td>\n<\/tr>\n<tr>\n<td colspan=\"3\"><\/td>\n<\/tr>\n<tr>\n<td class=\"tgrupo\" colspan=\"3\"><img loading=\"lazy\" decoding=\"async\" style=\"margin-right: 4px;\" src=\"http:\/\/www.gestoresalicante.org\/img\/newsletter\/picto.jpg\" alt=\"\" width=\"20\" height=\"18\" align=\"absmiddle\" \/> <strong>Sector Laboral<\/strong><\/td>\n<\/tr>\n<tr>\n<td class=\"tfecha\">22\/12\/2012<\/td>\n<td class=\"titem\"><a href=\"http:\/\/www.clipmedia.net\/ficheros\/2012\/12_dic\/mm025.pdf\" target=\"_blank\">Cooperaci\u00f3 deber\u00e1 readmitir a tres embarazadas despedidas en el ERE<\/a><\/td>\n<td class=\"tfuente\" align=\"right\">El Mundo<\/td>\n<\/tr>\n<tr>\n<td class=\"tfecha\">22\/12\/2012<\/td>\n<td class=\"titem\"><a href=\"http:\/\/www.clipmedia.net\/ficheros\/2012\/12_dic\/by874.pdf\" target=\"_blank\">Galicia ahorrar\u00e1 125 millones al bajar los sueldos el 4%<\/a><\/td>\n<td class=\"tfuente\" align=\"right\">El Economista<\/td>\n<\/tr>\n<tr>\n<td class=\"tfecha\">22\/12\/2012<\/td>\n<td class=\"titem\"><a href=\"http:\/\/www.clipmedia.net\/ficheros\/2012\/12_dic\/by871.pdf\" target=\"_blank\">El Gobierno crear\u00e1 1.600 empleos p\u00fablicos en el 2013<\/a><\/td>\n<td class=\"tfuente\" align=\"right\">La Vanguardia<\/td>\n<\/tr>\n<tr>\n<td class=\"tfecha\">22\/12\/2012<\/td>\n<td class=\"titem\"><a href=\"http:\/\/www.clipmedia.net\/ficheros\/2012\/12_dic\/by860.pdf\" target=\"_blank\">El Gobierno eleva 3,90 euros el salario m\u00ednimo interprofesional<\/a><\/td>\n<td class=\"tfuente\" align=\"right\">La Vanguardia<\/td>\n<\/tr>\n<tr>\n<td class=\"tfecha\">22\/12\/2012<\/td>\n<td class=\"titem\"><a href=\"http:\/\/www.clipmedia.net\/ficheros\/2012\/12_dic\/by859.pdf\" target=\"_blank\">CC.OO. no firmar\u00e1 una doble escala en Nissan<\/a><\/td>\n<td class=\"tfuente\" align=\"right\">La Vanguardia<\/td>\n<\/tr>\n<tr>\n<td class=\"tfecha\">23\/12\/2012<\/td>\n<td class=\"titem\"><a href=\"http:\/\/www.clipmedia.net\/ficheros\/2012\/12_dic\/by840.pdf\" target=\"_blank\">El Govern busca alternativas al ERE de Paradores en Catalunya<\/a><\/td>\n<td class=\"tfuente\" align=\"right\">El Peri\u00f3dico de Catalunya<\/td>\n<\/tr>\n<tr>\n<td class=\"tfecha\">23\/12\/2012<\/td>\n<td class=\"titem\"><a href=\"http:\/\/www.clipmedia.net\/ficheros\/2012\/12_dic\/by821.pdf\" target=\"_blank\">Las mujeres cobran un 16% menos que los hombres<\/a><\/td>\n<td class=\"tfuente\" align=\"right\">La Vanguardia<\/td>\n<\/tr>\n<tr>\n<td class=\"tfecha\">23\/12\/2012<\/td>\n<td class=\"titem\"><a href=\"http:\/\/www.clipmedia.net\/ficheros\/2012\/12_dic\/sq949.pdf\" target=\"_blank\">La revoluci\u00f3n de Rosell<\/a><\/td>\n<td class=\"tfuente\" align=\"right\">El Pa\u00eds &#8211; Negocios<\/td>\n<\/tr>\n<tr>\n<td class=\"tfecha\">23\/12\/2012<\/td>\n<td class=\"titem\"><a href=\"http:\/\/www.clipmedia.net\/ficheros\/2012\/12_dic\/sq959.pdf\" target=\"_blank\">Jubilaci\u00f3n parcial en 2013<\/a><\/td>\n<td class=\"tfuente\" align=\"right\">El Pa\u00eds &#8211; Negocios<\/td>\n<\/tr>\n<tr>\n<td class=\"tfecha\">23\/12\/2012<\/td>\n<td class=\"titem\"><a href=\"http:\/\/www.clipmedia.net\/ficheros\/2012\/12_dic\/sq962.pdf\" target=\"_blank\">La inmigraci\u00f3n como termostato<\/a><\/td>\n<td class=\"tfuente\" align=\"right\">La Vanguardia &#8211; Dinero<\/td>\n<\/tr>\n<tr>\n<td class=\"tfecha\">24\/12\/2012<\/td>\n<td class=\"titem\"><a href=\"http:\/\/www.clipmedia.net\/ficheros\/2012\/12_dic\/sq963.pdf\" target=\"_blank\">La igualdad avanza con lentitud<\/a><\/td>\n<td class=\"tfuente\" align=\"right\">La Vanguardia<\/td>\n<\/tr>\n<tr>\n<td class=\"tfecha\">24\/12\/2012<\/td>\n<td class=\"titem\"><a href=\"http:\/\/www.clipmedia.net\/ficheros\/2012\/12_dic\/sq965.pdf\" target=\"_blank\">Espa\u00f1a cerrar\u00e1 2012 con m\u00e1s de seis millones de parados<\/a><\/td>\n<td class=\"tfuente\" align=\"right\">La Gaceta de los Negocios<\/td>\n<\/tr>\n<tr>\n<td class=\"tfecha\">24\/12\/2012<\/td>\n<td class=\"titem\"><a href=\"http:\/\/www.clipmedia.net\/ficheros\/2012\/12_dic\/sq966.pdf\" target=\"_blank\">Espa\u00f1a pierde 50.000 aut\u00f3nomos en 2012<\/a><\/td>\n<td class=\"tfuente\" align=\"right\">Cinco D\u00edas<\/td>\n<\/tr>\n<tr>\n<td class=\"tfecha\">24\/12\/2012<\/td>\n<td class=\"titem\"><a href=\"http:\/\/www.clipmedia.net\/ficheros\/2012\/12_dic\/sq937.pdf\" target=\"_blank\">David Taguas, Instituto de Macroeconom\u00eda y Finanzas UCJC: \u00abEs necesario reformar la prestaci\u00f3n de desempleo\u00bb<\/a><\/td>\n<td class=\"tfuente\" align=\"right\">El Mundo<\/td>\n<\/tr>\n<tr>\n<td colspan=\"3\"><\/td>\n<\/tr>\n<tr>\n<td class=\"tgrupo\" colspan=\"3\"><img loading=\"lazy\" decoding=\"async\" style=\"margin-right: 4px;\" src=\"http:\/\/www.gestoresalicante.org\/img\/newsletter\/picto.jpg\" alt=\"\" width=\"20\" height=\"18\" align=\"absmiddle\" \/> <strong>Sector inmobiliario<\/strong><\/td>\n<\/tr>\n<tr>\n<td class=\"tfecha\">22\/12\/2012<\/td>\n<td class=\"titem\"><a href=\"http:\/\/www.clipmedia.net\/ficheros\/2012\/12_dic\/mm017.pdf\" target=\"_blank\">Las demandas civiles por defectos en la edificaci\u00f3n se disparan<\/a><\/td>\n<td class=\"tfuente\" align=\"right\">El Peri\u00f3dico de Catalunya<\/td>\n<\/tr>\n<tr>\n<td class=\"tfecha\">22\/12\/2012<\/td>\n<td class=\"titem\"><a href=\"http:\/\/www.clipmedia.net\/ficheros\/2012\/12_dic\/by872.pdf\" target=\"_blank\">El paro que te deja sin techo<\/a><\/td>\n<td class=\"tfuente\" align=\"right\">La Vanguardia<\/td>\n<\/tr>\n<tr>\n<td class=\"tfecha\">23\/12\/2012<\/td>\n<td class=\"titem\"><a href=\"http:\/\/www.clipmedia.net\/ficheros\/2012\/12_dic\/by830.pdf\" target=\"_blank\">Las inmobiliarias est\u00e1n al rojo vivo<\/a><\/td>\n<td class=\"tfuente\" align=\"right\">La Gaceta de los Negocios<\/td>\n<\/tr>\n<tr>\n<td class=\"tfecha\">22\/12\/2012<\/td>\n<td class=\"titem\"><a href=\"http:\/\/www.clipmedia.net\/ficheros\/2012\/12_dic\/mm040.pdf\" target=\"_blank\">5,1 millones de euros a la renovaci\u00f3n de contratos de alquiler<\/a><\/td>\n<td class=\"tfuente\" align=\"right\">La Gaceta de los Negocios<\/td>\n<\/tr>\n<tr>\n<td class=\"tfecha\">22\/12\/2012<\/td>\n<td class=\"titem\"><a href=\"http:\/\/www.clipmedia.net\/ficheros\/2012\/12_dic\/by818.pdf\" target=\"_blank\">Rayet, declarada en concurso<\/a><\/td>\n<td class=\"tfuente\" align=\"right\">Expansi\u00f3n<\/td>\n<\/tr>\n<tr>\n<td class=\"tfecha\">24\/12\/2012<\/td>\n<td class=\"titem\"><a href=\"http:\/\/www.clipmedia.net\/ficheros\/2012\/12_dic\/sq967.pdf\" target=\"_blank\">Rusia ve un motor para la vivienda en el permiso de residencia<\/a><\/td>\n<td class=\"tfuente\" align=\"right\">Cinco D\u00edas<\/td>\n<\/tr>\n<tr>\n<td colspan=\"3\"><\/td>\n<\/tr>\n<tr>\n<td class=\"tgrupo\" colspan=\"3\"><img loading=\"lazy\" decoding=\"async\" style=\"margin-right: 4px;\" src=\"http:\/\/www.gestoresalicante.org\/img\/newsletter\/picto.jpg\" alt=\"\" width=\"20\" height=\"18\" align=\"absmiddle\" \/> <strong>B.O.E<\/strong><\/td>\n<\/tr>\n<tr>\n<td colspan=\"3\">(No hay registros)<\/td>\n<\/tr>\n<\/tbody>\n<\/table>\n<\/div>\n","protected":false},"excerpt":{"rendered":"<p>22\/12\/2012 (No hay registros) Sector Fiscal 22\/12\/2012 El Gobierno recurrir\u00e1 ante el TC el impuesto bancario catal\u00e1n El Peri\u00f3dico de Catalunya 22\/12\/2012 La recaudaci\u00f3n por salarios decae a pesar del incremento del IRPF El Peri\u00f3dico de Catalunya 22\/12\/2012 Gordillo alerta &hellip; <a href=\"https:\/\/www.gestoresalicante.org\/blog\/index.php\/2012\/12\/22\/resumenprensa-22-12-2012\/\">Sigue leyendo <span class=\"meta-nav\">&rarr;<\/span><\/a><\/p>\n","protected":false},"author":4,"featured_media":0,"comment_status":"closed","ping_status":"closed","sticky":false,"template":"","format":"standard","meta":{"footnotes":""},"categories":[6],"tags":[],"class_list":["post-139","post","type-post","status-publish","format-standard","hentry","category-resumendeprensa"],"_links":{"self":[{"href":"https:\/\/www.gestoresalicante.org\/blog\/index.php\/wp-json\/wp\/v2\/posts\/139","targetHints":{"allow":["GET"]}}],"collection":[{"href":"https:\/\/www.gestoresalicante.org\/blog\/index.php\/wp-json\/wp\/v2\/posts"}],"about":[{"href":"https:\/\/www.gestoresalicante.org\/blog\/index.php\/wp-json\/wp\/v2\/types\/post"}],"author":[{"embeddable":true,"href":"https:\/\/www.gestoresalicante.org\/blog\/index.php\/wp-json\/wp\/v2\/users\/4"}],"replies":[{"embeddable":true,"href":"https:\/\/www.gestoresalicante.org\/blog\/index.php\/wp-json\/wp\/v2\/comments?post=139"}],"version-history":[{"count":1,"href":"https:\/\/www.gestoresalicante.org\/blog\/index.php\/wp-json\/wp\/v2\/posts\/139\/revisions"}],"predecessor-version":[{"id":154,"href":"https:\/\/www.gestoresalicante.org\/blog\/index.php\/wp-json\/wp\/v2\/posts\/139\/revisions\/154"}],"wp:attachment":[{"href":"https:\/\/www.gestoresalicante.org\/blog\/index.php\/wp-json\/wp\/v2\/media?parent=139"}],"wp:term":[{"taxonomy":"category","embeddable":true,"href":"https:\/\/www.gestoresalicante.org\/blog\/index.php\/wp-json\/wp\/v2\/categories?post=139"},{"taxonomy":"post_tag","embeddable":true,"href":"https:\/\/www.gestoresalicante.org\/blog\/index.php\/wp-json\/wp\/v2\/tags?post=139"}],"curies":[{"name":"wp","href":"https:\/\/api.w.org\/{rel}","templated":true}]}}