{"id":1410,"date":"2020-03-27T12:23:14","date_gmt":"2020-03-27T11:23:14","guid":{"rendered":"https:\/\/www.gestoresalicante.org\/blog\/?p=1410"},"modified":"2020-03-27T12:23:29","modified_gmt":"2020-03-27T11:23:29","slug":"el-presidente-del-consejo-general-de-gestores-administrativos-insta-al-gobierno-al-aplazamiento-de-los-impuestos","status":"publish","type":"post","link":"https:\/\/www.gestoresalicante.org\/blog\/index.php\/2020\/03\/27\/el-presidente-del-consejo-general-de-gestores-administrativos-insta-al-gobierno-al-aplazamiento-de-los-impuestos\/","title":{"rendered":"El Presidente del Consejo General de Gestores Administrativos insta al Gobierno al aplazamiento de los impuestos"},"content":{"rendered":"\n<p>El  Presidente del Consejo General de Colegios de Gestores Administrativos  insiste en el mensaje de que el Gobierno se va a quedar s\u00f3lo. Cuando  otras Administraciones  (CCAA y Ayuntamientos) est\u00e1n ya aplazando su calendario fiscal, el  Gobierno se empe\u00f1a en mantener un calendario fiscal que puede poner en  riesgo la salud de los gestores y asesores, adem\u00e1s de abocar a incumplir  a las pymes y aut\u00f3nomos con sus obligaciones  legales. (<a href=\"https:\/\/www.gestoresalicante.org\/blog\/wp-content\/uploads\/2020\/03\/Fernando-Santiago-gA.m4a\">mensaje grabado por Fernando Santiago<\/a>)<\/p>\n\n\n\n<p>En\n opini\u00f3n de Fernando Santiago, Presidente del Consejo General de \nColegios de Gestores Administrativos, \u201cse pidi\u00f3 colaboraci\u00f3n a las \nempresas para sacar adelante\n el pa\u00eds, y la estamos dando. Las empresas, las asociaciones, los \naut\u00f3nomos, le pedimos ahora al Gobierno que nos escuche; esperemos que \nhoy reacciones y lo hagan\u201d.<\/p>\n","protected":false},"excerpt":{"rendered":"<p>El Presidente del Consejo General de Colegios de Gestores Administrativos insiste en el mensaje de que el Gobierno se va a quedar s\u00f3lo. Cuando otras Administraciones (CCAA y Ayuntamientos) est\u00e1n ya aplazando su calendario fiscal, el Gobierno se empe\u00f1a en &hellip; <a href=\"https:\/\/www.gestoresalicante.org\/blog\/index.php\/2020\/03\/27\/el-presidente-del-consejo-general-de-gestores-administrativos-insta-al-gobierno-al-aplazamiento-de-los-impuestos\/\">Sigue leyendo <span class=\"meta-nav\">&rarr;<\/span><\/a><\/p>\n","protected":false},"author":4,"featured_media":0,"comment_status":"closed","ping_status":"closed","sticky":false,"template":"","format":"standard","meta":{"footnotes":""},"categories":[3],"tags":[],"class_list":["post-1410","post","type-post","status-publish","format-standard","hentry","category-noticias-de-interes"],"_links":{"self":[{"href":"https:\/\/www.gestoresalicante.org\/blog\/index.php\/wp-json\/wp\/v2\/posts\/1410","targetHints":{"allow":["GET"]}}],"collection":[{"href":"https:\/\/www.gestoresalicante.org\/blog\/index.php\/wp-json\/wp\/v2\/posts"}],"about":[{"href":"https:\/\/www.gestoresalicante.org\/blog\/index.php\/wp-json\/wp\/v2\/types\/post"}],"author":[{"embeddable":true,"href":"https:\/\/www.gestoresalicante.org\/blog\/index.php\/wp-json\/wp\/v2\/users\/4"}],"replies":[{"embeddable":true,"href":"https:\/\/www.gestoresalicante.org\/blog\/index.php\/wp-json\/wp\/v2\/comments?post=1410"}],"version-history":[{"count":1,"href":"https:\/\/www.gestoresalicante.org\/blog\/index.php\/wp-json\/wp\/v2\/posts\/1410\/revisions"}],"predecessor-version":[{"id":1412,"href":"https:\/\/www.gestoresalicante.org\/blog\/index.php\/wp-json\/wp\/v2\/posts\/1410\/revisions\/1412"}],"wp:attachment":[{"href":"https:\/\/www.gestoresalicante.org\/blog\/index.php\/wp-json\/wp\/v2\/media?parent=1410"}],"wp:term":[{"taxonomy":"category","embeddable":true,"href":"https:\/\/www.gestoresalicante.org\/blog\/index.php\/wp-json\/wp\/v2\/categories?post=1410"},{"taxonomy":"post_tag","embeddable":true,"href":"https:\/\/www.gestoresalicante.org\/blog\/index.php\/wp-json\/wp\/v2\/tags?post=1410"}],"curies":[{"name":"wp","href":"https:\/\/api.w.org\/{rel}","templated":true}]}}