{"id":1416,"date":"2020-07-14T14:30:28","date_gmt":"2020-07-14T12:30:28","guid":{"rendered":"https:\/\/www.gestoresalicante.org\/blog\/?p=1416"},"modified":"2020-07-14T14:36:21","modified_gmt":"2020-07-14T12:36:21","slug":"ga-campana-publicitaria-en-radio","status":"publish","type":"post","link":"https:\/\/www.gestoresalicante.org\/blog\/index.php\/2020\/07\/14\/ga-campana-publicitaria-en-radio\/","title":{"rendered":"GA &#8211; Campa\u00f1a publicitaria en radio"},"content":{"rendered":"\n<p>Durante los meses de julio, septiembre y octubre, se ha lanzado una campa\u00f1a publicitaria en dos de las emisoras de m\u00e1s audiencia de la provincia de Alicante, ONDA CERO y EUROPA FM.<\/p>\n\n\n\n<figure class=\"wp-block-audio\"><audio controls src=\"https:\/\/www.gestoresalicante.org\/blog\/wp-content\/uploads\/2020\/07\/OndaCero_20-07-06_Audio-cu\u00f1a-Radio.mp3\"><\/audio><figcaption>Cu\u00f1a de radio<\/figcaption><\/figure>\n\n\n\n<div class=\"wp-block-image\"><figure class=\"alignleft\"><img loading=\"lazy\" decoding=\"async\" width=\"118\" height=\"102\" src=\"https:\/\/www.gestoresalicante.org\/blog\/wp-content\/uploads\/2020\/07\/ondacero.png\" alt=\"\" class=\"wp-image-1419\"\/><\/figure><\/div>\n\n\n\n<p>Las cu\u00f1as publicitarias de Onda Cero est\u00e1n ubicadas en los tres programas de mayor audiencia, como son &#8216;M\u00e1s de uno&#8217;, &#8216;Local&#8217; y &#8216;Julia en la Onda&#8217;.<\/p>\n\n\n\n<div class=\"wp-block-image\"><figure class=\"alignright\"><img loading=\"lazy\" decoding=\"async\" width=\"151\" height=\"32\" src=\"https:\/\/www.gestoresalicante.org\/blog\/wp-content\/uploads\/2020\/07\/europafm.png\" alt=\"\" class=\"wp-image-1420\" srcset=\"https:\/\/www.gestoresalicante.org\/blog\/wp-content\/uploads\/2020\/07\/europafm.png 151w, https:\/\/www.gestoresalicante.org\/blog\/wp-content\/uploads\/2020\/07\/europafm-150x32.png 150w\" sizes=\"auto, (max-width: 151px) 100vw, 151px\" \/><\/figure><\/div>\n\n\n\n<p>Y en Europa FM se emiten por las ma\u00f1anas entre las 8:00 y las 14:00 que son la horas de mayor audiencia.<\/p>\n\n\n\n<p><\/p>\n","protected":false},"excerpt":{"rendered":"<p>Durante los meses de julio, septiembre y octubre, se ha lanzado una campa\u00f1a publicitaria en dos de las emisoras de m\u00e1s audiencia de la provincia de Alicante, ONDA CERO y EUROPA FM. Las cu\u00f1as publicitarias de Onda Cero est\u00e1n ubicadas &hellip; <a href=\"https:\/\/www.gestoresalicante.org\/blog\/index.php\/2020\/07\/14\/ga-campana-publicitaria-en-radio\/\">Sigue leyendo <span class=\"meta-nav\">&rarr;<\/span><\/a><\/p>\n","protected":false},"author":4,"featured_media":0,"comment_status":"closed","ping_status":"closed","sticky":false,"template":"","format":"standard","meta":{"footnotes":""},"categories":[3],"tags":[],"class_list":["post-1416","post","type-post","status-publish","format-standard","hentry","category-noticias-de-interes"],"_links":{"self":[{"href":"https:\/\/www.gestoresalicante.org\/blog\/index.php\/wp-json\/wp\/v2\/posts\/1416","targetHints":{"allow":["GET"]}}],"collection":[{"href":"https:\/\/www.gestoresalicante.org\/blog\/index.php\/wp-json\/wp\/v2\/posts"}],"about":[{"href":"https:\/\/www.gestoresalicante.org\/blog\/index.php\/wp-json\/wp\/v2\/types\/post"}],"author":[{"embeddable":true,"href":"https:\/\/www.gestoresalicante.org\/blog\/index.php\/wp-json\/wp\/v2\/users\/4"}],"replies":[{"embeddable":true,"href":"https:\/\/www.gestoresalicante.org\/blog\/index.php\/wp-json\/wp\/v2\/comments?post=1416"}],"version-history":[{"count":3,"href":"https:\/\/www.gestoresalicante.org\/blog\/index.php\/wp-json\/wp\/v2\/posts\/1416\/revisions"}],"predecessor-version":[{"id":1422,"href":"https:\/\/www.gestoresalicante.org\/blog\/index.php\/wp-json\/wp\/v2\/posts\/1416\/revisions\/1422"}],"wp:attachment":[{"href":"https:\/\/www.gestoresalicante.org\/blog\/index.php\/wp-json\/wp\/v2\/media?parent=1416"}],"wp:term":[{"taxonomy":"category","embeddable":true,"href":"https:\/\/www.gestoresalicante.org\/blog\/index.php\/wp-json\/wp\/v2\/categories?post=1416"},{"taxonomy":"post_tag","embeddable":true,"href":"https:\/\/www.gestoresalicante.org\/blog\/index.php\/wp-json\/wp\/v2\/tags?post=1416"}],"curies":[{"name":"wp","href":"https:\/\/api.w.org\/{rel}","templated":true}]}}