{"id":144,"date":"2012-12-15T16:37:27","date_gmt":"2012-12-15T15:37:27","guid":{"rendered":"http:\/\/www.gestoresalicante.org\/blog\/index.php\/2012\/12\/15\/resumen-15-12-2012\/"},"modified":"2012-12-27T16:41:47","modified_gmt":"2012-12-27T15:41:47","slug":"resumen-15-12-2012","status":"publish","type":"post","link":"https:\/\/www.gestoresalicante.org\/blog\/index.php\/2012\/12\/15\/resumen-15-12-2012\/","title":{"rendered":"Resumen de Prensa 15-12-2012"},"content":{"rendered":"<div class=\"nboletin\">\n<table width=\"90%\" cellpadding=\"4\">\n<tbody>\n<tr>\n<td colspan=\"3\">\n<div style=\"background-color: #cccccc; padding: 4px 10px 4px 10px; width: 100%; border: 1px #414141 solid;\"><img loading=\"lazy\" decoding=\"async\" src=\"http:\/\/www.gestoresalicante.org\/img\/newsletter\/conges.jpg\" alt=\"Consejo de Gestores\" width=\"226\" height=\"70\" \/><\/div>\n<\/td>\n<\/tr>\n<tr>\n<td colspan=\"3\" align=\"right\"><strong>15\/12\/2012<br \/>\n<\/strong><\/td>\n<\/tr>\n<tr>\n<td colspan=\"3\"><\/td>\n<\/tr>\n<tr>\n<td class=\"tgrupo\" colspan=\"3\"><img loading=\"lazy\" decoding=\"async\" style=\"margin-right: 4px;\" src=\"http:\/\/www.gestoresalicante.org\/img\/newsletter\/picto.jpg\" alt=\"\" width=\"20\" height=\"18\" align=\"absmiddle\" \/> <strong><\/strong><\/td>\n<\/tr>\n<tr>\n<td class=\"tfecha\">14\/12\/2012<\/td>\n<td class=\"titem\"><a href=\"http:\/\/www.clipmedia.net\/ficheros\/2012\/12_dic\/sq488.pdf\" target=\"_blank\">Los Gestores celebran la jura de nuevos colegiados y entrega de distinciones a los veteranos<\/a><\/td>\n<td class=\"tfuente\" align=\"right\">Murciaeconomia.com<\/td>\n<\/tr>\n<tr>\n<td class=\"tfecha\">15\/12\/2012<\/td>\n<td class=\"titem\"><a href=\"http:\/\/www.clipmedia.net\/ficheros\/2012\/12_dic\/sq491.pdf\" target=\"_blank\">Los nuevos gestores administrativos que ejercer\u00e1n en Galicia tomaron posesi\u00f3n en la sede del colegio<\/a><\/td>\n<td class=\"tfuente\" align=\"right\">La Opini\u00f3n de Coru\u00f1a<\/td>\n<\/tr>\n<tr>\n<td class=\"tfecha\">15\/12\/2012<\/td>\n<td class=\"titem\"><a href=\"http:\/\/www.clipmedia.net\/ficheros\/2012\/12_dic\/sq492.pdf\" target=\"_blank\">En im\u00e1genes &#8211; Bienvenida a los Gestores Administrativos<\/a><\/td>\n<td class=\"tfuente\" align=\"right\">El Ideal Gallego<\/td>\n<\/tr>\n<tr>\n<td class=\"tfecha\">16\/12\/2012<\/td>\n<td class=\"titem\"><a href=\"http:\/\/www.clipmedia.net\/ficheros\/2012\/12_dic\/sq490.pdf\" target=\"_blank\">Convocadas las pruebas de actitud para gestor administrativo<\/a><\/td>\n<td class=\"tfuente\" align=\"right\">ABC &#8211; Empresa<\/td>\n<\/tr>\n<tr>\n<td class=\"tfecha\">17\/12\/2012<\/td>\n<td class=\"titem\"><a href=\"http:\/\/www.clipmedia.net\/ficheros\/2012\/12_dic\/sq489.pdf\" target=\"_blank\">C\u00f3mo cuadrar las cuentas antes de final de a\u00f1o<\/a><\/td>\n<td class=\"tfuente\" align=\"right\">Heraldo de Soria<\/td>\n<\/tr>\n<tr>\n<td colspan=\"3\"><\/td>\n<\/tr>\n<tr>\n<td class=\"tgrupo\" colspan=\"3\"><img loading=\"lazy\" decoding=\"async\" style=\"margin-right: 4px;\" src=\"http:\/\/www.gestoresalicante.org\/img\/newsletter\/picto.jpg\" alt=\"\" width=\"20\" height=\"18\" align=\"absmiddle\" \/> <strong>Sector Fiscal<\/strong><\/td>\n<\/tr>\n<tr>\n<td class=\"tfecha\">15\/12\/2012<\/td>\n<td class=\"titem\"><a href=\"http:\/\/www.clipmedia.net\/ficheros\/2012\/12_dic\/bz030.pdf\" target=\"_blank\">El Gobierno tiene cada vez menos posibilidades de subir la tributaci\u00f3n<\/a><\/td>\n<td class=\"tfuente\" align=\"right\">El Economista<\/td>\n<\/tr>\n<tr>\n<td class=\"tfecha\">15\/12\/2012<\/td>\n<td class=\"titem\"><a href=\"http:\/\/www.clipmedia.net\/ficheros\/2012\/12_dic\/bz024.pdf\" target=\"_blank\">Javier Cremades, candidato a decano del ICAM: &#8216;Con las tasas, los consumidores no podr\u00e1n reclamar&#8217;<\/a><\/td>\n<td class=\"tfuente\" align=\"right\">El Economista<\/td>\n<\/tr>\n<tr>\n<td class=\"tfecha\">15\/12\/2012<\/td>\n<td class=\"titem\"><a href=\"http:\/\/www.clipmedia.net\/ficheros\/2012\/12_dic\/bz007.pdf\" target=\"_blank\">Ofensiva de Rajoy contra el euro por receta y las tasas judiciales<\/a><\/td>\n<td class=\"tfuente\" align=\"right\">El Peri\u00f3dico de Catalunya<\/td>\n<\/tr>\n<tr>\n<td class=\"tfecha\">16\/12\/2012<\/td>\n<td class=\"titem\"><a href=\"http:\/\/www.clipmedia.net\/ficheros\/2012\/12_dic\/mm002.pdf\" target=\"_blank\">La lista de Montoro<\/a><\/td>\n<td class=\"tfuente\" align=\"right\">El Peri\u00f3dico de Catalunya<\/td>\n<\/tr>\n<tr>\n<td class=\"tfecha\">16\/12\/2012<\/td>\n<td class=\"titem\"><a href=\"http:\/\/www.clipmedia.net\/ficheros\/2012\/12_dic\/mm009.pdf\" target=\"_blank\">Justicia empezar\u00e1 a cobrar ma\u00f1ana las nuevas tasas<\/a><\/td>\n<td class=\"tfuente\" align=\"right\">El Pa\u00eds<\/td>\n<\/tr>\n<tr>\n<td class=\"tfecha\">16\/12\/2012<\/td>\n<td class=\"titem\"><a href=\"http:\/\/www.clipmedia.net\/ficheros\/2012\/12_dic\/mm012.pdf\" target=\"_blank\">El euro por receta aport\u00f3 40,2 millones a Catalu\u00f1a desde junio<\/a><\/td>\n<td class=\"tfuente\" align=\"right\">El Mundo<\/td>\n<\/tr>\n<tr>\n<td class=\"tfecha\">16\/12\/2012<\/td>\n<td class=\"titem\"><a href=\"http:\/\/www.clipmedia.net\/ficheros\/2012\/12_dic\/bz043.pdf\" target=\"_blank\">Hacienda calcula el corte para cerrar la lista de defraudadores<\/a><\/td>\n<td class=\"tfuente\" align=\"right\">La Raz\u00f3n<\/td>\n<\/tr>\n<tr>\n<td class=\"tfecha\">17\/12\/2012<\/td>\n<td class=\"titem\"><a href=\"http:\/\/www.clipmedia.net\/ficheros\/2012\/12_dic\/sq427.pdf\" target=\"_blank\">Las marcas blancas de tabaco entran con fuerza en Espa\u00f1a de forma ilegal<\/a><\/td>\n<td class=\"tfuente\" align=\"right\">El Economista<\/td>\n<\/tr>\n<tr>\n<td class=\"tfecha\">17\/12\/2012<\/td>\n<td class=\"titem\"><a href=\"http:\/\/www.clipmedia.net\/ficheros\/2012\/12_dic\/sq455.pdf\" target=\"_blank\">Un Poder Judicial m\u00e1s barato y aut\u00f3nomo<\/a><\/td>\n<td class=\"tfuente\" align=\"right\">El Pa\u00eds<\/td>\n<\/tr>\n<tr>\n<td class=\"tfecha\">17\/12\/2012<\/td>\n<td class=\"titem\"><a href=\"http:\/\/www.clipmedia.net\/ficheros\/2012\/12_dic\/sq486.pdf\" target=\"_blank\">Las autonom\u00edas se apuntan al centimazo sanitario<\/a><\/td>\n<td class=\"tfuente\" align=\"right\">El Economista &#8211; Suplementos<\/td>\n<\/tr>\n<tr>\n<td class=\"tfecha\">17\/12\/2012<\/td>\n<td class=\"titem\"><a href=\"http:\/\/www.clipmedia.net\/ficheros\/2012\/12_dic\/sq495.pdf\" target=\"_blank\">Los alcaldes cobran hasta un 40% de m\u00e1s en la plusval\u00eda municipal por un c\u00e1lculo err\u00f3neo<\/a><\/td>\n<td class=\"tfuente\" align=\"right\">Expansi\u00f3n<\/td>\n<\/tr>\n<tr>\n<td class=\"tfecha\">17\/12\/2012<\/td>\n<td class=\"titem\"><a href=\"http:\/\/www.clipmedia.net\/ficheros\/2012\/12_dic\/sq501.pdf\" target=\"_blank\">Rita Barber\u00e1 liberaliza los horarios de todo el gran comercio de Valencia<\/a><\/td>\n<td class=\"tfuente\" align=\"right\">El Economista<\/td>\n<\/tr>\n<tr>\n<td colspan=\"3\"><\/td>\n<\/tr>\n<tr>\n<td class=\"tgrupo\" colspan=\"3\"><img loading=\"lazy\" decoding=\"async\" style=\"margin-right: 4px;\" src=\"http:\/\/www.gestoresalicante.org\/img\/newsletter\/picto.jpg\" alt=\"\" width=\"20\" height=\"18\" align=\"absmiddle\" \/> <strong>Sector Veh\u00edculos<\/strong><\/td>\n<\/tr>\n<tr>\n<td class=\"tfecha\">15\/12\/2012<\/td>\n<td class=\"titem\"><a href=\"http:\/\/www.clipmedia.net\/ficheros\/2012\/12_dic\/mm013.pdf\" target=\"_blank\">Las ventas de coches caen un 10% en la Uni\u00f3n Europea<\/a><\/td>\n<td class=\"tfuente\" align=\"right\">Expansi\u00f3n<\/td>\n<\/tr>\n<tr>\n<td class=\"tfecha\">17\/12\/2012<\/td>\n<td class=\"titem\"><a href=\"http:\/\/www.clipmedia.net\/ficheros\/2012\/12_dic\/sq472.pdf\" target=\"_blank\">Espa\u00f1a e Italia lastran las ventas europeas de coches hasta noviembre<\/a><\/td>\n<td class=\"tfuente\" align=\"right\">Cinco D\u00edas<\/td>\n<\/tr>\n<tr>\n<td colspan=\"3\"><\/td>\n<\/tr>\n<tr>\n<td class=\"tgrupo\" colspan=\"3\"><img loading=\"lazy\" decoding=\"async\" style=\"margin-right: 4px;\" src=\"http:\/\/www.gestoresalicante.org\/img\/newsletter\/picto.jpg\" alt=\"\" width=\"20\" height=\"18\" align=\"absmiddle\" \/> <strong>Ventana Telem\u00e1tica<\/strong><\/td>\n<\/tr>\n<tr>\n<td colspan=\"3\">(No hay registros)<\/td>\n<\/tr>\n<tr>\n<td colspan=\"3\"><\/td>\n<\/tr>\n<tr>\n<td class=\"tgrupo\" colspan=\"3\"><img loading=\"lazy\" decoding=\"async\" style=\"margin-right: 4px;\" src=\"http:\/\/www.gestoresalicante.org\/img\/newsletter\/picto.jpg\" alt=\"\" width=\"20\" height=\"18\" align=\"absmiddle\" \/> <strong>Sector de la formaci\u00f3n<\/strong><\/td>\n<\/tr>\n<tr>\n<td class=\"tfecha\">16\/12\/2012<\/td>\n<td class=\"titem\"><a href=\"http:\/\/www.clipmedia.net\/ficheros\/2012\/12_dic\/mm007.pdf\" target=\"_blank\">\u00bfTenemos buenas universidades?<\/a><\/td>\n<td class=\"tfuente\" align=\"right\">La Vanguardia<\/td>\n<\/tr>\n<tr>\n<td class=\"tfecha\">15\/12\/2012<\/td>\n<td class=\"titem\"><a href=\"http:\/\/www.clipmedia.net\/ficheros\/2012\/12_dic\/bz009.pdf\" target=\"_blank\">Las universidades catalanas optan por mantener una selectividad tras la rev\u00e1lida<\/a><\/td>\n<td class=\"tfuente\" align=\"right\">La Vanguardia<\/td>\n<\/tr>\n<tr>\n<td class=\"tfecha\">17\/12\/2012<\/td>\n<td class=\"titem\"><a href=\"http:\/\/www.clipmedia.net\/ficheros\/2012\/12_dic\/sq454.pdf\" target=\"_blank\">Justicia habilitar\u00e1 a &#8216;jueces becarios&#8217; con funciones de titular pero menos sueldo<\/a><\/td>\n<td class=\"tfuente\" align=\"right\">El Pa\u00eds<\/td>\n<\/tr>\n<tr>\n<td class=\"tfecha\">17\/12\/2012<\/td>\n<td class=\"titem\"><a href=\"http:\/\/www.clipmedia.net\/ficheros\/2012\/12_dic\/sq499.pdf\" target=\"_blank\">La poblaci\u00f3n adulta que estudia aumenta dos millones desde 2007<\/a><\/td>\n<td class=\"tfuente\" align=\"right\">El Pa\u00eds<\/td>\n<\/tr>\n<tr>\n<td colspan=\"3\"><\/td>\n<\/tr>\n<tr>\n<td class=\"tgrupo\" colspan=\"3\"><img loading=\"lazy\" decoding=\"async\" style=\"margin-right: 4px;\" src=\"http:\/\/www.gestoresalicante.org\/img\/newsletter\/picto.jpg\" alt=\"\" width=\"20\" height=\"18\" align=\"absmiddle\" \/> <strong>Sector Laboral<\/strong><\/td>\n<\/tr>\n<tr>\n<td class=\"tfecha\">16\/12\/2012<\/td>\n<td class=\"titem\"><a href=\"http:\/\/www.clipmedia.net\/ficheros\/2012\/12_dic\/mm010.pdf\" target=\"_blank\">&#8216;Las pagas no son una propina, son parte del salario&#8217;, denuncia la alcaldesa de Malgrat<\/a><\/td>\n<td class=\"tfuente\" align=\"right\">El Pa\u00eds<\/td>\n<\/tr>\n<tr>\n<td class=\"tfecha\">16\/12\/2012<\/td>\n<td class=\"titem\"><a href=\"http:\/\/www.clipmedia.net\/ficheros\/2012\/12_dic\/mm011.pdf\" target=\"_blank\">El Pa\u00eds y Monster unen sus fuerzas en el mercado de b\u00fasqueda de empleo<\/a><\/td>\n<td class=\"tfuente\" align=\"right\">El Pa\u00eds<\/td>\n<\/tr>\n<tr>\n<td class=\"tfecha\">16\/12\/2012<\/td>\n<td class=\"titem\"><a href=\"http:\/\/www.clipmedia.net\/ficheros\/2012\/12_dic\/bz041.pdf\" target=\"_blank\">Cuenta atr\u00e1s para jubilarse a los 67<\/a><\/td>\n<td class=\"tfuente\" align=\"right\">ABC<\/td>\n<\/tr>\n<tr>\n<td class=\"tfecha\">15\/12\/2012<\/td>\n<td class=\"titem\"><a href=\"http:\/\/www.clipmedia.net\/ficheros\/2012\/12_dic\/bz029.pdf\" target=\"_blank\">Las cuentas de la Seguridad Social, en rojo durante 2013<\/a><\/td>\n<td class=\"tfuente\" align=\"right\">El Economista<\/td>\n<\/tr>\n<tr>\n<td class=\"tfecha\">17\/12\/2012<\/td>\n<td class=\"titem\"><a href=\"http:\/\/www.clipmedia.net\/ficheros\/2012\/12_dic\/sq431.pdf\" target=\"_blank\">La Navidad no anima la contrataci\u00f3n, que se estanca en niveles de 2011<\/a><\/td>\n<td class=\"tfuente\" align=\"right\">El Economista<\/td>\n<\/tr>\n<tr>\n<td class=\"tfecha\">17\/12\/2012<\/td>\n<td class=\"titem\"><a href=\"http:\/\/www.clipmedia.net\/ficheros\/2012\/12_dic\/sq432.pdf\" target=\"_blank\">La proliferaci\u00f3n de &#8216;minijobs&#8217; destruye puestos de trabajo regulares en Alemania<\/a><\/td>\n<td class=\"tfuente\" align=\"right\">El Economista<\/td>\n<\/tr>\n<tr>\n<td class=\"tfecha\">17\/12\/2012<\/td>\n<td class=\"titem\"><a href=\"http:\/\/www.clipmedia.net\/ficheros\/2012\/12_dic\/sq493.pdf\" target=\"_blank\">S\u00fabete a la ola del milagro brasile\u00f1o<\/a><\/td>\n<td class=\"tfuente\" align=\"right\">Expansi\u00f3n<\/td>\n<\/tr>\n<tr>\n<td class=\"tfecha\">17\/12\/2012<\/td>\n<td class=\"titem\"><a href=\"http:\/\/www.clipmedia.net\/ficheros\/2012\/12_dic\/sq456.pdf\" target=\"_blank\">Los ERE colectivos solo afectan al 12% de los despidos pese a la reforma<\/a><\/td>\n<td class=\"tfuente\" align=\"right\">El Pa\u00eds<\/td>\n<\/tr>\n<tr>\n<td class=\"tfecha\">17\/12\/2012<\/td>\n<td class=\"titem\"><a href=\"http:\/\/www.clipmedia.net\/ficheros\/2012\/12_dic\/sq497.pdf\" target=\"_blank\">M\u00e9xico recibe a los nuevos &#8216;gachupines&#8217;<\/a><\/td>\n<td class=\"tfuente\" align=\"right\">El Pa\u00eds<\/td>\n<\/tr>\n<tr>\n<td class=\"tfecha\">17\/12\/2012<\/td>\n<td class=\"titem\"><a href=\"http:\/\/www.clipmedia.net\/ficheros\/2012\/12_dic\/sq500.pdf\" target=\"_blank\">Jueces y sindicatos alertan del drama que implicar\u00e1 quedar sin convenios<\/a><\/td>\n<td class=\"tfuente\" align=\"right\">El Economista<\/td>\n<\/tr>\n<tr>\n<td class=\"tfecha\">17\/12\/2012<\/td>\n<td class=\"titem\"><a href=\"http:\/\/www.clipmedia.net\/ficheros\/2012\/12_dic\/sq466.pdf\" target=\"_blank\">Uno de cada cinco espa\u00f1oles cree que perder\u00e1 el empleo en 6 meses<\/a><\/td>\n<td class=\"tfuente\" align=\"right\">El Mundo<\/td>\n<\/tr>\n<tr>\n<td class=\"tfecha\">17\/12\/2012<\/td>\n<td class=\"titem\"><a href=\"http:\/\/www.clipmedia.net\/ficheros\/2012\/12_dic\/sq462.pdf\" target=\"_blank\">La UE y Espa\u00f1a endurecen las normas de transparencia para las empresas<\/a><\/td>\n<td class=\"tfuente\" align=\"right\">Expansi\u00f3n<\/td>\n<\/tr>\n<tr>\n<td class=\"tfecha\">17\/12\/2012<\/td>\n<td class=\"titem\"><a href=\"http:\/\/www.clipmedia.net\/ficheros\/2012\/12_dic\/sq426.pdf\" target=\"_blank\">Las el\u00e9ctricas suprimen 670 empleos en Espa\u00f1a desde principios de a\u00f1o<\/a><\/td>\n<td class=\"tfuente\" align=\"right\">El Economista<\/td>\n<\/tr>\n<tr>\n<td colspan=\"3\"><\/td>\n<\/tr>\n<tr>\n<td class=\"tgrupo\" colspan=\"3\"><img loading=\"lazy\" decoding=\"async\" style=\"margin-right: 4px;\" src=\"http:\/\/www.gestoresalicante.org\/img\/newsletter\/picto.jpg\" alt=\"\" width=\"20\" height=\"18\" align=\"absmiddle\" \/> <strong>Sector inmobiliario<\/strong><\/td>\n<\/tr>\n<tr>\n<td class=\"tfecha\">15\/12\/2012<\/td>\n<td class=\"titem\"><a href=\"http:\/\/www.clipmedia.net\/ficheros\/2012\/12_dic\/bz025.pdf\" target=\"_blank\">El precio de la vivienda sufre su mayor ca\u00edda desde 2007<\/a><\/td>\n<td class=\"tfuente\" align=\"right\">El Economista<\/td>\n<\/tr>\n<tr>\n<td class=\"tfecha\">15\/12\/2012<\/td>\n<td class=\"titem\"><a href=\"http:\/\/www.clipmedia.net\/ficheros\/2012\/12_dic\/bz010.pdf\" target=\"_blank\">Caixa Bank cede diez pisos para alquiler social en Matar\u00f3<\/a><\/td>\n<td class=\"tfuente\" align=\"right\">La Vanguardia<\/td>\n<\/tr>\n<tr>\n<td class=\"tfecha\">17\/12\/2012<\/td>\n<td class=\"titem\"><a href=\"http:\/\/www.clipmedia.net\/ficheros\/2012\/12_dic\/sq494.pdf\" target=\"_blank\">Los inversores temen el poder de Sareb en las inmobiliarias<\/a><\/td>\n<td class=\"tfuente\" align=\"right\">Expansi\u00f3n<\/td>\n<\/tr>\n<tr>\n<td class=\"tfecha\">17\/12\/2012<\/td>\n<td class=\"titem\"><a href=\"http:\/\/www.clipmedia.net\/ficheros\/2012\/12_dic\/sq496.pdf\" target=\"_blank\">La crisis sit\u00faa el alquiler de pisos por delante de la compra en BCN<\/a><\/td>\n<td class=\"tfuente\" align=\"right\">El Peri\u00f3dico de Catalunya<\/td>\n<\/tr>\n<tr>\n<td class=\"tfecha\">17\/12\/2012<\/td>\n<td class=\"titem\"><a href=\"http:\/\/www.clipmedia.net\/ficheros\/2012\/12_dic\/sq470.pdf\" target=\"_blank\">La actividad de la construcci\u00f3n seguir\u00e1 cayendo en Espa\u00f1a hasta 2015<\/a><\/td>\n<td class=\"tfuente\" align=\"right\">Cinco D\u00edas<\/td>\n<\/tr>\n<tr>\n<td class=\"tfecha\">17\/12\/2012<\/td>\n<td class=\"titem\"><a href=\"http:\/\/www.clipmedia.net\/ficheros\/2012\/12_dic\/sq467.pdf\" target=\"_blank\">El Sabadell liquida la &#8216;zona cero del ladrillo&#8217;<\/a><\/td>\n<td class=\"tfuente\" align=\"right\">El Mundo<\/td>\n<\/tr>\n<tr>\n<td colspan=\"3\"><\/td>\n<\/tr>\n<tr>\n<td class=\"tgrupo\" colspan=\"3\"><img loading=\"lazy\" decoding=\"async\" style=\"margin-right: 4px;\" src=\"http:\/\/www.gestoresalicante.org\/img\/newsletter\/picto.jpg\" alt=\"\" width=\"20\" height=\"18\" align=\"absmiddle\" \/> <strong>B.O.E<\/strong><\/td>\n<\/tr>\n<tr>\n<td colspan=\"3\">(No hay registros)<\/td>\n<\/tr>\n<\/tbody>\n<\/table>\n<\/div>\n","protected":false},"excerpt":{"rendered":"<p>15\/12\/2012 14\/12\/2012 Los Gestores celebran la jura de nuevos colegiados y entrega de distinciones a los veteranos Murciaeconomia.com 15\/12\/2012 Los nuevos gestores administrativos que ejercer\u00e1n en Galicia tomaron posesi\u00f3n en la sede del colegio La Opini\u00f3n de Coru\u00f1a 15\/12\/2012 En &hellip; <a href=\"https:\/\/www.gestoresalicante.org\/blog\/index.php\/2012\/12\/15\/resumen-15-12-2012\/\">Sigue leyendo <span class=\"meta-nav\">&rarr;<\/span><\/a><\/p>\n","protected":false},"author":4,"featured_media":0,"comment_status":"closed","ping_status":"closed","sticky":false,"template":"","format":"standard","meta":{"footnotes":""},"categories":[6],"tags":[],"class_list":["post-144","post","type-post","status-publish","format-standard","hentry","category-resumendeprensa"],"_links":{"self":[{"href":"https:\/\/www.gestoresalicante.org\/blog\/index.php\/wp-json\/wp\/v2\/posts\/144","targetHints":{"allow":["GET"]}}],"collection":[{"href":"https:\/\/www.gestoresalicante.org\/blog\/index.php\/wp-json\/wp\/v2\/posts"}],"about":[{"href":"https:\/\/www.gestoresalicante.org\/blog\/index.php\/wp-json\/wp\/v2\/types\/post"}],"author":[{"embeddable":true,"href":"https:\/\/www.gestoresalicante.org\/blog\/index.php\/wp-json\/wp\/v2\/users\/4"}],"replies":[{"embeddable":true,"href":"https:\/\/www.gestoresalicante.org\/blog\/index.php\/wp-json\/wp\/v2\/comments?post=144"}],"version-history":[{"count":3,"href":"https:\/\/www.gestoresalicante.org\/blog\/index.php\/wp-json\/wp\/v2\/posts\/144\/revisions"}],"predecessor-version":[{"id":147,"href":"https:\/\/www.gestoresalicante.org\/blog\/index.php\/wp-json\/wp\/v2\/posts\/144\/revisions\/147"}],"wp:attachment":[{"href":"https:\/\/www.gestoresalicante.org\/blog\/index.php\/wp-json\/wp\/v2\/media?parent=144"}],"wp:term":[{"taxonomy":"category","embeddable":true,"href":"https:\/\/www.gestoresalicante.org\/blog\/index.php\/wp-json\/wp\/v2\/categories?post=144"},{"taxonomy":"post_tag","embeddable":true,"href":"https:\/\/www.gestoresalicante.org\/blog\/index.php\/wp-json\/wp\/v2\/tags?post=144"}],"curies":[{"name":"wp","href":"https:\/\/api.w.org\/{rel}","templated":true}]}}