{"id":1475,"date":"2021-11-18T10:46:48","date_gmt":"2021-11-18T09:46:48","guid":{"rendered":"https:\/\/www.gestoresalicante.org\/blog\/?p=1475"},"modified":"2021-11-18T10:47:04","modified_gmt":"2021-11-18T09:47:04","slug":"fco-javier-serrano-trigo-nuevo-miembro-del-consejo-autonomico-valenciano","status":"publish","type":"post","link":"https:\/\/www.gestoresalicante.org\/blog\/index.php\/2021\/11\/18\/fco-javier-serrano-trigo-nuevo-miembro-del-consejo-autonomico-valenciano\/","title":{"rendered":"Fco. Javier Serrano Trigo nuevo miembro del Consejo Auton\u00f3mico Valenciano"},"content":{"rendered":"\n<p>Alicante, mi\u00e9rcoles 17 de noviembre de 2021, se re\u00fane la Junta de Gobierno del Ilmo. Consejo Auton\u00f3mico de Colegios Oficiales de Gestores Administrativos de la Comunidad Valenciana, mediante videoconferencia, entre otros, tuvo lugar la toma de posesi\u00f3n y jura del cargo como nuevo miembro del Consejo Auton\u00f3mico Valenciano del colegiado D. F\u00ba Javier Serrano Trigo, Vicesecretario del Colegio de Gestores de Alicante.<\/p>\n\n\n\n<div class=\"wp-block-group\"><div class=\"wp-block-group__inner-container is-layout-flow wp-block-group-is-layout-flow\">\n<div class=\"wp-block-columns is-layout-flex wp-container-core-columns-is-layout-1 wp-block-columns-is-layout-flex\">\n<div class=\"wp-block-column is-layout-flow wp-block-column-is-layout-flow\" style=\"flex-basis:100%\">\n<div class=\"wp-block-image\"><figure class=\"alignleft size-large\"><a href=\"https:\/\/www.gestoresalicante.org\/blog\/wp-content\/uploads\/2021\/11\/WhatsApp-Image-2021-11-18-at-9.58.49-AM-1.jpeg\"><img loading=\"lazy\" decoding=\"async\" width=\"768\" height=\"1024\" src=\"https:\/\/www.gestoresalicante.org\/blog\/wp-content\/uploads\/2021\/11\/WhatsApp-Image-2021-11-18-at-9.58.49-AM-1.jpeg\" alt=\"\" class=\"wp-image-1476\" srcset=\"https:\/\/www.gestoresalicante.org\/blog\/wp-content\/uploads\/2021\/11\/WhatsApp-Image-2021-11-18-at-9.58.49-AM-1.jpeg 768w, https:\/\/www.gestoresalicante.org\/blog\/wp-content\/uploads\/2021\/11\/WhatsApp-Image-2021-11-18-at-9.58.49-AM-1-225x300.jpeg 225w\" sizes=\"auto, (max-width: 768px) 100vw, 768px\" \/><\/a><figcaption>D. F\u00ba Javier Serrano Trigo, Vicesecretario del Colegio de Gestores de Alicante.<\/figcaption><\/figure><\/div>\n<\/div>\n<\/div>\n<\/div><\/div>\n\n\n\n<figure class=\"wp-block-image size-large\"><a href=\"https:\/\/www.gestoresalicante.org\/blog\/wp-content\/uploads\/2021\/11\/WhatsApp-Image-2021-11-18-at-9.58.49-AM.jpeg\"><img loading=\"lazy\" decoding=\"async\" width=\"1024\" height=\"768\" src=\"https:\/\/www.gestoresalicante.org\/blog\/wp-content\/uploads\/2021\/11\/WhatsApp-Image-2021-11-18-at-9.58.49-AM-1024x768.jpeg\" alt=\"\" class=\"wp-image-1477\" srcset=\"https:\/\/www.gestoresalicante.org\/blog\/wp-content\/uploads\/2021\/11\/WhatsApp-Image-2021-11-18-at-9.58.49-AM-1024x768.jpeg 1024w, https:\/\/www.gestoresalicante.org\/blog\/wp-content\/uploads\/2021\/11\/WhatsApp-Image-2021-11-18-at-9.58.49-AM-300x225.jpeg 300w, https:\/\/www.gestoresalicante.org\/blog\/wp-content\/uploads\/2021\/11\/WhatsApp-Image-2021-11-18-at-9.58.49-AM-768x576.jpeg 768w, https:\/\/www.gestoresalicante.org\/blog\/wp-content\/uploads\/2021\/11\/WhatsApp-Image-2021-11-18-at-9.58.49-AM-1536x1152.jpeg 1536w, https:\/\/www.gestoresalicante.org\/blog\/wp-content\/uploads\/2021\/11\/WhatsApp-Image-2021-11-18-at-9.58.49-AM-400x300.jpeg 400w, https:\/\/www.gestoresalicante.org\/blog\/wp-content\/uploads\/2021\/11\/WhatsApp-Image-2021-11-18-at-9.58.49-AM.jpeg 1600w\" sizes=\"auto, (max-width: 1024px) 100vw, 1024px\" \/><\/a><\/figure>\n\n\n\n<p><\/p>\n","protected":false},"excerpt":{"rendered":"<p>Alicante, mi\u00e9rcoles 17 de noviembre de 2021, se re\u00fane la Junta de Gobierno del Ilmo. Consejo Auton\u00f3mico de Colegios Oficiales de Gestores Administrativos de la Comunidad Valenciana, mediante videoconferencia, entre otros, tuvo lugar la toma de posesi\u00f3n y jura del &hellip; <a href=\"https:\/\/www.gestoresalicante.org\/blog\/index.php\/2021\/11\/18\/fco-javier-serrano-trigo-nuevo-miembro-del-consejo-autonomico-valenciano\/\">Sigue leyendo <span class=\"meta-nav\">&rarr;<\/span><\/a><\/p>\n","protected":false},"author":4,"featured_media":0,"comment_status":"closed","ping_status":"closed","sticky":false,"template":"","format":"standard","meta":{"footnotes":""},"categories":[3],"tags":[],"class_list":["post-1475","post","type-post","status-publish","format-standard","hentry","category-noticias-de-interes"],"_links":{"self":[{"href":"https:\/\/www.gestoresalicante.org\/blog\/index.php\/wp-json\/wp\/v2\/posts\/1475","targetHints":{"allow":["GET"]}}],"collection":[{"href":"https:\/\/www.gestoresalicante.org\/blog\/index.php\/wp-json\/wp\/v2\/posts"}],"about":[{"href":"https:\/\/www.gestoresalicante.org\/blog\/index.php\/wp-json\/wp\/v2\/types\/post"}],"author":[{"embeddable":true,"href":"https:\/\/www.gestoresalicante.org\/blog\/index.php\/wp-json\/wp\/v2\/users\/4"}],"replies":[{"embeddable":true,"href":"https:\/\/www.gestoresalicante.org\/blog\/index.php\/wp-json\/wp\/v2\/comments?post=1475"}],"version-history":[{"count":1,"href":"https:\/\/www.gestoresalicante.org\/blog\/index.php\/wp-json\/wp\/v2\/posts\/1475\/revisions"}],"predecessor-version":[{"id":1478,"href":"https:\/\/www.gestoresalicante.org\/blog\/index.php\/wp-json\/wp\/v2\/posts\/1475\/revisions\/1478"}],"wp:attachment":[{"href":"https:\/\/www.gestoresalicante.org\/blog\/index.php\/wp-json\/wp\/v2\/media?parent=1475"}],"wp:term":[{"taxonomy":"category","embeddable":true,"href":"https:\/\/www.gestoresalicante.org\/blog\/index.php\/wp-json\/wp\/v2\/categories?post=1475"},{"taxonomy":"post_tag","embeddable":true,"href":"https:\/\/www.gestoresalicante.org\/blog\/index.php\/wp-json\/wp\/v2\/tags?post=1475"}],"curies":[{"name":"wp","href":"https:\/\/api.w.org\/{rel}","templated":true}]}}