{"id":1496,"date":"2022-03-07T10:42:38","date_gmt":"2022-03-07T09:42:38","guid":{"rendered":"https:\/\/www.gestoresalicante.org\/blog\/?p=1496"},"modified":"2022-03-07T10:42:38","modified_gmt":"2022-03-07T09:42:38","slug":"ga-y-red-es-con-el-kit-digital","status":"publish","type":"post","link":"https:\/\/www.gestoresalicante.org\/blog\/index.php\/2022\/03\/07\/ga-y-red-es-con-el-kit-digital\/","title":{"rendered":"GA y Red.es con el Kit Digital"},"content":{"rendered":"\n<p>La firma del convenio permitir\u00e1 gestionar las ayudas para apoyar a las pymes y aut\u00f3nomos en los tr\u00e1mites administrativos de los fondos europeos de recuperaci\u00f3n Next Generation EU.<\/p>\n\n\n\n<figure class=\"wp-block-image size-large\"><a href=\"https:\/\/www.gestoresalicante.org\/blog\/wp-content\/uploads\/2022\/03\/Captura-de-pantalla-2022-03-07-103519.png\"><img loading=\"lazy\" decoding=\"async\" width=\"603\" height=\"315\" src=\"https:\/\/www.gestoresalicante.org\/blog\/wp-content\/uploads\/2022\/03\/Captura-de-pantalla-2022-03-07-103519.png\" alt=\"\" class=\"wp-image-1497\" srcset=\"https:\/\/www.gestoresalicante.org\/blog\/wp-content\/uploads\/2022\/03\/Captura-de-pantalla-2022-03-07-103519.png 603w, https:\/\/www.gestoresalicante.org\/blog\/wp-content\/uploads\/2022\/03\/Captura-de-pantalla-2022-03-07-103519-300x157.png 300w, https:\/\/www.gestoresalicante.org\/blog\/wp-content\/uploads\/2022\/03\/Captura-de-pantalla-2022-03-07-103519-500x261.png 500w\" sizes=\"auto, (max-width: 603px) 100vw, 603px\" \/><\/a><\/figure>\n\n\n\n<figure class=\"wp-block-image size-large\"><a href=\"https:\/\/www.consejogestores.org\/noticias\/convenio-kit-digital\/\"><img loading=\"lazy\" decoding=\"async\" width=\"1024\" height=\"683\" src=\"https:\/\/www.gestoresalicante.org\/blog\/wp-content\/uploads\/2022\/03\/Kit-digital-1024x683.jpg\" alt=\"\" class=\"wp-image-1498\" srcset=\"https:\/\/www.gestoresalicante.org\/blog\/wp-content\/uploads\/2022\/03\/Kit-digital-1024x683.jpg 1024w, https:\/\/www.gestoresalicante.org\/blog\/wp-content\/uploads\/2022\/03\/Kit-digital-300x200.jpg 300w, https:\/\/www.gestoresalicante.org\/blog\/wp-content\/uploads\/2022\/03\/Kit-digital-768x512.jpg 768w, https:\/\/www.gestoresalicante.org\/blog\/wp-content\/uploads\/2022\/03\/Kit-digital-1536x1024.jpg 1536w, https:\/\/www.gestoresalicante.org\/blog\/wp-content\/uploads\/2022\/03\/Kit-digital-450x300.jpg 450w, https:\/\/www.gestoresalicante.org\/blog\/wp-content\/uploads\/2022\/03\/Kit-digital.jpg 2048w\" sizes=\"auto, (max-width: 1024px) 100vw, 1024px\" \/><\/a><figcaption>https:\/\/www.consejogestores.org\/noticias\/convenio-kit-digital\/<\/figcaption><\/figure>\n\n\n\n<p><a href=\"https:\/\/www.consejogestores.org\/noticias\/convenio-kit-digital\/\">Ver la noticia en el blog del Consejo General<\/a><\/p>\n","protected":false},"excerpt":{"rendered":"<p>La firma del convenio permitir\u00e1 gestionar las ayudas para apoyar a las pymes y aut\u00f3nomos en los tr\u00e1mites administrativos de los fondos europeos de recuperaci\u00f3n Next Generation EU. Ver la noticia en el blog del Consejo General<\/p>\n","protected":false},"author":4,"featured_media":0,"comment_status":"closed","ping_status":"closed","sticky":false,"template":"","format":"standard","meta":{"footnotes":""},"categories":[3],"tags":[],"class_list":["post-1496","post","type-post","status-publish","format-standard","hentry","category-noticias-de-interes"],"_links":{"self":[{"href":"https:\/\/www.gestoresalicante.org\/blog\/index.php\/wp-json\/wp\/v2\/posts\/1496","targetHints":{"allow":["GET"]}}],"collection":[{"href":"https:\/\/www.gestoresalicante.org\/blog\/index.php\/wp-json\/wp\/v2\/posts"}],"about":[{"href":"https:\/\/www.gestoresalicante.org\/blog\/index.php\/wp-json\/wp\/v2\/types\/post"}],"author":[{"embeddable":true,"href":"https:\/\/www.gestoresalicante.org\/blog\/index.php\/wp-json\/wp\/v2\/users\/4"}],"replies":[{"embeddable":true,"href":"https:\/\/www.gestoresalicante.org\/blog\/index.php\/wp-json\/wp\/v2\/comments?post=1496"}],"version-history":[{"count":1,"href":"https:\/\/www.gestoresalicante.org\/blog\/index.php\/wp-json\/wp\/v2\/posts\/1496\/revisions"}],"predecessor-version":[{"id":1499,"href":"https:\/\/www.gestoresalicante.org\/blog\/index.php\/wp-json\/wp\/v2\/posts\/1496\/revisions\/1499"}],"wp:attachment":[{"href":"https:\/\/www.gestoresalicante.org\/blog\/index.php\/wp-json\/wp\/v2\/media?parent=1496"}],"wp:term":[{"taxonomy":"category","embeddable":true,"href":"https:\/\/www.gestoresalicante.org\/blog\/index.php\/wp-json\/wp\/v2\/categories?post=1496"},{"taxonomy":"post_tag","embeddable":true,"href":"https:\/\/www.gestoresalicante.org\/blog\/index.php\/wp-json\/wp\/v2\/tags?post=1496"}],"curies":[{"name":"wp","href":"https:\/\/api.w.org\/{rel}","templated":true}]}}