{"id":1536,"date":"2022-07-08T13:31:39","date_gmt":"2022-07-08T11:31:39","guid":{"rendered":"https:\/\/www.gestoresalicante.org\/blog\/?p=1536"},"modified":"2022-10-26T14:16:20","modified_gmt":"2022-10-26T12:16:20","slug":"firma-convenio-entre-la-secretaria-de-estado-de-hacienda-direccion-general-del-catastro-y-el-colegio-de-gestores-administrativos-de-alicante","status":"publish","type":"post","link":"https:\/\/www.gestoresalicante.org\/blog\/index.php\/2022\/07\/08\/firma-convenio-entre-la-secretaria-de-estado-de-hacienda-direccion-general-del-catastro-y-el-colegio-de-gestores-administrativos-de-alicante\/","title":{"rendered":"Firma Convenio entre la Secretar\u00eda de Estado de Hacienda (Direcci\u00f3n General del Catastro) y el Colegio de Gestores Administrativos de Alicante"},"content":{"rendered":"\n<p>07 de julio de 2022, se ha procedido a la firma del Convenio de Colaboraci\u00f3n entre la Direcci\u00f3n General del Catastro y el Colegio Oficial de Gestores Administrativos de Alicante, en materia de gesti\u00f3n catastral con relaci\u00f3n a las actuaciones de asistencia a los clientes y presentaci\u00f3n de declaraciones catastrales, con utilizaci\u00f3n de medios electr\u00f3nicos.<\/p>\n","protected":false},"excerpt":{"rendered":"<p>07 de julio de 2022, se ha procedido a la firma del Convenio de Colaboraci\u00f3n entre la Direcci\u00f3n General del Catastro y el Colegio Oficial de Gestores Administrativos de Alicante, en materia de gesti\u00f3n catastral con relaci\u00f3n a las actuaciones &hellip; <a href=\"https:\/\/www.gestoresalicante.org\/blog\/index.php\/2022\/07\/08\/firma-convenio-entre-la-secretaria-de-estado-de-hacienda-direccion-general-del-catastro-y-el-colegio-de-gestores-administrativos-de-alicante\/\">Sigue leyendo <span class=\"meta-nav\">&rarr;<\/span><\/a><\/p>\n","protected":false},"author":4,"featured_media":0,"comment_status":"closed","ping_status":"closed","sticky":false,"template":"","format":"standard","meta":{"footnotes":""},"categories":[3],"tags":[],"class_list":["post-1536","post","type-post","status-publish","format-standard","hentry","category-noticias-de-interes"],"_links":{"self":[{"href":"https:\/\/www.gestoresalicante.org\/blog\/index.php\/wp-json\/wp\/v2\/posts\/1536","targetHints":{"allow":["GET"]}}],"collection":[{"href":"https:\/\/www.gestoresalicante.org\/blog\/index.php\/wp-json\/wp\/v2\/posts"}],"about":[{"href":"https:\/\/www.gestoresalicante.org\/blog\/index.php\/wp-json\/wp\/v2\/types\/post"}],"author":[{"embeddable":true,"href":"https:\/\/www.gestoresalicante.org\/blog\/index.php\/wp-json\/wp\/v2\/users\/4"}],"replies":[{"embeddable":true,"href":"https:\/\/www.gestoresalicante.org\/blog\/index.php\/wp-json\/wp\/v2\/comments?post=1536"}],"version-history":[{"count":1,"href":"https:\/\/www.gestoresalicante.org\/blog\/index.php\/wp-json\/wp\/v2\/posts\/1536\/revisions"}],"predecessor-version":[{"id":1537,"href":"https:\/\/www.gestoresalicante.org\/blog\/index.php\/wp-json\/wp\/v2\/posts\/1536\/revisions\/1537"}],"wp:attachment":[{"href":"https:\/\/www.gestoresalicante.org\/blog\/index.php\/wp-json\/wp\/v2\/media?parent=1536"}],"wp:term":[{"taxonomy":"category","embeddable":true,"href":"https:\/\/www.gestoresalicante.org\/blog\/index.php\/wp-json\/wp\/v2\/categories?post=1536"},{"taxonomy":"post_tag","embeddable":true,"href":"https:\/\/www.gestoresalicante.org\/blog\/index.php\/wp-json\/wp\/v2\/tags?post=1536"}],"curies":[{"name":"wp","href":"https:\/\/api.w.org\/{rel}","templated":true}]}}