{"id":1554,"date":"2022-11-30T12:27:35","date_gmt":"2022-11-30T11:27:35","guid":{"rendered":"https:\/\/www.gestoresalicante.org\/blog\/?p=1554"},"modified":"2022-12-16T09:39:47","modified_gmt":"2022-12-16T08:39:47","slug":"50a-aniversario-del-colegio-de-gestores-administrativos-de-alicante-1972-2022","status":"publish","type":"post","link":"https:\/\/www.gestoresalicante.org\/blog\/index.php\/2022\/11\/30\/50a-aniversario-del-colegio-de-gestores-administrativos-de-alicante-1972-2022\/","title":{"rendered":"50\u00aa Aniversario del Colegio de Gestores Administrativos de Alicante (1972-2022)"},"content":{"rendered":"\n<p><\/p>\n\n\n<div class=\"wp-block-image\">\n<figure class=\"alignleft size-large is-resized\"><a href=\"https:\/\/www.gestoresalicante.org\/blog\/wp-content\/uploads\/2022\/11\/logo50ani-1.jpg\"><img loading=\"lazy\" decoding=\"async\" src=\"https:\/\/www.gestoresalicante.org\/blog\/wp-content\/uploads\/2022\/11\/logo50ani-1-800x1024.jpg\" alt=\"\" class=\"wp-image-1556\" width=\"168\" height=\"216\" srcset=\"https:\/\/www.gestoresalicante.org\/blog\/wp-content\/uploads\/2022\/11\/logo50ani-1-800x1024.jpg 800w, https:\/\/www.gestoresalicante.org\/blog\/wp-content\/uploads\/2022\/11\/logo50ani-1-234x300.jpg 234w, https:\/\/www.gestoresalicante.org\/blog\/wp-content\/uploads\/2022\/11\/logo50ani-1-768x983.jpg 768w\" sizes=\"auto, (max-width: 168px) 100vw, 168px\" \/><\/a><\/figure><\/div>\n\n\n<p>El pasado 12 de noviembre tuvo lugar el Acto Institucional conmemorando el 50\u00aa Aniversario del Colegio de Gestores Administrativos de Alicante desde su Constituci\u00f3n el d\u00eda 8 de febrero de 1972. Dicho acto tuvo lugar en el puerto de Alicante, en el centro de negocios Panoramis Life &amp; Business, contando con la presencia de m\u00e1s de trescientas personas de diferentes sectores profesionales y autoridades institucionales de nuestra Provincia y de la Comunidad Aut\u00f3noma Valenciana, as\u00ed como Presidentes de Colegios de Gestores Administrativos de toda Espa\u00f1a y miembros del Consejo Auton\u00f3mico Valenciano.<\/p>\n\n\n<div class=\"wp-block-image\">\n<figure class=\"aligncenter size-full is-resized\"><a href=\"https:\/\/www.gestoresalicante.org\/blog\/wp-content\/uploads\/2022\/11\/MG_6955.jpg\"><img loading=\"lazy\" decoding=\"async\" src=\"https:\/\/www.gestoresalicante.org\/blog\/wp-content\/uploads\/2022\/11\/MG_6955.jpg\" alt=\"\" class=\"wp-image-1569\" width=\"607\" height=\"429\" srcset=\"https:\/\/www.gestoresalicante.org\/blog\/wp-content\/uploads\/2022\/11\/MG_6955-300x213.jpg 300w, https:\/\/www.gestoresalicante.org\/blog\/wp-content\/uploads\/2022\/11\/MG_6955-423x300.jpg 423w\" sizes=\"auto, (max-width: 607px) 100vw, 607px\" \/><\/a><\/figure><\/div>\n\n\n<p>La Presidenta D\u00f1a. Mar\u00eda Teresa Vila Esteve y la Junta de Gobierno de este colegio quieren mostrar el agradecimiento y enhorabuena por el 50\u00aa Aniversario de nuestro colectivo, as\u00ed como la gran acogida que tuvo por parte de todos los sectores colegiales, institucionales, administraci\u00f3n y autoridades.<\/p>\n\n\n<div class=\"wp-block-image\">\n<figure class=\"alignright size-large is-resized\"><a href=\"https:\/\/www.gestoresalicante.org\/blog\/wp-content\/uploads\/2022\/11\/MG_6932.jpg\"><img decoding=\"async\" src=\"https:\/\/www.gestoresalicante.org\/blog\/wp-content\/uploads\/2022\/11\/MG_6932-680x1024.jpg\" alt=\"\" class=\"wp-image-1570\" width=\"-310\" height=\"-462\" srcset=\"https:\/\/www.gestoresalicante.org\/blog\/wp-content\/uploads\/2022\/11\/MG_6932-680x1024.jpg 680w, https:\/\/www.gestoresalicante.org\/blog\/wp-content\/uploads\/2022\/11\/MG_6932-199x300.jpg 199w, https:\/\/www.gestoresalicante.org\/blog\/wp-content\/uploads\/2022\/11\/MG_6932-768x1157.jpg 768w, https:\/\/www.gestoresalicante.org\/blog\/wp-content\/uploads\/2022\/11\/MG_6932-1019x1536.jpg 1019w, https:\/\/www.gestoresalicante.org\/blog\/wp-content\/uploads\/2022\/11\/MG_6932.jpg 1024w\" sizes=\"(max-width: 680px) 100vw, 680px\" \/><\/a><\/figure><\/div>\n\n\n<figure class=\"wp-block-pullquote\"><blockquote><p>Fue un acto muy emotivo y significativo, <strong>donde quisimos hacer historia de nuestro pasado, presente y futuro de la profesi\u00f3n. <\/strong>Un Acto sin precedentes, siendo el primer Colegio de Gestores Administrativo de Espa\u00f1a que <strong>Sus<\/strong> <strong>Majestades los Reyes de Espa\u00f1a, D. Felipe VI y D\u00f1a. Leticia han aceptado la Presidencia de Honor<\/strong>, queriendo as\u00ed sumarse a nuestra conmemoraci\u00f3n, tambi\u00e9n el primer Colegio de Gestores Administrativos que el Excelent\u00edsimo Ayuntamiento de Alicante ha concedido dar nombre a una de las glorietas de nuestra ciudad como <strong>\u201cGlorieta del Gestor Administrativo\u201d.<\/strong><\/p><cite><a href=\"https:\/\/www.gestoresalicante.org\/blog\/wp-content\/uploads\/2022\/11\/MG_7765.jpg\"><\/a><\/cite><\/blockquote><\/figure>\n\n\n\n<figure class=\"wp-block-image size-large\"><a href=\"https:\/\/www.gestoresalicante.org\/blog\/wp-content\/uploads\/2022\/11\/MG_7765-2.jpg\"><img loading=\"lazy\" decoding=\"async\" width=\"683\" height=\"1024\" src=\"https:\/\/www.gestoresalicante.org\/blog\/wp-content\/uploads\/2022\/11\/MG_7765-2-683x1024.jpg\" alt=\"\" class=\"wp-image-1575\" srcset=\"https:\/\/www.gestoresalicante.org\/blog\/wp-content\/uploads\/2022\/11\/MG_7765-2-683x1024.jpg 683w, https:\/\/www.gestoresalicante.org\/blog\/wp-content\/uploads\/2022\/11\/MG_7765-2-200x300.jpg 200w, https:\/\/www.gestoresalicante.org\/blog\/wp-content\/uploads\/2022\/11\/MG_7765-2-768x1151.jpg 768w, https:\/\/www.gestoresalicante.org\/blog\/wp-content\/uploads\/2022\/11\/MG_7765-2.jpg 1024w\" sizes=\"auto, (max-width: 683px) 100vw, 683px\" \/><\/a><\/figure>\n\n\n\n<figure class=\"wp-block-image size-full\"><a href=\"https:\/\/www.gestoresalicante.org\/blog\/wp-content\/uploads\/2022\/11\/MG_7823-1.jpg\"><img loading=\"lazy\" decoding=\"async\" width=\"1024\" height=\"821\" src=\"https:\/\/www.gestoresalicante.org\/blog\/wp-content\/uploads\/2022\/11\/MG_7823-1.jpg\" alt=\"\" class=\"wp-image-1576\" srcset=\"https:\/\/www.gestoresalicante.org\/blog\/wp-content\/uploads\/2022\/11\/MG_7823-1.jpg 1024w, https:\/\/www.gestoresalicante.org\/blog\/wp-content\/uploads\/2022\/11\/MG_7823-1-300x241.jpg 300w, https:\/\/www.gestoresalicante.org\/blog\/wp-content\/uploads\/2022\/11\/MG_7823-1-768x616.jpg 768w, https:\/\/www.gestoresalicante.org\/blog\/wp-content\/uploads\/2022\/11\/MG_7823-1-374x300.jpg 374w\" sizes=\"auto, (max-width: 1024px) 100vw, 1024px\" \/><\/a><\/figure>\n\n\n\n<figure class=\"wp-block-image size-full\"><a href=\"https:\/\/www.gestoresalicante.org\/blog\/wp-content\/uploads\/2022\/11\/MG_6941.jpg\"><img loading=\"lazy\" decoding=\"async\" width=\"1024\" height=\"655\" src=\"https:\/\/www.gestoresalicante.org\/blog\/wp-content\/uploads\/2022\/11\/MG_6941.jpg\" alt=\"\" class=\"wp-image-1573\" srcset=\"https:\/\/www.gestoresalicante.org\/blog\/wp-content\/uploads\/2022\/11\/MG_6941.jpg 1024w, https:\/\/www.gestoresalicante.org\/blog\/wp-content\/uploads\/2022\/11\/MG_6941-300x192.jpg 300w, https:\/\/www.gestoresalicante.org\/blog\/wp-content\/uploads\/2022\/11\/MG_6941-768x491.jpg 768w, https:\/\/www.gestoresalicante.org\/blog\/wp-content\/uploads\/2022\/11\/MG_6941-469x300.jpg 469w\" sizes=\"auto, (max-width: 1024px) 100vw, 1024px\" \/><\/a><\/figure>\n\n\n\n<p>Os dejamos el v\u00eddeo resumen del acto y las diferentes publicaciones en los medios.<\/p>\n\n\n\n<figure class=\"wp-block-embed is-type-video is-provider-youtube wp-block-embed-youtube wp-embed-aspect-16-9 wp-has-aspect-ratio\"><div class=\"wp-block-embed__wrapper\">\n<iframe loading=\"lazy\" title=\"Gala 50\u00ba Aniversario Colegio Gestores Administrativos de Alicante\" width=\"640\" height=\"360\" src=\"https:\/\/www.youtube.com\/embed\/i-Di1dejO04?feature=oembed\" frameborder=\"0\" allow=\"accelerometer; autoplay; clipboard-write; encrypted-media; gyroscope; picture-in-picture; web-share\" referrerpolicy=\"strict-origin-when-cross-origin\" allowfullscreen><\/iframe>\n<\/div><\/figure>\n\n\n\n<figure class=\"wp-block-image size-large\"><a href=\"https:\/\/www.gestoresalicante.org\/blog\/wp-content\/uploads\/2022\/11\/22-11-12_Informacion_Noticia-50oA_1.pdf\" target=\"_blank\" rel=\"noopener\"><img loading=\"lazy\" decoding=\"async\" width=\"800\" height=\"1024\" src=\"https:\/\/www.gestoresalicante.org\/blog\/wp-content\/uploads\/2022\/11\/22-11-12_Informacion_Noticia-50oA_1-800x1024.jpg\" alt=\"\" class=\"wp-image-1557\" srcset=\"https:\/\/www.gestoresalicante.org\/blog\/wp-content\/uploads\/2022\/11\/22-11-12_Informacion_Noticia-50oA_1-800x1024.jpg 800w, https:\/\/www.gestoresalicante.org\/blog\/wp-content\/uploads\/2022\/11\/22-11-12_Informacion_Noticia-50oA_1-234x300.jpg 234w, https:\/\/www.gestoresalicante.org\/blog\/wp-content\/uploads\/2022\/11\/22-11-12_Informacion_Noticia-50oA_1-768x983.jpg 768w, https:\/\/www.gestoresalicante.org\/blog\/wp-content\/uploads\/2022\/11\/22-11-12_Informacion_Noticia-50oA_1-1200x1536.jpg 1200w, https:\/\/www.gestoresalicante.org\/blog\/wp-content\/uploads\/2022\/11\/22-11-12_Informacion_Noticia-50oA_1-1599x2048.jpg 1599w, https:\/\/www.gestoresalicante.org\/blog\/wp-content\/uploads\/2022\/11\/22-11-12_Informacion_Noticia-50oA_1-scaled.jpg 1999w\" sizes=\"auto, (max-width: 800px) 100vw, 800px\" \/><\/a><figcaption>Diario Informaci\u00f3n, 20-nov-2022 Especial Colegio de Gestores Administrativos<\/figcaption><\/figure>\n\n\n\n<figure class=\"wp-block-image size-large\"><a href=\"https:\/\/www.gestoresalicante.org\/blog\/wp-content\/uploads\/2022\/11\/22-11-12_Informacion_Noticia-50oA_2.pdf\" target=\"_blank\" rel=\"noopener\"><img loading=\"lazy\" decoding=\"async\" width=\"800\" height=\"1024\" src=\"https:\/\/www.gestoresalicante.org\/blog\/wp-content\/uploads\/2022\/11\/22-11-12_Informacion_Noticia-50oA_2-800x1024.jpg\" alt=\"\" class=\"wp-image-1558\" srcset=\"https:\/\/www.gestoresalicante.org\/blog\/wp-content\/uploads\/2022\/11\/22-11-12_Informacion_Noticia-50oA_2-800x1024.jpg 800w, https:\/\/www.gestoresalicante.org\/blog\/wp-content\/uploads\/2022\/11\/22-11-12_Informacion_Noticia-50oA_2-234x300.jpg 234w, https:\/\/www.gestoresalicante.org\/blog\/wp-content\/uploads\/2022\/11\/22-11-12_Informacion_Noticia-50oA_2-768x983.jpg 768w, https:\/\/www.gestoresalicante.org\/blog\/wp-content\/uploads\/2022\/11\/22-11-12_Informacion_Noticia-50oA_2-1200x1536.jpg 1200w, https:\/\/www.gestoresalicante.org\/blog\/wp-content\/uploads\/2022\/11\/22-11-12_Informacion_Noticia-50oA_2-1599x2048.jpg 1599w, https:\/\/www.gestoresalicante.org\/blog\/wp-content\/uploads\/2022\/11\/22-11-12_Informacion_Noticia-50oA_2-scaled.jpg 1999w\" sizes=\"auto, (max-width: 800px) 100vw, 800px\" \/><\/a><figcaption>Diario Informaci\u00f3n, 20-nov-2022 Especial Colegio de Gestores Administrativos<\/figcaption><\/figure>\n\n\n\n<figure class=\"wp-block-image size-large\"><a href=\"https:\/\/www.gestoresalicante.org\/blog\/wp-content\/uploads\/2022\/11\/22-11-24_Informacion_Noticia-Distinciones.pdf\" target=\"_blank\" rel=\"noopener\"><img loading=\"lazy\" decoding=\"async\" width=\"800\" height=\"1024\" src=\"https:\/\/www.gestoresalicante.org\/blog\/wp-content\/uploads\/2022\/11\/22-11-24_Informacion_Noticia-Distinciones-800x1024.jpg\" alt=\"\" class=\"wp-image-1559\" srcset=\"https:\/\/www.gestoresalicante.org\/blog\/wp-content\/uploads\/2022\/11\/22-11-24_Informacion_Noticia-Distinciones-800x1024.jpg 800w, https:\/\/www.gestoresalicante.org\/blog\/wp-content\/uploads\/2022\/11\/22-11-24_Informacion_Noticia-Distinciones-234x300.jpg 234w, https:\/\/www.gestoresalicante.org\/blog\/wp-content\/uploads\/2022\/11\/22-11-24_Informacion_Noticia-Distinciones-768x983.jpg 768w, https:\/\/www.gestoresalicante.org\/blog\/wp-content\/uploads\/2022\/11\/22-11-24_Informacion_Noticia-Distinciones-1200x1536.jpg 1200w, https:\/\/www.gestoresalicante.org\/blog\/wp-content\/uploads\/2022\/11\/22-11-24_Informacion_Noticia-Distinciones-1600x2048.jpg 1600w, https:\/\/www.gestoresalicante.org\/blog\/wp-content\/uploads\/2022\/11\/22-11-24_Informacion_Noticia-Distinciones-scaled.jpg 2000w\" sizes=\"auto, (max-width: 800px) 100vw, 800px\" \/><\/a><figcaption>Diario Informaci\u00f3n, 25-nov-2022 Especial Colegio de Gestores Administrativos<\/figcaption><\/figure>\n","protected":false},"excerpt":{"rendered":"<p>El pasado 12 de noviembre tuvo lugar el Acto Institucional conmemorando el 50\u00aa Aniversario del Colegio de Gestores Administrativos de Alicante desde su Constituci\u00f3n el d\u00eda 8 de febrero de 1972. Dicho acto tuvo lugar en el puerto de Alicante, &hellip; <a href=\"https:\/\/www.gestoresalicante.org\/blog\/index.php\/2022\/11\/30\/50a-aniversario-del-colegio-de-gestores-administrativos-de-alicante-1972-2022\/\">Sigue leyendo <span class=\"meta-nav\">&rarr;<\/span><\/a><\/p>\n","protected":false},"author":4,"featured_media":0,"comment_status":"closed","ping_status":"closed","sticky":false,"template":"","format":"standard","meta":{"footnotes":""},"categories":[3],"tags":[],"class_list":["post-1554","post","type-post","status-publish","format-standard","hentry","category-noticias-de-interes"],"_links":{"self":[{"href":"https:\/\/www.gestoresalicante.org\/blog\/index.php\/wp-json\/wp\/v2\/posts\/1554","targetHints":{"allow":["GET"]}}],"collection":[{"href":"https:\/\/www.gestoresalicante.org\/blog\/index.php\/wp-json\/wp\/v2\/posts"}],"about":[{"href":"https:\/\/www.gestoresalicante.org\/blog\/index.php\/wp-json\/wp\/v2\/types\/post"}],"author":[{"embeddable":true,"href":"https:\/\/www.gestoresalicante.org\/blog\/index.php\/wp-json\/wp\/v2\/users\/4"}],"replies":[{"embeddable":true,"href":"https:\/\/www.gestoresalicante.org\/blog\/index.php\/wp-json\/wp\/v2\/comments?post=1554"}],"version-history":[{"count":6,"href":"https:\/\/www.gestoresalicante.org\/blog\/index.php\/wp-json\/wp\/v2\/posts\/1554\/revisions"}],"predecessor-version":[{"id":1580,"href":"https:\/\/www.gestoresalicante.org\/blog\/index.php\/wp-json\/wp\/v2\/posts\/1554\/revisions\/1580"}],"wp:attachment":[{"href":"https:\/\/www.gestoresalicante.org\/blog\/index.php\/wp-json\/wp\/v2\/media?parent=1554"}],"wp:term":[{"taxonomy":"category","embeddable":true,"href":"https:\/\/www.gestoresalicante.org\/blog\/index.php\/wp-json\/wp\/v2\/categories?post=1554"},{"taxonomy":"post_tag","embeddable":true,"href":"https:\/\/www.gestoresalicante.org\/blog\/index.php\/wp-json\/wp\/v2\/tags?post=1554"}],"curies":[{"name":"wp","href":"https:\/\/api.w.org\/{rel}","templated":true}]}}