{"id":161,"date":"2012-12-28T12:00:46","date_gmt":"2012-12-28T11:00:46","guid":{"rendered":"http:\/\/www.gestoresalicante.org\/blog\/index.php\/2012\/12\/28\/resumenprensa-28-12-2012\/"},"modified":"2012-12-28T12:45:02","modified_gmt":"2012-12-28T11:45:02","slug":"resumenprensa-28-12-2012","status":"publish","type":"post","link":"https:\/\/www.gestoresalicante.org\/blog\/index.php\/2012\/12\/28\/resumenprensa-28-12-2012\/","title":{"rendered":"Resumen de Prensa 28-12-2012"},"content":{"rendered":"<div class=\"nboletin\">\n<table width=\"90%\" cellpadding=\"4\">\n<tbody>\n<tr>\n<td colspan=\"3\">\n<div style=\"background-color: #cccccc; padding: 4px 10px 4px 10px; width: 100%; border: 1px #414141 solid;\"><img loading=\"lazy\" decoding=\"async\" src=\"http:\/\/www.gestoresalicante.org\/img\/newsletter\/conges.jpg\" alt=\"Consejo de Gestores\" width=\"226\" height=\"70\" \/><\/div>\n<\/td>\n<\/tr>\n<tr>\n<td colspan=\"3\" align=\"right\"><strong>28\/12\/2012<br \/>\n<\/strong><\/td>\n<\/tr>\n<tr>\n<td colspan=\"3\"><\/td>\n<\/tr>\n<tr>\n<td class=\"tgrupo\" colspan=\"3\"><img loading=\"lazy\" decoding=\"async\" style=\"margin-right: 4px;\" src=\"http:\/\/www.gestoresalicante.org\/img\/newsletter\/picto.jpg\" alt=\"\" width=\"20\" height=\"18\" align=\"absmiddle\" \/> <strong>Consejo General de los Colegios de Gestores Administrativos<\/strong><\/td>\n<\/tr>\n<tr>\n<td class=\"tfecha\">28\/12\/2012<\/td>\n<td class=\"titem\"><a href=\"http:\/\/www.clipmedia.net\/ficheros\/2012\/12_dic\/sr160.pdf\" target=\"_blank\">Los gestores administrativos dan consejos para abaratar la factura fiscal<\/a><\/td>\n<td class=\"tfuente\" align=\"right\">El Progreso<\/td>\n<\/tr>\n<tr>\n<td colspan=\"3\"><\/td>\n<\/tr>\n<tr>\n<td class=\"tgrupo\" colspan=\"3\"><img loading=\"lazy\" decoding=\"async\" style=\"margin-right: 4px;\" src=\"http:\/\/www.gestoresalicante.org\/img\/newsletter\/picto.jpg\" alt=\"\" width=\"20\" height=\"18\" align=\"absmiddle\" \/> <strong>Sector Fiscal<\/strong><\/td>\n<\/tr>\n<tr>\n<td class=\"tfecha\">28\/12\/2012<\/td>\n<td class=\"titem\"><a href=\"http:\/\/www.clipmedia.net\/ficheros\/2012\/12_dic\/sr082.pdf\" target=\"_blank\">El juego en Internet se dispara en Espa\u00f1a tras su regularizaci\u00f3n<\/a><\/td>\n<td class=\"tfuente\" align=\"right\">El Pa\u00eds<\/td>\n<\/tr>\n<tr>\n<td class=\"tfecha\">28\/12\/2012<\/td>\n<td class=\"titem\"><a href=\"http:\/\/www.clipmedia.net\/ficheros\/2012\/12_dic\/sr106.pdf\" target=\"_blank\">Hacienda legalizar\u00e1 &#8216;slots&#8217; y apuestas cruzadas en 2013<\/a><\/td>\n<td class=\"tfuente\" align=\"right\">El Economista<\/td>\n<\/tr>\n<tr>\n<td class=\"tfecha\">28\/12\/2012<\/td>\n<td class=\"titem\"><a href=\"http:\/\/www.clipmedia.net\/ficheros\/2012\/12_dic\/sr153.pdf\" target=\"_blank\">La declaraci\u00f3n armonizada de IVA estar\u00e1 lista en 2013<\/a><\/td>\n<td class=\"tfuente\" align=\"right\">El Economista<\/td>\n<\/tr>\n<tr>\n<td class=\"tfecha\">28\/12\/2012<\/td>\n<td class=\"titem\"><a href=\"http:\/\/www.clipmedia.net\/ficheros\/2012\/12_dic\/sr154.pdf\" target=\"_blank\">El Gobierno endurece las sanciones por fraude a la Seguridad Social<\/a><\/td>\n<td class=\"tfuente\" align=\"right\">El Economista<\/td>\n<\/tr>\n<tr>\n<td class=\"tfecha\">28\/12\/2012<\/td>\n<td class=\"titem\"><a href=\"http:\/\/www.clipmedia.net\/ficheros\/2012\/12_dic\/sr120.pdf\" target=\"_blank\">La amnist\u00eda fiscal ha aflorado m\u00e1s de 30.000 millones de euros <\/a><\/td>\n<td class=\"tfuente\" align=\"right\">Expansi\u00f3n<\/td>\n<\/tr>\n<tr>\n<td colspan=\"3\"><\/td>\n<\/tr>\n<tr>\n<td class=\"tgrupo\" colspan=\"3\"><img loading=\"lazy\" decoding=\"async\" style=\"margin-right: 4px;\" src=\"http:\/\/www.gestoresalicante.org\/img\/newsletter\/picto.jpg\" alt=\"\" width=\"20\" height=\"18\" align=\"absmiddle\" \/> <strong>Sector Veh\u00edculos<\/strong><\/td>\n<\/tr>\n<tr>\n<td class=\"tfecha\">28\/12\/2012<\/td>\n<td class=\"titem\"><a href=\"http:\/\/www.clipmedia.net\/ficheros\/2012\/12_dic\/sr128.pdf\" target=\"_blank\">El ICAB potenciar\u00e1 la mediaci\u00f3n para resolver litigios de tr\u00e1fico<\/a><\/td>\n<td class=\"tfuente\" align=\"right\">El Mundo<\/td>\n<\/tr>\n<tr>\n<td class=\"tfecha\">28\/12\/2012<\/td>\n<td class=\"titem\"><a href=\"http:\/\/www.clipmedia.net\/ficheros\/2012\/12_dic\/sr129.pdf\" target=\"_blank\">Jaume Roura, presidente de la asociaci\u00f3n de concesionarios Faconauto: \u00abNo cabemos todos los concesionarios\u00bb<\/a><\/td>\n<td class=\"tfuente\" align=\"right\">El Mundo<\/td>\n<\/tr>\n<tr>\n<td class=\"tfecha\">28\/12\/2012<\/td>\n<td class=\"titem\"><a href=\"http:\/\/www.clipmedia.net\/ficheros\/2012\/12_dic\/sr151.pdf\" target=\"_blank\">Los seguros de autos bajan el 6,5% este a\u00f1o<\/a><\/td>\n<td class=\"tfuente\" align=\"right\">El Economista<\/td>\n<\/tr>\n<tr>\n<td class=\"tfecha\">28\/12\/2012<\/td>\n<td class=\"titem\"><a href=\"http:\/\/www.clipmedia.net\/ficheros\/2012\/12_dic\/sr152.pdf\" target=\"_blank\">Audi invertir\u00e1 13.000 millones hasta 2016 en nuevos productos<\/a><\/td>\n<td class=\"tfuente\" align=\"right\">El Economista<\/td>\n<\/tr>\n<tr>\n<td class=\"tfecha\">28\/12\/2012<\/td>\n<td class=\"titem\"><a href=\"http:\/\/www.clipmedia.net\/ficheros\/2012\/12_dic\/sr108.pdf\" target=\"_blank\">La producci\u00f3n de ciclomotores se desploma un 55% hasta octubre<\/a><\/td>\n<td class=\"tfuente\" align=\"right\">El Economista<\/td>\n<\/tr>\n<tr>\n<td class=\"tfecha\">28\/12\/2012<\/td>\n<td class=\"titem\"><a href=\"http:\/\/www.clipmedia.net\/ficheros\/2012\/12_dic\/sr107.pdf\" target=\"_blank\">Toyota destina 833 millones a zanjar los litigios por las revisiones en EEUU<\/a><\/td>\n<td class=\"tfuente\" align=\"right\">El Economista<\/td>\n<\/tr>\n<tr>\n<td class=\"tfecha\">28\/12\/2012<\/td>\n<td class=\"titem\"><a href=\"http:\/\/www.clipmedia.net\/ficheros\/2012\/12_dic\/sr119.pdf\" target=\"_blank\">C\u00f3mo reducen el consumo los fabricantes de coches y de aviones<\/a><\/td>\n<td class=\"tfuente\" align=\"right\">Expansi\u00f3n<\/td>\n<\/tr>\n<tr>\n<td colspan=\"3\"><\/td>\n<\/tr>\n<tr>\n<td class=\"tgrupo\" colspan=\"3\"><img loading=\"lazy\" decoding=\"async\" style=\"margin-right: 4px;\" src=\"http:\/\/www.gestoresalicante.org\/img\/newsletter\/picto.jpg\" alt=\"\" width=\"20\" height=\"18\" align=\"absmiddle\" \/> <strong>Ventana Telem\u00e1tica<\/strong><\/td>\n<\/tr>\n<tr>\n<td colspan=\"3\">(No hay registros)<\/td>\n<\/tr>\n<tr>\n<td colspan=\"3\"><\/td>\n<\/tr>\n<tr>\n<td class=\"tgrupo\" colspan=\"3\"><img loading=\"lazy\" decoding=\"async\" style=\"margin-right: 4px;\" src=\"http:\/\/www.gestoresalicante.org\/img\/newsletter\/picto.jpg\" alt=\"\" width=\"20\" height=\"18\" align=\"absmiddle\" \/> <strong>Sector de la formaci\u00f3n<\/strong><\/td>\n<\/tr>\n<tr>\n<td class=\"tfecha\">28\/12\/2012<\/td>\n<td class=\"titem\"><a href=\"http:\/\/www.clipmedia.net\/ficheros\/2012\/12_dic\/sr158.pdf\" target=\"_blank\">Las empresas del Ibex 35 crean sus universidades<\/a><\/td>\n<td class=\"tfuente\" align=\"right\">Cinco D\u00edas<\/td>\n<\/tr>\n<tr>\n<td colspan=\"3\"><\/td>\n<\/tr>\n<tr>\n<td class=\"tgrupo\" colspan=\"3\"><img loading=\"lazy\" decoding=\"async\" style=\"margin-right: 4px;\" src=\"http:\/\/www.gestoresalicante.org\/img\/newsletter\/picto.jpg\" alt=\"\" width=\"20\" height=\"18\" align=\"absmiddle\" \/> <strong>Sector Laboral<\/strong><\/td>\n<\/tr>\n<tr>\n<td class=\"tfecha\">28\/12\/2012<\/td>\n<td class=\"titem\"><a href=\"http:\/\/www.clipmedia.net\/ficheros\/2012\/12_dic\/sr080.pdf\" target=\"_blank\">Los funcionarios del Estado cobrar\u00e1n la mitad si faltan m\u00e1s de cuatro d\u00edas<\/a><\/td>\n<td class=\"tfuente\" align=\"right\">El Pa\u00eds<\/td>\n<\/tr>\n<tr>\n<td class=\"tfecha\">28\/12\/2012<\/td>\n<td class=\"titem\"><a href=\"http:\/\/www.clipmedia.net\/ficheros\/2012\/12_dic\/sr149.pdf\" target=\"_blank\">El Gobierno central activar\u00e1 la reforma de pensiones del PSOE sin cambios<\/a><\/td>\n<td class=\"tfuente\" align=\"right\">La Vanguardia<\/td>\n<\/tr>\n<tr>\n<td class=\"tfecha\">28\/12\/2012<\/td>\n<td class=\"titem\"><a href=\"http:\/\/www.clipmedia.net\/ficheros\/2012\/12_dic\/sr150.pdf\" target=\"_blank\">Rajoy despide el a\u00f1o con un golpe a los funcionarios<\/a><\/td>\n<td class=\"tfuente\" align=\"right\">El Peri\u00f3dico de Catalunya<\/td>\n<\/tr>\n<tr>\n<td class=\"tfecha\">28\/12\/2012<\/td>\n<td class=\"titem\"><a href=\"http:\/\/www.clipmedia.net\/ficheros\/2012\/12_dic\/sr155.pdf\" target=\"_blank\">Si tiene un m\u00e1ster y m\u00e1s de 50 a\u00f1os, la crisis no ha afectado a su salario<\/a><\/td>\n<td class=\"tfuente\" align=\"right\">El Economista<\/td>\n<\/tr>\n<tr>\n<td class=\"tfecha\">28\/12\/2012<\/td>\n<td class=\"titem\"><a href=\"http:\/\/www.clipmedia.net\/ficheros\/2012\/12_dic\/sr156.pdf\" target=\"_blank\">Una de cada cinco empresas detecta trabas en el mercado \u00fanico europeo<\/a><\/td>\n<td class=\"tfuente\" align=\"right\">Expansi\u00f3n<\/td>\n<\/tr>\n<tr>\n<td class=\"tfecha\">28\/12\/2012<\/td>\n<td class=\"titem\"><a href=\"http:\/\/www.clipmedia.net\/ficheros\/2012\/12_dic\/sr159.pdf\" target=\"_blank\">Los empleados del hogar por horas ser\u00e1n responsables de su cotizaci\u00f3n<\/a><\/td>\n<td class=\"tfuente\" align=\"right\">La Raz\u00f3n<\/td>\n<\/tr>\n<tr>\n<td colspan=\"3\"><\/td>\n<\/tr>\n<tr>\n<td class=\"tgrupo\" colspan=\"3\"><img loading=\"lazy\" decoding=\"async\" style=\"margin-right: 4px;\" src=\"http:\/\/www.gestoresalicante.org\/img\/newsletter\/picto.jpg\" alt=\"\" width=\"20\" height=\"18\" align=\"absmiddle\" \/> <strong>Sector inmobiliario<\/strong><\/td>\n<\/tr>\n<tr>\n<td class=\"tfecha\">28\/12\/2012<\/td>\n<td class=\"titem\"><a href=\"http:\/\/www.clipmedia.net\/ficheros\/2012\/12_dic\/sr083.pdf\" target=\"_blank\">La firma de hipotecas desciende en octubre y acumula dos a\u00f1os y medio a la baja<\/a><\/td>\n<td class=\"tfuente\" align=\"right\">El Pa\u00eds<\/td>\n<\/tr>\n<tr>\n<td class=\"tfecha\">28\/12\/2012<\/td>\n<td class=\"titem\"><a href=\"http:\/\/www.clipmedia.net\/ficheros\/2012\/12_dic\/sr125.pdf\" target=\"_blank\">Las hipotecas encadenan 30 meses seguidos sin crecer<\/a><\/td>\n<td class=\"tfuente\" align=\"right\">El Mundo<\/td>\n<\/tr>\n<tr>\n<td class=\"tfecha\">28\/12\/2012<\/td>\n<td class=\"titem\"><a href=\"http:\/\/www.clipmedia.net\/ficheros\/2012\/12_dic\/sr127.pdf\" target=\"_blank\">BCN compra pisos protegidos vac\u00edos para darles uso social<\/a><\/td>\n<td class=\"tfuente\" align=\"right\">El Mundo<\/td>\n<\/tr>\n<tr>\n<td class=\"tfecha\">28\/12\/2012<\/td>\n<td class=\"titem\"><a href=\"http:\/\/www.clipmedia.net\/ficheros\/2012\/12_dic\/sr157.pdf\" target=\"_blank\">Nunca se vendieron ni se construyeron tan pocas casas como en 2012<\/a><\/td>\n<td class=\"tfuente\" align=\"right\">Cinco D\u00edas<\/td>\n<\/tr>\n<tr>\n<td colspan=\"3\"><\/td>\n<\/tr>\n<tr>\n<td class=\"tgrupo\" colspan=\"3\"><img loading=\"lazy\" decoding=\"async\" style=\"margin-right: 4px;\" src=\"http:\/\/www.gestoresalicante.org\/img\/newsletter\/picto.jpg\" alt=\"\" width=\"20\" height=\"18\" align=\"absmiddle\" \/> <strong>B.O.E<\/strong><\/td>\n<\/tr>\n<tr>\n<td colspan=\"3\">(No hay registros)<\/td>\n<\/tr>\n<\/tbody>\n<\/table>\n<\/div>\n","protected":false},"excerpt":{"rendered":"<p>28\/12\/2012 Consejo General de los Colegios de Gestores Administrativos 28\/12\/2012 Los gestores administrativos dan consejos para abaratar la factura fiscal El Progreso Sector Fiscal 28\/12\/2012 El juego en Internet se dispara en Espa\u00f1a tras su regularizaci\u00f3n El Pa\u00eds 28\/12\/2012 Hacienda &hellip; <a href=\"https:\/\/www.gestoresalicante.org\/blog\/index.php\/2012\/12\/28\/resumenprensa-28-12-2012\/\">Sigue leyendo <span class=\"meta-nav\">&rarr;<\/span><\/a><\/p>\n","protected":false},"author":4,"featured_media":0,"comment_status":"closed","ping_status":"closed","sticky":false,"template":"","format":"standard","meta":{"footnotes":""},"categories":[6],"tags":[],"class_list":["post-161","post","type-post","status-publish","format-standard","hentry","category-resumendeprensa"],"_links":{"self":[{"href":"https:\/\/www.gestoresalicante.org\/blog\/index.php\/wp-json\/wp\/v2\/posts\/161","targetHints":{"allow":["GET"]}}],"collection":[{"href":"https:\/\/www.gestoresalicante.org\/blog\/index.php\/wp-json\/wp\/v2\/posts"}],"about":[{"href":"https:\/\/www.gestoresalicante.org\/blog\/index.php\/wp-json\/wp\/v2\/types\/post"}],"author":[{"embeddable":true,"href":"https:\/\/www.gestoresalicante.org\/blog\/index.php\/wp-json\/wp\/v2\/users\/4"}],"replies":[{"embeddable":true,"href":"https:\/\/www.gestoresalicante.org\/blog\/index.php\/wp-json\/wp\/v2\/comments?post=161"}],"version-history":[{"count":3,"href":"https:\/\/www.gestoresalicante.org\/blog\/index.php\/wp-json\/wp\/v2\/posts\/161\/revisions"}],"predecessor-version":[{"id":164,"href":"https:\/\/www.gestoresalicante.org\/blog\/index.php\/wp-json\/wp\/v2\/posts\/161\/revisions\/164"}],"wp:attachment":[{"href":"https:\/\/www.gestoresalicante.org\/blog\/index.php\/wp-json\/wp\/v2\/media?parent=161"}],"wp:term":[{"taxonomy":"category","embeddable":true,"href":"https:\/\/www.gestoresalicante.org\/blog\/index.php\/wp-json\/wp\/v2\/categories?post=161"},{"taxonomy":"post_tag","embeddable":true,"href":"https:\/\/www.gestoresalicante.org\/blog\/index.php\/wp-json\/wp\/v2\/tags?post=161"}],"curies":[{"name":"wp","href":"https:\/\/api.w.org\/{rel}","templated":true}]}}