{"id":166,"date":"2012-12-31T14:42:02","date_gmt":"2012-12-31T13:42:02","guid":{"rendered":"http:\/\/www.gestoresalicante.org\/blog\/index.php\/2013\/01\/02\/resumen-de-prensa-02-01-2013\/"},"modified":"2013-01-14T12:11:45","modified_gmt":"2013-01-14T11:11:45","slug":"resumen-de-prensa-31-12-2012","status":"publish","type":"post","link":"https:\/\/www.gestoresalicante.org\/blog\/index.php\/2012\/12\/31\/resumen-de-prensa-31-12-2012\/","title":{"rendered":"Resumen de Prensa 31-12-2012"},"content":{"rendered":"<div class=\"nboletin\">\n<table width=\"90%\" cellpadding=\"4\">\n<tbody>\n<tr>\n<td colspan=\"3\">\n<div style=\"background-color: #cccccc; padding: 4px 10px 4px 10px; width: 100%; border: 1px #414141 solid;\"><img loading=\"lazy\" decoding=\"async\" src=\"http:\/\/www.gestoresalicante.org\/img\/newsletter\/conges.jpg\" alt=\"Consejo de Gestores\" width=\"226\" height=\"70\" \/><\/div>\n<\/td>\n<\/tr>\n<tr>\n<td colspan=\"3\" align=\"right\"><strong>31\/12\/2012<br \/>\n<\/strong><\/td>\n<\/tr>\n<tr>\n<td colspan=\"3\"><\/td>\n<\/tr>\n<tr>\n<td class=\"tgrupo\" colspan=\"3\"><img loading=\"lazy\" decoding=\"async\" style=\"margin-right: 4px;\" src=\"http:\/\/www.gestoresalicante.org\/img\/newsletter\/picto.jpg\" alt=\"\" width=\"20\" height=\"18\" align=\"absmiddle\" \/> <strong><\/strong><\/td>\n<\/tr>\n<tr>\n<td class=\"tfecha\">30\/12\/2012<\/td>\n<td class=\"titem\"><a href=\"http:\/\/www.clipmedia.net\/ficheros\/2012\/12_dic\/sr245.pdf\" target=\"_blank\">Acto en el Colegio de Gestores<\/a><\/td>\n<td class=\"tfuente\" align=\"right\">El Correo Gallego<\/td>\n<\/tr>\n<tr>\n<td colspan=\"3\"><\/td>\n<\/tr>\n<tr>\n<td class=\"tgrupo\" colspan=\"3\"><img loading=\"lazy\" decoding=\"async\" style=\"margin-right: 4px;\" src=\"http:\/\/www.gestoresalicante.org\/img\/newsletter\/picto.jpg\" alt=\"\" width=\"20\" height=\"18\" align=\"absmiddle\" \/> <strong>Sector Fiscal<\/strong><\/td>\n<\/tr>\n<tr>\n<td class=\"tfecha\">29\/12\/2012<\/td>\n<td class=\"titem\"><a href=\"http:\/\/www.clipmedia.net\/ficheros\/2012\/12_dic\/by703.pdf\" target=\"_blank\">Los premios de la Loter\u00eda del &#8216;Ni\u00f1o&#8217;, los primeros en tributar por IRPF<\/a><\/td>\n<td class=\"tfuente\" align=\"right\">El Economista<\/td>\n<\/tr>\n<tr>\n<td class=\"tfecha\">29\/12\/2012<\/td>\n<td class=\"titem\"><a href=\"http:\/\/www.clipmedia.net\/ficheros\/2012\/12_dic\/by687.pdf\" target=\"_blank\">El alza del impuesto del patrimonio hace ganar 25.000 declarantes<\/a><\/td>\n<td class=\"tfuente\" align=\"right\">El Peri\u00f3dico de Catalunya<\/td>\n<\/tr>\n<tr>\n<td class=\"tfecha\">29\/12\/2012<\/td>\n<td class=\"titem\"><a href=\"http:\/\/www.clipmedia.net\/ficheros\/2012\/12_dic\/by685.pdf\" target=\"_blank\">Madrid cobrar\u00e1 el euro por receta a partir del 1 de enero<\/a><\/td>\n<td class=\"tfuente\" align=\"right\">El Peri\u00f3dico de Catalunya<\/td>\n<\/tr>\n<tr>\n<td class=\"tfecha\">31\/12\/2012<\/td>\n<td class=\"titem\"><a href=\"http:\/\/www.clipmedia.net\/ficheros\/2012\/12_dic\/sr215.pdf\" target=\"_blank\">El poder adquisitivo se hundir\u00e1 en 2013<\/a><\/td>\n<td class=\"tfuente\" align=\"right\">El Pa\u00eds<\/td>\n<\/tr>\n<tr>\n<td class=\"tfecha\">31\/12\/2012<\/td>\n<td class=\"titem\"><a href=\"http:\/\/www.clipmedia.net\/ficheros\/2012\/12_dic\/sr230.pdf\" target=\"_blank\">Luz, tel\u00e9fono, trenes y peajes, m\u00e1s caros<\/a><\/td>\n<td class=\"tfuente\" align=\"right\">El Mundo<\/td>\n<\/tr>\n<tr>\n<td class=\"tfecha\">31\/12\/2012<\/td>\n<td class=\"titem\"><a href=\"http:\/\/www.clipmedia.net\/ficheros\/2012\/12_dic\/sr235.pdf\" target=\"_blank\">Econom\u00eda estudia liberalizar las farmacias y darles apertura libre<\/a><\/td>\n<td class=\"tfuente\" align=\"right\">El Mundo<\/td>\n<\/tr>\n<tr>\n<td colspan=\"3\"><\/td>\n<\/tr>\n<tr>\n<td class=\"tgrupo\" colspan=\"3\"><img loading=\"lazy\" decoding=\"async\" style=\"margin-right: 4px;\" src=\"http:\/\/www.gestoresalicante.org\/img\/newsletter\/picto.jpg\" alt=\"\" width=\"20\" height=\"18\" align=\"absmiddle\" \/> <strong>Sector Veh\u00edculos<\/strong><\/td>\n<\/tr>\n<tr>\n<td class=\"tfecha\">29\/12\/2012<\/td>\n<td class=\"titem\"><a href=\"http:\/\/www.clipmedia.net\/ficheros\/2012\/12_dic\/by663.pdf\" target=\"_blank\">Las ventas de coches acabar\u00e1n el a\u00f1o con 700.000 unidades, un 13,3% menos<\/a><\/td>\n<td class=\"tfuente\" align=\"right\">El Mundo<\/td>\n<\/tr>\n<tr>\n<td class=\"tfecha\">31\/12\/2012<\/td>\n<td class=\"titem\"><a href=\"http:\/\/www.clipmedia.net\/ficheros\/2012\/12_dic\/sr239.pdf\" target=\"_blank\">El autom\u00f3vil, una potencia exportadora<\/a><\/td>\n<td class=\"tfuente\" align=\"right\">El Mundo<\/td>\n<\/tr>\n<tr>\n<td class=\"tfecha\">31\/12\/2012<\/td>\n<td class=\"titem\"><a href=\"http:\/\/www.clipmedia.net\/ficheros\/2012\/12_dic\/sr223.pdf\" target=\"_blank\">El plan PIVE podr\u00eda extenderse despu\u00e9s de marzo<\/a><\/td>\n<td class=\"tfuente\" align=\"right\">Cinco D\u00edas<\/td>\n<\/tr>\n<tr>\n<td colspan=\"3\"><\/td>\n<\/tr>\n<tr>\n<td class=\"tgrupo\" colspan=\"3\"><img loading=\"lazy\" decoding=\"async\" style=\"margin-right: 4px;\" src=\"http:\/\/www.gestoresalicante.org\/img\/newsletter\/picto.jpg\" alt=\"\" width=\"20\" height=\"18\" align=\"absmiddle\" \/> <strong>Ventana Telem\u00e1tica<\/strong><\/td>\n<\/tr>\n<tr>\n<td colspan=\"3\">(No hay registros)<\/td>\n<\/tr>\n<tr>\n<td colspan=\"3\"><\/td>\n<\/tr>\n<tr>\n<td class=\"tgrupo\" colspan=\"3\"><img loading=\"lazy\" decoding=\"async\" style=\"margin-right: 4px;\" src=\"http:\/\/www.gestoresalicante.org\/img\/newsletter\/picto.jpg\" alt=\"\" width=\"20\" height=\"18\" align=\"absmiddle\" \/> <strong>Sector de la formaci\u00f3n<\/strong><\/td>\n<\/tr>\n<tr>\n<td colspan=\"3\">(No hay registros)<\/td>\n<\/tr>\n<tr>\n<td colspan=\"3\"><\/td>\n<\/tr>\n<tr>\n<td class=\"tgrupo\" colspan=\"3\"><img loading=\"lazy\" decoding=\"async\" style=\"margin-right: 4px;\" src=\"http:\/\/www.gestoresalicante.org\/img\/newsletter\/picto.jpg\" alt=\"\" width=\"20\" height=\"18\" align=\"absmiddle\" \/> <strong>Sector Laboral<\/strong><\/td>\n<\/tr>\n<tr>\n<td class=\"tfecha\">30\/12\/2012<\/td>\n<td class=\"titem\"><a href=\"http:\/\/www.clipmedia.net\/ficheros\/2012\/12_dic\/by720.pdf\" target=\"_blank\">El Gobierno flexibiliza el horario y las vacaciones de los funcionarios<\/a><\/td>\n<td class=\"tfuente\" align=\"right\">El Pa\u00eds<\/td>\n<\/tr>\n<tr>\n<td class=\"tfecha\">30\/12\/2012<\/td>\n<td class=\"titem\"><a href=\"http:\/\/www.clipmedia.net\/ficheros\/2012\/12_dic\/by713.pdf\" target=\"_blank\">Todo lo que hay que saber sobre el nuevo sistema de pensiones<\/a><\/td>\n<td class=\"tfuente\" align=\"right\">ABC<\/td>\n<\/tr>\n<tr>\n<td class=\"tfecha\">31\/12\/2012<\/td>\n<td class=\"titem\"><a href=\"http:\/\/www.clipmedia.net\/ficheros\/2012\/12_dic\/sr182.pdf\" target=\"_blank\">Los empresarios digieren la crisis y buscan la oportunidad <\/a><\/td>\n<td class=\"tfuente\" align=\"right\">El Economista<\/td>\n<\/tr>\n<tr>\n<td class=\"tfecha\">31\/12\/2012<\/td>\n<td class=\"titem\"><a href=\"http:\/\/www.clipmedia.net\/ficheros\/2012\/12_dic\/sr189.pdf\" target=\"_blank\">Las empleadas del hogar podr\u00e1n tramitar sus altas<\/a><\/td>\n<td class=\"tfuente\" align=\"right\">El Economista<\/td>\n<\/tr>\n<tr>\n<td class=\"tfecha\">31\/12\/2012<\/td>\n<td class=\"titem\"><a href=\"http:\/\/www.clipmedia.net\/ficheros\/2012\/12_dic\/sr190.pdf\" target=\"_blank\">Moncloa da tres meses para pactar la jubilaci\u00f3n anticipada<\/a><\/td>\n<td class=\"tfuente\" align=\"right\">El Economista<\/td>\n<\/tr>\n<tr>\n<td class=\"tfecha\">29\/12\/2012<\/td>\n<td class=\"titem\"><a href=\"http:\/\/www.clipmedia.net\/ficheros\/2012\/12_dic\/by702.pdf\" target=\"_blank\">Baja el l\u00edmite penal para el fraude a la Seguridad Social<\/a><\/td>\n<td class=\"tfuente\" align=\"right\">El Economista<\/td>\n<\/tr>\n<tr>\n<td class=\"tfecha\">29\/12\/2012<\/td>\n<td class=\"titem\"><a href=\"http:\/\/www.clipmedia.net\/ficheros\/2012\/12_dic\/by688.pdf\" target=\"_blank\">Tres meses para pactar la jubilaci\u00f3n anticipada<\/a><\/td>\n<td class=\"tfuente\" align=\"right\">El Peri\u00f3dico de Catalunya<\/td>\n<\/tr>\n<tr>\n<td class=\"tfecha\">29\/12\/2012<\/td>\n<td class=\"titem\"><a href=\"http:\/\/www.clipmedia.net\/ficheros\/2012\/12_dic\/by686.pdf\" target=\"_blank\">Las empleadas del hogar ser\u00e1n las que tendr\u00e1n que inscribirse en el Seguro<\/a><\/td>\n<td class=\"tfuente\" align=\"right\">El Peri\u00f3dico de Catalunya<\/td>\n<\/tr>\n<tr>\n<td class=\"tfecha\">29\/12\/2012<\/td>\n<td class=\"titem\"><a href=\"http:\/\/www.clipmedia.net\/ficheros\/2012\/12_dic\/by676.pdf\" target=\"_blank\">El Gobierno aplaza tres meses el endurecimiento de las prejubilaciones<\/a><\/td>\n<td class=\"tfuente\" align=\"right\">La Vanguardia<\/td>\n<\/tr>\n<tr>\n<td class=\"tfecha\">29\/12\/2012<\/td>\n<td class=\"titem\"><a href=\"http:\/\/www.clipmedia.net\/ficheros\/2012\/12_dic\/by674.pdf\" target=\"_blank\">As\u00ed ser\u00e1 el sistema de pensiones a partir de 2013<\/a><\/td>\n<td class=\"tfuente\" align=\"right\">Expansi\u00f3n<\/td>\n<\/tr>\n<tr>\n<td class=\"tfecha\">29\/12\/2012<\/td>\n<td class=\"titem\"><a href=\"http:\/\/www.clipmedia.net\/ficheros\/2012\/12_dic\/by671.pdf\" target=\"_blank\">El empleo que viene en 2013<\/a><\/td>\n<td class=\"tfuente\" align=\"right\">Expansi\u00f3n<\/td>\n<\/tr>\n<tr>\n<td class=\"tfecha\">29\/12\/2012<\/td>\n<td class=\"titem\"><a href=\"http:\/\/www.clipmedia.net\/ficheros\/2012\/12_dic\/by667.pdf\" target=\"_blank\">Triple de paro con doble de deuda<\/a><\/td>\n<td class=\"tfuente\" align=\"right\">El Economista<\/td>\n<\/tr>\n<tr>\n<td class=\"tfecha\">29\/12\/2012<\/td>\n<td class=\"titem\"><a href=\"http:\/\/www.clipmedia.net\/ficheros\/2012\/12_dic\/by666.pdf\" target=\"_blank\">Aumentar el salario m\u00ednimo hundir\u00e1 a\u00fan m\u00e1s el empleo<\/a><\/td>\n<td class=\"tfuente\" align=\"right\">El Economista<\/td>\n<\/tr>\n<tr>\n<td class=\"tfecha\">31\/12\/2012<\/td>\n<td class=\"titem\"><a href=\"http:\/\/www.clipmedia.net\/ficheros\/2012\/12_dic\/sr183.pdf\" target=\"_blank\">Los empresarios esperan que sea el \u00faltimo a\u00f1o de crisis<\/a><\/td>\n<td class=\"tfuente\" align=\"right\">El Economista<\/td>\n<\/tr>\n<tr>\n<td class=\"tfecha\">31\/12\/2012<\/td>\n<td class=\"titem\"><a href=\"http:\/\/www.clipmedia.net\/ficheros\/2012\/12_dic\/sr241.pdf\" target=\"_blank\">M\u00e1s a\u00f1os de trabajo y cotizaciones para jubilarse<\/a><\/td>\n<td class=\"tfuente\" align=\"right\">El Peri\u00f3dico de Catalunya<\/td>\n<\/tr>\n<tr>\n<td class=\"tfecha\">31\/12\/2012<\/td>\n<td class=\"titem\"><a href=\"http:\/\/www.clipmedia.net\/ficheros\/2012\/12_dic\/sr244.pdf\" target=\"_blank\">La Seguridad Social exige cinco puntos m\u00e1s a sus mejores cotizantes<\/a><\/td>\n<td class=\"tfuente\" align=\"right\">Cinco D\u00edas<\/td>\n<\/tr>\n<tr>\n<td colspan=\"3\"><\/td>\n<\/tr>\n<tr>\n<td class=\"tgrupo\" colspan=\"3\"><img loading=\"lazy\" decoding=\"async\" style=\"margin-right: 4px;\" src=\"http:\/\/www.gestoresalicante.org\/img\/newsletter\/picto.jpg\" alt=\"\" width=\"20\" height=\"18\" align=\"absmiddle\" \/> <strong>Sector inmobiliario<\/strong><\/td>\n<\/tr>\n<tr>\n<td class=\"tfecha\">29\/12\/2012<\/td>\n<td class=\"titem\"><a href=\"http:\/\/www.clipmedia.net\/ficheros\/2012\/12_dic\/by664.pdf\" target=\"_blank\">El PP ve en la compra de pisos protegidos una &#8216;inyecci\u00f3n de tesorer\u00eda&#8217; a Regesa<\/a><\/td>\n<td class=\"tfuente\" align=\"right\">El Mundo<\/td>\n<\/tr>\n<tr>\n<td class=\"tfecha\">31\/12\/2012<\/td>\n<td class=\"titem\"><a href=\"http:\/\/www.clipmedia.net\/ficheros\/2012\/12_dic\/sr240.pdf\" target=\"_blank\">Adi\u00f3s a los beneficios fiscales de la vivienda<\/a><\/td>\n<td class=\"tfuente\" align=\"right\">El Pa\u00eds<\/td>\n<\/tr>\n<tr>\n<td class=\"tfecha\">31\/12\/2012<\/td>\n<td class=\"titem\"><a href=\"http:\/\/www.clipmedia.net\/ficheros\/2012\/12_dic\/sr228.pdf\" target=\"_blank\">El d\u00eda 1 el IVA de la vivienda sube al 10% y no deducir\u00e1 la compra de casa<\/a><\/td>\n<td class=\"tfuente\" align=\"right\">ABC<\/td>\n<\/tr>\n<tr>\n<td class=\"tfecha\">31\/12\/2012<\/td>\n<td class=\"titem\"><a href=\"http:\/\/www.clipmedia.net\/ficheros\/2012\/12_dic\/sr243.pdf\" target=\"_blank\">Los rusos compran m\u00e1s casas en Espa\u00f1a que los alemanes<\/a><\/td>\n<td class=\"tfuente\" align=\"right\">Cinco D\u00edas<\/td>\n<\/tr>\n<tr>\n<td colspan=\"3\"><\/td>\n<\/tr>\n<tr>\n<td class=\"tgrupo\" colspan=\"3\"><img loading=\"lazy\" decoding=\"async\" style=\"margin-right: 4px;\" src=\"http:\/\/www.gestoresalicante.org\/img\/newsletter\/picto.jpg\" alt=\"\" width=\"20\" height=\"18\" align=\"absmiddle\" \/> <strong>B.O.E<\/strong><\/td>\n<\/tr>\n<tr>\n<td colspan=\"3\">(No hay registros)<\/td>\n<\/tr>\n<\/tbody>\n<\/table>\n<\/div>\n","protected":false},"excerpt":{"rendered":"<p>31\/12\/2012 30\/12\/2012 Acto en el Colegio de Gestores El Correo Gallego Sector Fiscal 29\/12\/2012 Los premios de la Loter\u00eda del &#8216;Ni\u00f1o&#8217;, los primeros en tributar por IRPF El Economista 29\/12\/2012 El alza del impuesto del patrimonio hace ganar 25.000 declarantes &hellip; <a href=\"https:\/\/www.gestoresalicante.org\/blog\/index.php\/2012\/12\/31\/resumen-de-prensa-31-12-2012\/\">Sigue leyendo <span class=\"meta-nav\">&rarr;<\/span><\/a><\/p>\n","protected":false},"author":4,"featured_media":0,"comment_status":"closed","ping_status":"closed","sticky":false,"template":"","format":"standard","meta":{"footnotes":""},"categories":[6],"tags":[],"class_list":["post-166","post","type-post","status-publish","format-standard","hentry","category-resumendeprensa"],"_links":{"self":[{"href":"https:\/\/www.gestoresalicante.org\/blog\/index.php\/wp-json\/wp\/v2\/posts\/166","targetHints":{"allow":["GET"]}}],"collection":[{"href":"https:\/\/www.gestoresalicante.org\/blog\/index.php\/wp-json\/wp\/v2\/posts"}],"about":[{"href":"https:\/\/www.gestoresalicante.org\/blog\/index.php\/wp-json\/wp\/v2\/types\/post"}],"author":[{"embeddable":true,"href":"https:\/\/www.gestoresalicante.org\/blog\/index.php\/wp-json\/wp\/v2\/users\/4"}],"replies":[{"embeddable":true,"href":"https:\/\/www.gestoresalicante.org\/blog\/index.php\/wp-json\/wp\/v2\/comments?post=166"}],"version-history":[{"count":2,"href":"https:\/\/www.gestoresalicante.org\/blog\/index.php\/wp-json\/wp\/v2\/posts\/166\/revisions"}],"predecessor-version":[{"id":177,"href":"https:\/\/www.gestoresalicante.org\/blog\/index.php\/wp-json\/wp\/v2\/posts\/166\/revisions\/177"}],"wp:attachment":[{"href":"https:\/\/www.gestoresalicante.org\/blog\/index.php\/wp-json\/wp\/v2\/media?parent=166"}],"wp:term":[{"taxonomy":"category","embeddable":true,"href":"https:\/\/www.gestoresalicante.org\/blog\/index.php\/wp-json\/wp\/v2\/categories?post=166"},{"taxonomy":"post_tag","embeddable":true,"href":"https:\/\/www.gestoresalicante.org\/blog\/index.php\/wp-json\/wp\/v2\/tags?post=166"}],"curies":[{"name":"wp","href":"https:\/\/api.w.org\/{rel}","templated":true}]}}