{"id":1758,"date":"2023-05-19T12:27:27","date_gmt":"2023-05-19T10:27:27","guid":{"rendered":"https:\/\/www.gestoresalicante.org\/blog\/?p=1758"},"modified":"2023-05-19T12:27:27","modified_gmt":"2023-05-19T10:27:27","slug":"boletin-extranjeria-no-9","status":"publish","type":"post","link":"https:\/\/www.gestoresalicante.org\/blog\/index.php\/2023\/05\/19\/boletin-extranjeria-no-9\/","title":{"rendered":"Bolet\u00edn Extranjer\u00eda N\u00ba 9"},"content":{"rendered":"\n<p>El&nbsp;<a href=\"https:\/\/www.boe.es\/\" target=\"_blank\" rel=\"noreferrer noopener\">Bolet\u00edn Oficial del Estado (BOE)<\/a>&nbsp;de hoy publica el&nbsp;<a href=\"https:\/\/www.boe.es\/diario_boe\/txt.php?id=BOE-A-2023-11735\" target=\"_blank\" rel=\"noreferrer noopener\"><strong>Acuerdo internacional administrativo entre el Ministerio de Educaci\u00f3n y Formaci\u00f3n Profesional y el Ministerio de Universidades del Reino de Espa\u00f1a y el Ministerio de Educaci\u00f3n Nacional de la Rep\u00fablica de Colombia relativo al reconocimiento mutuo en materia de acceso a la universidad en el Reino de Espa\u00f1a y a las instituciones de educaci\u00f3n superior en la Rep\u00fablica de Colombia<\/strong>, hecho en Madrid el 4 de mayo de 2023<\/a>, del que destacamos:<\/p>\n\n\n\n<p>Art\u00edculo&nbsp;1.?Objeto y \u00e1mbito de aplicaci\u00f3n.<\/p>\n\n\n\n<blockquote class=\"wp-block-quote is-layout-flow wp-block-quote-is-layout-flow\">\n<p><em>El objeto del presente Acuerdo es&nbsp;<strong>facilitar el acceso a la Universidad en el Reino de Espa\u00f1a y a las Instituciones de Educaci\u00f3n Superior en la Rep\u00fablica de Colombia a trav\u00e9s del mutuo reconocimiento de los t\u00edtulos, diplomas o certificados de presentaci\u00f3n de pruebas de Estado que constituyen requisitos de acceso a la Universidad en el sistema educativo espa\u00f1ol y a las Instituciones de Educaci\u00f3n Superior en el sistema educativo colombiano.<\/strong><\/em><\/p>\n\n\n\n<p><em>El presente Acuerdo es&nbsp;<strong>aplicable a los t\u00edtulos, diplomas o certificados de presentaci\u00f3n de pruebas de Estado que tengan validez oficial en el sistema educativo de cada una de las Partes y que habiliten para el acceso a la Universidad en Espa\u00f1a y a las Instituciones de Educaci\u00f3n Superior en Colombia<\/strong>, de acuerdo con las disposiciones normativas de cada Parte y, en todo caso, respetando las calificaciones m\u00ednimas exigidas en el anexo III.<\/em><\/p>\n\n\n\n<p><em>Art\u00edculo&nbsp;2.?Acceso.<\/em><\/p>\n\n\n\n<p><em>Las Partes&nbsp;<strong>reconocer\u00e1n, a los solos efectos del acceso a las universidades en Espa\u00f1a y a las instituciones de educaci\u00f3n superior en Colombia<\/strong>, de conformidad con su legislaci\u00f3n interna y en r\u00e9gimen de reciprocidad, los t\u00edtulos, diplomas o certificados de presentaci\u00f3n de pruebas de Estado, exigidos para acceder a la Universidad en el sistema educativo espa\u00f1ol y a las Instituciones de Educaci\u00f3n Superior en el sistema educativo colombiano.<\/em><\/p>\n\n\n\n<p><em>Art\u00edculo&nbsp;3.?Admisi\u00f3n.<\/em><\/p>\n\n\n\n<p><em>1.?<strong>El reconocimiento de los requisitos de acceso a que se refieren los art\u00edculos anteriores, y que son objeto de este acuerdo, no garantiza la admisi\u00f3n autom\u00e1tica en las universidades del sistema educativo espa\u00f1ol o en las instituciones de educaci\u00f3n superior del sistema educativo colombiano cuando:<\/strong><\/em><\/p>\n\n\n\n<p><em>a)?Se presenten situaciones de concurrencia competitiva, las cuales ser\u00e1n resueltas de acuerdo con los requisitos, criterios y procedimientos de adjudicaci\u00f3n de plazas establecidos en la normativa reguladora sobre el particular en cada una de las Partes.<\/em><\/p>\n\n\n\n<p><em>b)?Cuando las legislaciones nacionales contemplen la posibilidad de que las universidades espa\u00f1olas o las instituciones de educaci\u00f3n superior colombianas puedan exigir, adicionalmente, el cumplimiento o superaci\u00f3n de condiciones o requisitos de admisi\u00f3n particulares.<\/em><\/p>\n\n\n\n<p><em>2.?Con el fin de garantizar la incorporaci\u00f3n oportuna de los estudiantes a las Universidades e Instituciones de Educaci\u00f3n Superior, estas podr\u00e1n establecer, de acuerdo con su legislaci\u00f3n interna vigente, los procedimientos de admisi\u00f3n que consideren adecuados,&nbsp;<strong>teniendo en cuenta el calendario escolar de cada una de las Partes, as\u00ed como las fechas y los requisitos migratorios de cada una<\/strong>.<\/em><\/p>\n\n\n\n<p><em>(\u2026)<\/em><\/p>\n\n\n\n<p><em>*?*?*<\/em><\/p>\n\n\n\n<p><em>El presente Acuerdo internacional administrativo<strong>&nbsp;entr\u00f3 en vigor el&nbsp;4 de mayo de&nbsp;2023<\/strong>, fecha de su firma, seg\u00fan se establece en su art\u00edculo&nbsp;9.<\/em><\/p>\n<\/blockquote>\n","protected":false},"excerpt":{"rendered":"<p>El&nbsp;Bolet\u00edn Oficial del Estado (BOE)&nbsp;de hoy publica el&nbsp;Acuerdo internacional administrativo entre el Ministerio de Educaci\u00f3n y Formaci\u00f3n Profesional y el Ministerio de Universidades del Reino de Espa\u00f1a y el Ministerio de Educaci\u00f3n Nacional de la Rep\u00fablica de Colombia relativo al &hellip; <a href=\"https:\/\/www.gestoresalicante.org\/blog\/index.php\/2023\/05\/19\/boletin-extranjeria-no-9\/\">Sigue leyendo <span class=\"meta-nav\">&rarr;<\/span><\/a><\/p>\n","protected":false},"author":7,"featured_media":0,"comment_status":"closed","ping_status":"closed","sticky":false,"template":"","format":"standard","meta":{"footnotes":""},"categories":[10],"tags":[],"class_list":["post-1758","post","type-post","status-publish","format-standard","hentry","category-extranjeria"],"_links":{"self":[{"href":"https:\/\/www.gestoresalicante.org\/blog\/index.php\/wp-json\/wp\/v2\/posts\/1758","targetHints":{"allow":["GET"]}}],"collection":[{"href":"https:\/\/www.gestoresalicante.org\/blog\/index.php\/wp-json\/wp\/v2\/posts"}],"about":[{"href":"https:\/\/www.gestoresalicante.org\/blog\/index.php\/wp-json\/wp\/v2\/types\/post"}],"author":[{"embeddable":true,"href":"https:\/\/www.gestoresalicante.org\/blog\/index.php\/wp-json\/wp\/v2\/users\/7"}],"replies":[{"embeddable":true,"href":"https:\/\/www.gestoresalicante.org\/blog\/index.php\/wp-json\/wp\/v2\/comments?post=1758"}],"version-history":[{"count":1,"href":"https:\/\/www.gestoresalicante.org\/blog\/index.php\/wp-json\/wp\/v2\/posts\/1758\/revisions"}],"predecessor-version":[{"id":1759,"href":"https:\/\/www.gestoresalicante.org\/blog\/index.php\/wp-json\/wp\/v2\/posts\/1758\/revisions\/1759"}],"wp:attachment":[{"href":"https:\/\/www.gestoresalicante.org\/blog\/index.php\/wp-json\/wp\/v2\/media?parent=1758"}],"wp:term":[{"taxonomy":"category","embeddable":true,"href":"https:\/\/www.gestoresalicante.org\/blog\/index.php\/wp-json\/wp\/v2\/categories?post=1758"},{"taxonomy":"post_tag","embeddable":true,"href":"https:\/\/www.gestoresalicante.org\/blog\/index.php\/wp-json\/wp\/v2\/tags?post=1758"}],"curies":[{"name":"wp","href":"https:\/\/api.w.org\/{rel}","templated":true}]}}