{"id":1777,"date":"2023-06-29T09:49:46","date_gmt":"2023-06-29T07:49:46","guid":{"rendered":"https:\/\/www.gestoresalicante.org\/blog\/?p=1777"},"modified":"2023-06-29T09:49:46","modified_gmt":"2023-06-29T07:49:46","slug":"boletin-extranjeria-no-13","status":"publish","type":"post","link":"https:\/\/www.gestoresalicante.org\/blog\/index.php\/2023\/06\/29\/boletin-extranjeria-no-13\/","title":{"rendered":"Bolet\u00edn Extranjer\u00eda N\u00ba 13"},"content":{"rendered":"\n<p>La Sala de lo Contencioso-Administrativo del Tribunal Supremo ha declarado <strong>nulo de pleno derecho<\/strong> el art\u00edculo del Reglamento de la Ley de Extranjer\u00eda que establece como causa de extinci\u00f3n de la autorizaci\u00f3n de residencia temporal en Espa\u00f1a de ciudadanos extranjeros la permanencia fuera de Espa\u00f1a durante m\u00e1s de seis meses en el periodo de 1 a\u00f1o.&nbsp;<\/p>\n\n\n\n<p>El tribunal se\u00f1ala que el art\u00edculo est\u00e1 viciado de nulidad porque limita el derecho fundamental de libre circulaci\u00f3n de los ciudadanos extranjeros con residencia temporal en Espa\u00f1a, lo que s\u00f3lo puede hacerse por una norma con rango de ley, pero no por una norma reglamentaria como en este caso. La Sala recuerda que ning\u00fan art\u00edculo de la Ley Org\u00e1nica 4\/2000, sobre derechos y libertades de los extranjeros en Espa\u00f1a y su integraci\u00f3n social, da cobertura a esa disposici\u00f3n de su Reglamento, aprobado en el Real Decreto 557\/2011, y tampoco lo hace ninguna directiva europea.<\/p>\n\n\n\n<p>Para m\u00e1s informaci\u00f3n consultar&nbsp;<\/p>\n\n\n\n<p><a href=\"https:\/\/www.poderjudicial.es\/cgpj\/es\/Poder-Judicial\/Noticias-Judiciales\/El-Tribunal-Supremo-declara-nulo-el-articulo-del-Reglamento-de-Extranjeria-que-extingue-el-permiso-de-residencia-temporal-en-Espana-por-ausencia-de-seis-meses\">https:\/\/www.poderjudicial.es\/cgpj\/es\/Poder-Judicial\/Noticias-Judiciales\/El-Tribunal-Supremo-declara-nulo-el-articulo-del-Reglamento-de-Extranjeria-que-extingue-el-permiso-de-residencia-temporal-en-Espana-por-ausencia-de-seis-meses<\/a><\/p>\n\n\n\n<div data-wp-interactive=\"core\/file\" class=\"wp-block-file\"><object data-wp-bind--hidden=\"!state.hasPdfPreview\" hidden class=\"wp-block-file__embed\" data=\"https:\/\/www.gestoresalicante.org\/blog\/wp-content\/uploads\/2023\/06\/S22BW-823062910080.pdf\" type=\"application\/pdf\" style=\"width:100%;height:600px\" aria-label=\"Incrustado de S22BW-823062910080.\"><\/object><a id=\"wp-block-file--media-1f3ab94c-799e-4b09-a094-980b50665c17\" href=\"https:\/\/www.gestoresalicante.org\/blog\/wp-content\/uploads\/2023\/06\/S22BW-823062910080.pdf\">S22BW-823062910080<\/a><a href=\"https:\/\/www.gestoresalicante.org\/blog\/wp-content\/uploads\/2023\/06\/S22BW-823062910080.pdf\" class=\"wp-block-file__button wp-element-button\" download aria-describedby=\"wp-block-file--media-1f3ab94c-799e-4b09-a094-980b50665c17\">Descarga<\/a><\/div>\n","protected":false},"excerpt":{"rendered":"<p>La Sala de lo Contencioso-Administrativo del Tribunal Supremo ha declarado nulo de pleno derecho el art\u00edculo del Reglamento de la Ley de Extranjer\u00eda que establece como causa de extinci\u00f3n de la autorizaci\u00f3n de residencia temporal en Espa\u00f1a de ciudadanos extranjeros &hellip; <a href=\"https:\/\/www.gestoresalicante.org\/blog\/index.php\/2023\/06\/29\/boletin-extranjeria-no-13\/\">Sigue leyendo <span class=\"meta-nav\">&rarr;<\/span><\/a><\/p>\n","protected":false},"author":7,"featured_media":0,"comment_status":"closed","ping_status":"closed","sticky":false,"template":"","format":"standard","meta":{"footnotes":""},"categories":[10],"tags":[],"class_list":["post-1777","post","type-post","status-publish","format-standard","hentry","category-extranjeria"],"_links":{"self":[{"href":"https:\/\/www.gestoresalicante.org\/blog\/index.php\/wp-json\/wp\/v2\/posts\/1777","targetHints":{"allow":["GET"]}}],"collection":[{"href":"https:\/\/www.gestoresalicante.org\/blog\/index.php\/wp-json\/wp\/v2\/posts"}],"about":[{"href":"https:\/\/www.gestoresalicante.org\/blog\/index.php\/wp-json\/wp\/v2\/types\/post"}],"author":[{"embeddable":true,"href":"https:\/\/www.gestoresalicante.org\/blog\/index.php\/wp-json\/wp\/v2\/users\/7"}],"replies":[{"embeddable":true,"href":"https:\/\/www.gestoresalicante.org\/blog\/index.php\/wp-json\/wp\/v2\/comments?post=1777"}],"version-history":[{"count":1,"href":"https:\/\/www.gestoresalicante.org\/blog\/index.php\/wp-json\/wp\/v2\/posts\/1777\/revisions"}],"predecessor-version":[{"id":1779,"href":"https:\/\/www.gestoresalicante.org\/blog\/index.php\/wp-json\/wp\/v2\/posts\/1777\/revisions\/1779"}],"wp:attachment":[{"href":"https:\/\/www.gestoresalicante.org\/blog\/index.php\/wp-json\/wp\/v2\/media?parent=1777"}],"wp:term":[{"taxonomy":"category","embeddable":true,"href":"https:\/\/www.gestoresalicante.org\/blog\/index.php\/wp-json\/wp\/v2\/categories?post=1777"},{"taxonomy":"post_tag","embeddable":true,"href":"https:\/\/www.gestoresalicante.org\/blog\/index.php\/wp-json\/wp\/v2\/tags?post=1777"}],"curies":[{"name":"wp","href":"https:\/\/api.w.org\/{rel}","templated":true}]}}