{"id":1805,"date":"2023-11-15T13:12:59","date_gmt":"2023-11-15T12:12:59","guid":{"rendered":"https:\/\/www.gestoresalicante.org\/blog\/?p=1805"},"modified":"2023-11-15T13:12:59","modified_gmt":"2023-11-15T12:12:59","slug":"impresion-duplicados-telematicos-de-permiso-de-circulacion-y-ficha-itv-electronica-por-el-colegio-de-gestores-administrativos-de-alicante","status":"publish","type":"post","link":"https:\/\/www.gestoresalicante.org\/blog\/index.php\/2023\/11\/15\/impresion-duplicados-telematicos-de-permiso-de-circulacion-y-ficha-itv-electronica-por-el-colegio-de-gestores-administrativos-de-alicante\/","title":{"rendered":"Impresi\u00f3n Duplicados Telem\u00e1ticos de Permiso de Circulaci\u00f3n y Ficha  ITV Electr\u00f3nica por el Colegio de Gestores Administrativos de Alicante"},"content":{"rendered":"\n<p>Nos complace informarles que el Colegio de Gestores Administrativos de Alicante ha llevado a cabo con \u00e9xito su primera impresi\u00f3n de duplicado de Permiso de Circulaci\u00f3n y Ficha ITV Electr\u00f3nica. Este logro ha sido posible gracias a la valiosa colaboraci\u00f3n con la JPTA, que ha respaldado el nuevo procedimiento para la expedici\u00f3n telem\u00e1tica de estos documentos.<\/p>\n\n\n\n<p>Esta iniciativa marca un hito significativo en la simplificaci\u00f3n de procesos, beneficiando a nuestro colectivo y mejorando la accesibilidad a los servicios a los ciudadanos.<\/p>\n\n\n\n<p>Agradecemos a todos los involucrados por su dedicaci\u00f3n y apoyo en la implementaci\u00f3n de este innovador procedimiento. Estamos comprometidos en continuar trabajando para ofrecer soluciones eficaces que faciliten las gestiones de nuestros usuarios.<\/p>\n\n\n\n<p class=\"has-text-align-center\">Firmado: M\u00aa Teresa Vila Esteve<\/p>\n\n\n<div class=\"wp-block-image\">\n<figure class=\"aligncenter size-full is-resized\"><a href=\"https:\/\/www.gestoresalicante.org\/blog\/wp-content\/uploads\/2023\/11\/Firma_Ma-Teresa-Vila.jpg\"><img loading=\"lazy\" decoding=\"async\" src=\"https:\/\/www.gestoresalicante.org\/blog\/wp-content\/uploads\/2023\/11\/Firma_Ma-Teresa-Vila.jpg\" alt=\"\" class=\"wp-image-1810\" width=\"136\" height=\"83\" srcset=\"https:\/\/www.gestoresalicante.org\/blog\/wp-content\/uploads\/2023\/11\/Firma_Ma-Teresa-Vila.jpg 753w, https:\/\/www.gestoresalicante.org\/blog\/wp-content\/uploads\/2023\/11\/Firma_Ma-Teresa-Vila-300x184.jpg 300w\" sizes=\"auto, (max-width: 136px) 100vw, 136px\" \/><\/a><\/figure><\/div>\n\n\n<p class=\"has-text-align-center\">Presidenta COGAAlicante<\/p>\n\n\n\n<figure class=\"wp-block-image size-large\"><a href=\"https:\/\/www.gestoresalicante.org\/blog\/wp-content\/uploads\/2023\/11\/WhatsApp-Image-2023-11-15-at-11.39.22.jpeg\"><img loading=\"lazy\" decoding=\"async\" width=\"1024\" height=\"768\" src=\"https:\/\/www.gestoresalicante.org\/blog\/wp-content\/uploads\/2023\/11\/WhatsApp-Image-2023-11-15-at-11.39.22-1024x768.jpeg\" alt=\"\" class=\"wp-image-1806\" srcset=\"https:\/\/www.gestoresalicante.org\/blog\/wp-content\/uploads\/2023\/11\/WhatsApp-Image-2023-11-15-at-11.39.22-1024x768.jpeg 1024w, https:\/\/www.gestoresalicante.org\/blog\/wp-content\/uploads\/2023\/11\/WhatsApp-Image-2023-11-15-at-11.39.22-300x225.jpeg 300w, https:\/\/www.gestoresalicante.org\/blog\/wp-content\/uploads\/2023\/11\/WhatsApp-Image-2023-11-15-at-11.39.22-768x576.jpeg 768w, https:\/\/www.gestoresalicante.org\/blog\/wp-content\/uploads\/2023\/11\/WhatsApp-Image-2023-11-15-at-11.39.22-1536x1152.jpeg 1536w, https:\/\/www.gestoresalicante.org\/blog\/wp-content\/uploads\/2023\/11\/WhatsApp-Image-2023-11-15-at-11.39.22.jpeg 1600w\" sizes=\"auto, (max-width: 1024px) 100vw, 1024px\" \/><\/a><\/figure>\n\n\n\n<figure class=\"wp-block-image size-large\"><a href=\"https:\/\/www.gestoresalicante.org\/blog\/wp-content\/uploads\/2023\/11\/WhatsApp-Image-2023-11-15-at-11.39.22-1.jpeg\"><img loading=\"lazy\" decoding=\"async\" width=\"1024\" height=\"768\" src=\"https:\/\/www.gestoresalicante.org\/blog\/wp-content\/uploads\/2023\/11\/WhatsApp-Image-2023-11-15-at-11.39.22-1-1024x768.jpeg\" alt=\"\" class=\"wp-image-1807\" srcset=\"https:\/\/www.gestoresalicante.org\/blog\/wp-content\/uploads\/2023\/11\/WhatsApp-Image-2023-11-15-at-11.39.22-1-1024x768.jpeg 1024w, https:\/\/www.gestoresalicante.org\/blog\/wp-content\/uploads\/2023\/11\/WhatsApp-Image-2023-11-15-at-11.39.22-1-300x225.jpeg 300w, https:\/\/www.gestoresalicante.org\/blog\/wp-content\/uploads\/2023\/11\/WhatsApp-Image-2023-11-15-at-11.39.22-1-768x576.jpeg 768w, https:\/\/www.gestoresalicante.org\/blog\/wp-content\/uploads\/2023\/11\/WhatsApp-Image-2023-11-15-at-11.39.22-1-1536x1152.jpeg 1536w, https:\/\/www.gestoresalicante.org\/blog\/wp-content\/uploads\/2023\/11\/WhatsApp-Image-2023-11-15-at-11.39.22-1.jpeg 1600w\" sizes=\"auto, (max-width: 1024px) 100vw, 1024px\" \/><\/a><\/figure>\n","protected":false},"excerpt":{"rendered":"<p>Nos complace informarles que el Colegio de Gestores Administrativos de Alicante ha llevado a cabo con \u00e9xito su primera impresi\u00f3n de duplicado de Permiso de Circulaci\u00f3n y Ficha ITV Electr\u00f3nica. Este logro ha sido posible gracias a la valiosa colaboraci\u00f3n &hellip; <a href=\"https:\/\/www.gestoresalicante.org\/blog\/index.php\/2023\/11\/15\/impresion-duplicados-telematicos-de-permiso-de-circulacion-y-ficha-itv-electronica-por-el-colegio-de-gestores-administrativos-de-alicante\/\">Sigue leyendo <span class=\"meta-nav\">&rarr;<\/span><\/a><\/p>\n","protected":false},"author":4,"featured_media":0,"comment_status":"closed","ping_status":"closed","sticky":false,"template":"","format":"standard","meta":{"footnotes":""},"categories":[3],"tags":[],"class_list":["post-1805","post","type-post","status-publish","format-standard","hentry","category-noticias-de-interes"],"_links":{"self":[{"href":"https:\/\/www.gestoresalicante.org\/blog\/index.php\/wp-json\/wp\/v2\/posts\/1805","targetHints":{"allow":["GET"]}}],"collection":[{"href":"https:\/\/www.gestoresalicante.org\/blog\/index.php\/wp-json\/wp\/v2\/posts"}],"about":[{"href":"https:\/\/www.gestoresalicante.org\/blog\/index.php\/wp-json\/wp\/v2\/types\/post"}],"author":[{"embeddable":true,"href":"https:\/\/www.gestoresalicante.org\/blog\/index.php\/wp-json\/wp\/v2\/users\/4"}],"replies":[{"embeddable":true,"href":"https:\/\/www.gestoresalicante.org\/blog\/index.php\/wp-json\/wp\/v2\/comments?post=1805"}],"version-history":[{"count":3,"href":"https:\/\/www.gestoresalicante.org\/blog\/index.php\/wp-json\/wp\/v2\/posts\/1805\/revisions"}],"predecessor-version":[{"id":1811,"href":"https:\/\/www.gestoresalicante.org\/blog\/index.php\/wp-json\/wp\/v2\/posts\/1805\/revisions\/1811"}],"wp:attachment":[{"href":"https:\/\/www.gestoresalicante.org\/blog\/index.php\/wp-json\/wp\/v2\/media?parent=1805"}],"wp:term":[{"taxonomy":"category","embeddable":true,"href":"https:\/\/www.gestoresalicante.org\/blog\/index.php\/wp-json\/wp\/v2\/categories?post=1805"},{"taxonomy":"post_tag","embeddable":true,"href":"https:\/\/www.gestoresalicante.org\/blog\/index.php\/wp-json\/wp\/v2\/tags?post=1805"}],"curies":[{"name":"wp","href":"https:\/\/api.w.org\/{rel}","templated":true}]}}