{"id":1866,"date":"2024-01-29T08:46:42","date_gmt":"2024-01-29T07:46:42","guid":{"rendered":"https:\/\/www.gestoresalicante.org\/blog\/?p=1866"},"modified":"2024-01-29T08:46:42","modified_gmt":"2024-01-29T07:46:42","slug":"boletin-extranjeria-no-22","status":"publish","type":"post","link":"https:\/\/www.gestoresalicante.org\/blog\/index.php\/2024\/01\/29\/boletin-extranjeria-no-22\/","title":{"rendered":"Bolet\u00edn Extranjer\u00eda N\u00ba 22"},"content":{"rendered":"\n<p>El pasado 18 de diciembre de 2023 la Sala de lo Contencioso- Administrativo del Tribunal Supremo, Secci\u00f3n Quinta, dict\u00f3 una relevante sentencia relativa a la interpretaci\u00f3n del cumplimiento de los requisitos econ\u00f3micos en los procedimientos de solicitud de TIE de familiar de ciudadano de la Uni\u00f3n. Al respecto, entre otras cuestiones, el TS se reafirma en la siguiente doctrina:<\/p>\n\n\n\n<p><em>&nbsp;[&#8230;]\u00bbPues bien, de lo expresado, debemos deducir que lo esencial es &#8212;para el caso de que no se cumplan las condiciones para la reagrupaci\u00f3n previstas en los art\u00edculos 7 de la Directiva y el RD240&#8212; acreditar la relaci\u00f3n de dependencia efectiva entre el nacional espa\u00f1ol y el nacional de tercer pa\u00eds que pretende reagruparse con el primero; y ello, con la finalidad, a la vista de la doctrina establecida, de poder comprobar si, como consecuencia de tal relaci\u00f3n de dependencia &#8212;de la intensidad de la relaci\u00f3n de dependencia&#8212;, el nacional espa\u00f1ol estar\u00eda obligado a abandonar el territorio europeo en su conjunto. Con tal finalidad:&nbsp;<\/em><\/p>\n\n\n\n<p><em>a) El solicitante de la Tarjeta de Residencia de Familiar de Ciudadano de la Uni\u00f3n Europea debe formular solicitud pudiendo proceder, libremente, a la aportaci\u00f3n de la documentaci\u00f3n oportuna necesaria con la finalidad de acreditar la situaci\u00f3n econ\u00f3mica de ambos c\u00f3nyuges, y la posible situaci\u00f3n de dependencia derivada de la anterior.<\/em><\/p>\n\n\n\n<p><em>&nbsp;b) De forma expresa debe se\u00f1alarse que tal aportaci\u00f3n documental de finalidad probatoria puede ser llevada a cabo por cualquiera de los dos c\u00f3nyuges.<\/em><\/p>\n\n\n\n<p><em>c) Se impone a la Administraci\u00f3n la prohibici\u00f3n del rechazo autom\u00e1tico, o de plano, de la solicitud formulada, como consecuencia de la falta de acreditaci\u00f3n ab initio de los medios econ\u00f3micos de la pareja. d) Se impone, como necesaria e imprescindible, la exigencia de ponderaci\u00f3n &#8212;que es la expresi\u00f3n que reitera, en varias ocasiones, el Tribunal Constitucional en su FJ 4.b&#8212; de todas las circunstancias &#8212;no s\u00f3lo econ\u00f3micas, sino tambi\u00e9n de las circunstancias personales y de otra \u00edndole&#8212;, de ambos c\u00f3nyuges, pues todas ellas, en su conjunto, determinar\u00edan la concurrencia de la situaci\u00f3n de dependencia prevista en el apartado 39 de la STJUE, tomado en consideraci\u00f3n, en concreto, el derecho a la vida familiar y el principio de proporcionalidad\u00bb[&#8230;]<\/em><\/p>\n\n\n\n<p>Teniendo en cuenta las diferentes interpretaciones que dan a este aspecto las OEX de cada provincia resulta muy importante tener en cuenta los fundamentos de esta sentencia para fundamentar los recursos en caso de denegaci\u00f3n.<\/p>\n\n\n\n<div data-wp-interactive=\"core\/file\" class=\"wp-block-file\"><object data-wp-bind--hidden=\"!state.hasPdfPreview\" hidden class=\"wp-block-file__embed\" data=\"https:\/\/www.gestoresalicante.org\/blog\/wp-content\/uploads\/2024\/01\/STS_5748_2023.pdf\" type=\"application\/pdf\" style=\"width:100%;height:600px\" aria-label=\"Incrustado de STS_5748_2023.\"><\/object><a id=\"wp-block-file--media-4a8db771-a100-4d55-99f5-8f26c5cbd935\" href=\"https:\/\/www.gestoresalicante.org\/blog\/wp-content\/uploads\/2024\/01\/STS_5748_2023.pdf\">STS_5748_2023<\/a><a href=\"https:\/\/www.gestoresalicante.org\/blog\/wp-content\/uploads\/2024\/01\/STS_5748_2023.pdf\" class=\"wp-block-file__button wp-element-button\" download aria-describedby=\"wp-block-file--media-4a8db771-a100-4d55-99f5-8f26c5cbd935\">Descarga<\/a><\/div>\n","protected":false},"excerpt":{"rendered":"<p>El pasado 18 de diciembre de 2023 la Sala de lo Contencioso- Administrativo del Tribunal Supremo, Secci\u00f3n Quinta, dict\u00f3 una relevante sentencia relativa a la interpretaci\u00f3n del cumplimiento de los requisitos econ\u00f3micos en los procedimientos de solicitud de TIE de &hellip; <a href=\"https:\/\/www.gestoresalicante.org\/blog\/index.php\/2024\/01\/29\/boletin-extranjeria-no-22\/\">Sigue leyendo <span class=\"meta-nav\">&rarr;<\/span><\/a><\/p>\n","protected":false},"author":7,"featured_media":0,"comment_status":"closed","ping_status":"closed","sticky":false,"template":"","format":"standard","meta":{"footnotes":""},"categories":[10],"tags":[],"class_list":["post-1866","post","type-post","status-publish","format-standard","hentry","category-extranjeria"],"_links":{"self":[{"href":"https:\/\/www.gestoresalicante.org\/blog\/index.php\/wp-json\/wp\/v2\/posts\/1866","targetHints":{"allow":["GET"]}}],"collection":[{"href":"https:\/\/www.gestoresalicante.org\/blog\/index.php\/wp-json\/wp\/v2\/posts"}],"about":[{"href":"https:\/\/www.gestoresalicante.org\/blog\/index.php\/wp-json\/wp\/v2\/types\/post"}],"author":[{"embeddable":true,"href":"https:\/\/www.gestoresalicante.org\/blog\/index.php\/wp-json\/wp\/v2\/users\/7"}],"replies":[{"embeddable":true,"href":"https:\/\/www.gestoresalicante.org\/blog\/index.php\/wp-json\/wp\/v2\/comments?post=1866"}],"version-history":[{"count":1,"href":"https:\/\/www.gestoresalicante.org\/blog\/index.php\/wp-json\/wp\/v2\/posts\/1866\/revisions"}],"predecessor-version":[{"id":1868,"href":"https:\/\/www.gestoresalicante.org\/blog\/index.php\/wp-json\/wp\/v2\/posts\/1866\/revisions\/1868"}],"wp:attachment":[{"href":"https:\/\/www.gestoresalicante.org\/blog\/index.php\/wp-json\/wp\/v2\/media?parent=1866"}],"wp:term":[{"taxonomy":"category","embeddable":true,"href":"https:\/\/www.gestoresalicante.org\/blog\/index.php\/wp-json\/wp\/v2\/categories?post=1866"},{"taxonomy":"post_tag","embeddable":true,"href":"https:\/\/www.gestoresalicante.org\/blog\/index.php\/wp-json\/wp\/v2\/tags?post=1866"}],"curies":[{"name":"wp","href":"https:\/\/api.w.org\/{rel}","templated":true}]}}