{"id":1880,"date":"2024-02-22T08:54:52","date_gmt":"2024-02-22T07:54:52","guid":{"rendered":"https:\/\/www.gestoresalicante.org\/blog\/?p=1880"},"modified":"2024-02-22T08:54:52","modified_gmt":"2024-02-22T07:54:52","slug":"curso-de-formacion-sobre-novedades-en-el-impuesto-de-sucesiones-y-donaciones","status":"publish","type":"post","link":"https:\/\/www.gestoresalicante.org\/blog\/index.php\/2024\/02\/22\/curso-de-formacion-sobre-novedades-en-el-impuesto-de-sucesiones-y-donaciones\/","title":{"rendered":"Curso de Formaci\u00f3n sobre Novedades en el Impuesto de Sucesiones y Donaciones"},"content":{"rendered":"\n<p>21.02.2024 Jornada de formaci\u00f3n sobre las Novedades Fiscales en la Comunidad Valenciana para los ejercicios 2023 y 2024. Contamos con la presencia de D\u00aa Sonia D\u00edaz Espa\u00f1ol, Directora de la Agencia Tributaria Valenciana, acompa\u00f1ada de la Presidenta del Colegio de Gestores Administrativos de Alicante D\u00aa M\u00aa Teresa Vila Esteve.<\/p>\n\n\n\n<figure class=\"wp-block-image size-large\"><a href=\"https:\/\/www.gestoresalicante.org\/blog\/wp-content\/uploads\/2024\/02\/IMG_6743-1-scaled.jpg\"><img loading=\"lazy\" decoding=\"async\" width=\"1024\" height=\"683\" src=\"https:\/\/www.gestoresalicante.org\/blog\/wp-content\/uploads\/2024\/02\/IMG_6743-1-1024x683.jpg\" alt=\"\" class=\"wp-image-1883\" srcset=\"https:\/\/www.gestoresalicante.org\/blog\/wp-content\/uploads\/2024\/02\/IMG_6743-1-1024x683.jpg 1024w, https:\/\/www.gestoresalicante.org\/blog\/wp-content\/uploads\/2024\/02\/IMG_6743-1-300x200.jpg 300w, https:\/\/www.gestoresalicante.org\/blog\/wp-content\/uploads\/2024\/02\/IMG_6743-1-768x512.jpg 768w, https:\/\/www.gestoresalicante.org\/blog\/wp-content\/uploads\/2024\/02\/IMG_6743-1-1536x1024.jpg 1536w, https:\/\/www.gestoresalicante.org\/blog\/wp-content\/uploads\/2024\/02\/IMG_6743-1-2048x1365.jpg 2048w\" sizes=\"auto, (max-width: 1024px) 100vw, 1024px\" \/><\/a><\/figure>\n\n\n\n<figure class=\"wp-block-image size-large\"><a href=\"https:\/\/www.gestoresalicante.org\/blog\/wp-content\/uploads\/2024\/02\/IMG_6737-2-scaled.jpg\"><img loading=\"lazy\" decoding=\"async\" width=\"1024\" height=\"683\" src=\"https:\/\/www.gestoresalicante.org\/blog\/wp-content\/uploads\/2024\/02\/IMG_6737-2-1024x683.jpg\" alt=\"\" class=\"wp-image-1885\" srcset=\"https:\/\/www.gestoresalicante.org\/blog\/wp-content\/uploads\/2024\/02\/IMG_6737-2-1024x683.jpg 1024w, https:\/\/www.gestoresalicante.org\/blog\/wp-content\/uploads\/2024\/02\/IMG_6737-2-300x200.jpg 300w, https:\/\/www.gestoresalicante.org\/blog\/wp-content\/uploads\/2024\/02\/IMG_6737-2-768x512.jpg 768w, https:\/\/www.gestoresalicante.org\/blog\/wp-content\/uploads\/2024\/02\/IMG_6737-2-1536x1024.jpg 1536w, https:\/\/www.gestoresalicante.org\/blog\/wp-content\/uploads\/2024\/02\/IMG_6737-2-2048x1365.jpg 2048w\" sizes=\"auto, (max-width: 1024px) 100vw, 1024px\" \/><\/a><\/figure>\n\n\n\n<figure class=\"wp-block-image size-large\"><a href=\"https:\/\/www.gestoresalicante.org\/blog\/wp-content\/uploads\/2024\/02\/IMG_6727-scaled.jpg\"><img loading=\"lazy\" decoding=\"async\" width=\"1024\" height=\"683\" src=\"https:\/\/www.gestoresalicante.org\/blog\/wp-content\/uploads\/2024\/02\/IMG_6727-1024x683.jpg\" alt=\"\" class=\"wp-image-1886\" srcset=\"https:\/\/www.gestoresalicante.org\/blog\/wp-content\/uploads\/2024\/02\/IMG_6727-1024x683.jpg 1024w, https:\/\/www.gestoresalicante.org\/blog\/wp-content\/uploads\/2024\/02\/IMG_6727-300x200.jpg 300w, https:\/\/www.gestoresalicante.org\/blog\/wp-content\/uploads\/2024\/02\/IMG_6727-768x512.jpg 768w, https:\/\/www.gestoresalicante.org\/blog\/wp-content\/uploads\/2024\/02\/IMG_6727-1536x1024.jpg 1536w, https:\/\/www.gestoresalicante.org\/blog\/wp-content\/uploads\/2024\/02\/IMG_6727-2048x1365.jpg 2048w\" sizes=\"auto, (max-width: 1024px) 100vw, 1024px\" \/><\/a><\/figure>\n","protected":false},"excerpt":{"rendered":"<p>21.02.2024 Jornada de formaci\u00f3n sobre las Novedades Fiscales en la Comunidad Valenciana para los ejercicios 2023 y 2024. Contamos con la presencia de D\u00aa Sonia D\u00edaz Espa\u00f1ol, Directora de la Agencia Tributaria Valenciana, acompa\u00f1ada de la Presidenta del Colegio de &hellip; <a href=\"https:\/\/www.gestoresalicante.org\/blog\/index.php\/2024\/02\/22\/curso-de-formacion-sobre-novedades-en-el-impuesto-de-sucesiones-y-donaciones\/\">Sigue leyendo <span class=\"meta-nav\">&rarr;<\/span><\/a><\/p>\n","protected":false},"author":4,"featured_media":0,"comment_status":"closed","ping_status":"closed","sticky":false,"template":"","format":"standard","meta":{"footnotes":""},"categories":[4],"tags":[],"class_list":["post-1880","post","type-post","status-publish","format-standard","hentry","category-formacion"],"_links":{"self":[{"href":"https:\/\/www.gestoresalicante.org\/blog\/index.php\/wp-json\/wp\/v2\/posts\/1880","targetHints":{"allow":["GET"]}}],"collection":[{"href":"https:\/\/www.gestoresalicante.org\/blog\/index.php\/wp-json\/wp\/v2\/posts"}],"about":[{"href":"https:\/\/www.gestoresalicante.org\/blog\/index.php\/wp-json\/wp\/v2\/types\/post"}],"author":[{"embeddable":true,"href":"https:\/\/www.gestoresalicante.org\/blog\/index.php\/wp-json\/wp\/v2\/users\/4"}],"replies":[{"embeddable":true,"href":"https:\/\/www.gestoresalicante.org\/blog\/index.php\/wp-json\/wp\/v2\/comments?post=1880"}],"version-history":[{"count":1,"href":"https:\/\/www.gestoresalicante.org\/blog\/index.php\/wp-json\/wp\/v2\/posts\/1880\/revisions"}],"predecessor-version":[{"id":1887,"href":"https:\/\/www.gestoresalicante.org\/blog\/index.php\/wp-json\/wp\/v2\/posts\/1880\/revisions\/1887"}],"wp:attachment":[{"href":"https:\/\/www.gestoresalicante.org\/blog\/index.php\/wp-json\/wp\/v2\/media?parent=1880"}],"wp:term":[{"taxonomy":"category","embeddable":true,"href":"https:\/\/www.gestoresalicante.org\/blog\/index.php\/wp-json\/wp\/v2\/categories?post=1880"},{"taxonomy":"post_tag","embeddable":true,"href":"https:\/\/www.gestoresalicante.org\/blog\/index.php\/wp-json\/wp\/v2\/tags?post=1880"}],"curies":[{"name":"wp","href":"https:\/\/api.w.org\/{rel}","templated":true}]}}