{"id":189,"date":"2013-01-11T12:18:18","date_gmt":"2013-01-11T11:18:18","guid":{"rendered":"http:\/\/www.gestoresalicante.org\/blog\/index.php\/2013\/01\/14\/resumen-de-prensa-14-01-2013\/"},"modified":"2013-01-14T12:19:01","modified_gmt":"2013-01-14T11:19:01","slug":"resumen-de-prensa-11-01-2013","status":"publish","type":"post","link":"https:\/\/www.gestoresalicante.org\/blog\/index.php\/2013\/01\/11\/resumen-de-prensa-11-01-2013\/","title":{"rendered":"Resumen de Prensa 11-01-2013"},"content":{"rendered":"<div class=\"nboletin\">\n<table width=\"90%\" cellpadding=\"4\">\n<tbody>\n<tr>\n<td colspan=\"3\">\n<div style=\"background-color: #cccccc; padding: 4px 10px 4px 10px; width: 100%; border: 1px #414141 solid;\"><img loading=\"lazy\" decoding=\"async\" src=\"http:\/\/www.gestoresalicante.org\/img\/newsletter\/conges.jpg\" alt=\"Consejo de Gestores\" width=\"226\" height=\"70\" \/><\/div>\n<\/td>\n<\/tr>\n<tr>\n<td colspan=\"3\" align=\"right\"><strong>11\/01\/2013<br \/>\n<\/strong><\/td>\n<\/tr>\n<tr>\n<td colspan=\"3\"><\/td>\n<\/tr>\n<tr>\n<td class=\"tgrupo\" colspan=\"3\"><img loading=\"lazy\" decoding=\"async\" style=\"margin-right: 4px;\" src=\"http:\/\/www.gestoresalicante.org\/img\/newsletter\/picto.jpg\" alt=\"\" width=\"20\" height=\"18\" align=\"absmiddle\" \/> <strong>Consejo General de los Colegios de Gestores Administrativos<\/strong><\/td>\n<\/tr>\n<tr>\n<td class=\"tfecha\">11\/01\/2013<\/td>\n<td class=\"titem\"><a href=\"http:\/\/www.clipmedia.net\/ficheros\/2013\/01_ene\/sr980.pdf\" target=\"_blank\">Registradores y gestores administrativos compartir\u00e1n documentaci\u00f3n electr\u00f3nica<\/a><\/td>\n<td class=\"tfuente\" align=\"right\">El Economista &#8211; Iuris&amp;Lex<\/td>\n<\/tr>\n<tr>\n<td colspan=\"3\"><\/td>\n<\/tr>\n<tr>\n<td class=\"tgrupo\" colspan=\"3\"><img loading=\"lazy\" decoding=\"async\" style=\"margin-right: 4px;\" src=\"http:\/\/www.gestoresalicante.org\/img\/newsletter\/picto.jpg\" alt=\"\" width=\"20\" height=\"18\" align=\"absmiddle\" \/> <strong>Sector Fiscal<\/strong><\/td>\n<\/tr>\n<tr>\n<td class=\"tfecha\">11\/01\/2013<\/td>\n<td class=\"titem\"><a href=\"http:\/\/www.clipmedia.net\/ficheros\/2013\/01_ene\/sr860.pdf\" target=\"_blank\">Golpe legal a las empresas tecnol\u00f3gicas que evitan pagar impuestos en Espa\u00f1a<\/a><\/td>\n<td class=\"tfuente\" align=\"right\">Expansi\u00f3n<\/td>\n<\/tr>\n<tr>\n<td class=\"tfecha\">11\/01\/2013<\/td>\n<td class=\"titem\"><a href=\"http:\/\/www.clipmedia.net\/ficheros\/2013\/01_ene\/sr886.pdf\" target=\"_blank\">Art\u00edculo de opini\u00f3n: \u00c1ngel S\u00e1ez &#8211; Ahora, sucesiones<\/a><\/td>\n<td class=\"tfuente\" align=\"right\">La Vanguardia<\/td>\n<\/tr>\n<tr>\n<td class=\"tfecha\">11\/01\/2013<\/td>\n<td class=\"titem\"><a href=\"http:\/\/www.clipmedia.net\/ficheros\/2013\/01_ene\/sr891.pdf\" target=\"_blank\">El juez concursal puede dictar despidos con efecto retroactivo<\/a><\/td>\n<td class=\"tfuente\" align=\"right\">El Economista<\/td>\n<\/tr>\n<tr>\n<td class=\"tfecha\">11\/01\/2013<\/td>\n<td class=\"titem\"><a href=\"http:\/\/www.clipmedia.net\/ficheros\/2013\/01_ene\/sr892.pdf\" target=\"_blank\">El Supremo estudia si puede conocer un recurso contra las tasas<\/a><\/td>\n<td class=\"tfuente\" align=\"right\">El Economista<\/td>\n<\/tr>\n<tr>\n<td colspan=\"3\"><\/td>\n<\/tr>\n<tr>\n<td class=\"tgrupo\" colspan=\"3\"><img loading=\"lazy\" decoding=\"async\" style=\"margin-right: 4px;\" src=\"http:\/\/www.gestoresalicante.org\/img\/newsletter\/picto.jpg\" alt=\"\" width=\"20\" height=\"18\" align=\"absmiddle\" \/> <strong>Sector Veh\u00edculos<\/strong><\/td>\n<\/tr>\n<tr>\n<td class=\"tfecha\">11\/01\/2013<\/td>\n<td class=\"titem\"><a href=\"http:\/\/www.clipmedia.net\/ficheros\/2013\/01_ene\/sr889.pdf\" target=\"_blank\">La patronal del motor reclama la ampliaci\u00f3n del plan Pive<\/a><\/td>\n<td class=\"tfuente\" align=\"right\">El Economista<\/td>\n<\/tr>\n<tr>\n<td colspan=\"3\"><\/td>\n<\/tr>\n<tr>\n<td class=\"tgrupo\" colspan=\"3\"><img loading=\"lazy\" decoding=\"async\" style=\"margin-right: 4px;\" src=\"http:\/\/www.gestoresalicante.org\/img\/newsletter\/picto.jpg\" alt=\"\" width=\"20\" height=\"18\" align=\"absmiddle\" \/> <strong>Ventana Telem\u00e1tica<\/strong><\/td>\n<\/tr>\n<tr>\n<td colspan=\"3\">(No hay registros)<\/td>\n<\/tr>\n<tr>\n<td colspan=\"3\"><\/td>\n<\/tr>\n<tr>\n<td class=\"tgrupo\" colspan=\"3\"><img loading=\"lazy\" decoding=\"async\" style=\"margin-right: 4px;\" src=\"http:\/\/www.gestoresalicante.org\/img\/newsletter\/picto.jpg\" alt=\"\" width=\"20\" height=\"18\" align=\"absmiddle\" \/> <strong>Sector de la formaci\u00f3n<\/strong><\/td>\n<\/tr>\n<tr>\n<td class=\"tfecha\">11\/01\/2013<\/td>\n<td class=\"titem\"><a href=\"http:\/\/www.clipmedia.net\/ficheros\/2013\/01_ene\/sr894.pdf\" target=\"_blank\">El negocio de los nuevos m\u00e9todos de formaci\u00f3n<\/a><\/td>\n<td class=\"tfuente\" align=\"right\">Expansi\u00f3n<\/td>\n<\/tr>\n<tr>\n<td class=\"tfecha\">11\/01\/2013<\/td>\n<td class=\"titem\"><a href=\"http:\/\/www.clipmedia.net\/ficheros\/2013\/01_ene\/sr900.pdf\" target=\"_blank\">La UAB deja de pagar las becas S\u00e9neca por problemas de liquidez<\/a><\/td>\n<td class=\"tfuente\" align=\"right\">El Pa\u00eds<\/td>\n<\/tr>\n<tr>\n<td class=\"tfecha\">11\/01\/2013<\/td>\n<td class=\"titem\"><a href=\"http:\/\/www.clipmedia.net\/ficheros\/2013\/01_ene\/sr981.pdf\" target=\"_blank\">La escasez de trabajo apremia a los espa\u00f1oles a estudiar ingl\u00e9s<\/a><\/td>\n<td class=\"tfuente\" align=\"right\">El Peri\u00f3dico de Catalunya<\/td>\n<\/tr>\n<tr>\n<td colspan=\"3\"><\/td>\n<\/tr>\n<tr>\n<td class=\"tgrupo\" colspan=\"3\"><img loading=\"lazy\" decoding=\"async\" style=\"margin-right: 4px;\" src=\"http:\/\/www.gestoresalicante.org\/img\/newsletter\/picto.jpg\" alt=\"\" width=\"20\" height=\"18\" align=\"absmiddle\" \/> <strong>Sector Laboral<\/strong><\/td>\n<\/tr>\n<tr>\n<td class=\"tfecha\">11\/01\/2013<\/td>\n<td class=\"titem\"><a href=\"http:\/\/www.clipmedia.net\/ficheros\/2013\/01_ene\/sr887.pdf\" target=\"_blank\">La confianza empresarial cae por la falta de expectativas<\/a><\/td>\n<td class=\"tfuente\" align=\"right\">El Economista<\/td>\n<\/tr>\n<tr>\n<td class=\"tfecha\">11\/01\/2013<\/td>\n<td class=\"titem\"><a href=\"http:\/\/www.clipmedia.net\/ficheros\/2013\/01_ene\/sr888.pdf\" target=\"_blank\">La creaci\u00f3n de sociedades encadena cinco meses al alza<\/a><\/td>\n<td class=\"tfuente\" align=\"right\">El Economista<\/td>\n<\/tr>\n<tr>\n<td class=\"tfecha\">11\/01\/2013<\/td>\n<td class=\"titem\"><a href=\"http:\/\/www.clipmedia.net\/ficheros\/2013\/01_ene\/sr890.pdf\" target=\"_blank\">La prestaci\u00f3n de paro en Europa &#8216;se come&#8217; ya m\u00e1s de 208.000 millones anuales<\/a><\/td>\n<td class=\"tfuente\" align=\"right\">El Economista<\/td>\n<\/tr>\n<tr>\n<td class=\"tfecha\">11\/01\/2013<\/td>\n<td class=\"titem\"><a href=\"http:\/\/www.clipmedia.net\/ficheros\/2013\/01_ene\/sr896.pdf\" target=\"_blank\">Las empresas priorizan bonus y &#8216;stock options&#8217; para sortear el golpe fiscal a los blindajes<\/a><\/td>\n<td class=\"tfuente\" align=\"right\">Expansi\u00f3n<\/td>\n<\/tr>\n<tr>\n<td class=\"tfecha\">11\/01\/2013<\/td>\n<td class=\"titem\"><a href=\"http:\/\/www.clipmedia.net\/ficheros\/2013\/01_ene\/sr982.pdf\" target=\"_blank\">Juncker apuesta por la creaci\u00f3n de un salario m\u00ednimo europeo<\/a><\/td>\n<td class=\"tfuente\" align=\"right\">El Peri\u00f3dico de Catalunya<\/td>\n<\/tr>\n<tr>\n<td colspan=\"3\"><\/td>\n<\/tr>\n<tr>\n<td class=\"tgrupo\" colspan=\"3\"><img loading=\"lazy\" decoding=\"async\" style=\"margin-right: 4px;\" src=\"http:\/\/www.gestoresalicante.org\/img\/newsletter\/picto.jpg\" alt=\"\" width=\"20\" height=\"18\" align=\"absmiddle\" \/> <strong>Sector inmobiliario<\/strong><\/td>\n<\/tr>\n<tr>\n<td class=\"tfecha\">11\/01\/2013<\/td>\n<td class=\"titem\"><a href=\"http:\/\/www.clipmedia.net\/ficheros\/2013\/01_ene\/sr893.pdf\" target=\"_blank\">Un piso para 300<\/a><\/td>\n<td class=\"tfuente\" align=\"right\">La Vanguardia<\/td>\n<\/tr>\n<tr>\n<td class=\"tfecha\">11\/01\/2013<\/td>\n<td class=\"titem\"><a href=\"http:\/\/www.clipmedia.net\/ficheros\/2013\/01_ene\/sr895.pdf\" target=\"_blank\">El banco malo negocia la entrada de fondos extranjeros como asesores<\/a><\/td>\n<td class=\"tfuente\" align=\"right\">Expansi\u00f3n<\/td>\n<\/tr>\n<tr>\n<td class=\"tfecha\">11\/01\/2013<\/td>\n<td class=\"titem\"><a href=\"http:\/\/www.clipmedia.net\/ficheros\/2013\/01_ene\/sr898.pdf\" target=\"_blank\">El precio de los alquileres retrocede a niveles de hace una d\u00e9cada<\/a><\/td>\n<td class=\"tfuente\" align=\"right\">El Pa\u00eds<\/td>\n<\/tr>\n<tr>\n<td colspan=\"3\"><\/td>\n<\/tr>\n<tr>\n<td class=\"tgrupo\" colspan=\"3\"><img loading=\"lazy\" decoding=\"async\" style=\"margin-right: 4px;\" src=\"http:\/\/www.gestoresalicante.org\/img\/newsletter\/picto.jpg\" alt=\"\" width=\"20\" height=\"18\" align=\"absmiddle\" \/> <strong>B.O.E<\/strong><\/td>\n<\/tr>\n<tr>\n<td colspan=\"3\"><\/td>\n<\/tr>\n<\/tbody>\n<\/table>\n<\/div>\n","protected":false},"excerpt":{"rendered":"<p>11\/01\/2013 Consejo General de los Colegios de Gestores Administrativos 11\/01\/2013 Registradores y gestores administrativos compartir\u00e1n documentaci\u00f3n electr\u00f3nica El Economista &#8211; Iuris&amp;Lex Sector Fiscal 11\/01\/2013 Golpe legal a las empresas tecnol\u00f3gicas que evitan pagar impuestos en Espa\u00f1a Expansi\u00f3n 11\/01\/2013 Art\u00edculo de &hellip; <a href=\"https:\/\/www.gestoresalicante.org\/blog\/index.php\/2013\/01\/11\/resumen-de-prensa-11-01-2013\/\">Sigue leyendo <span class=\"meta-nav\">&rarr;<\/span><\/a><\/p>\n","protected":false},"author":4,"featured_media":0,"comment_status":"closed","ping_status":"closed","sticky":false,"template":"","format":"standard","meta":{"footnotes":""},"categories":[6],"tags":[],"class_list":["post-189","post","type-post","status-publish","format-standard","hentry","category-resumendeprensa"],"_links":{"self":[{"href":"https:\/\/www.gestoresalicante.org\/blog\/index.php\/wp-json\/wp\/v2\/posts\/189","targetHints":{"allow":["GET"]}}],"collection":[{"href":"https:\/\/www.gestoresalicante.org\/blog\/index.php\/wp-json\/wp\/v2\/posts"}],"about":[{"href":"https:\/\/www.gestoresalicante.org\/blog\/index.php\/wp-json\/wp\/v2\/types\/post"}],"author":[{"embeddable":true,"href":"https:\/\/www.gestoresalicante.org\/blog\/index.php\/wp-json\/wp\/v2\/users\/4"}],"replies":[{"embeddable":true,"href":"https:\/\/www.gestoresalicante.org\/blog\/index.php\/wp-json\/wp\/v2\/comments?post=189"}],"version-history":[{"count":1,"href":"https:\/\/www.gestoresalicante.org\/blog\/index.php\/wp-json\/wp\/v2\/posts\/189\/revisions"}],"predecessor-version":[{"id":190,"href":"https:\/\/www.gestoresalicante.org\/blog\/index.php\/wp-json\/wp\/v2\/posts\/189\/revisions\/190"}],"wp:attachment":[{"href":"https:\/\/www.gestoresalicante.org\/blog\/index.php\/wp-json\/wp\/v2\/media?parent=189"}],"wp:term":[{"taxonomy":"category","embeddable":true,"href":"https:\/\/www.gestoresalicante.org\/blog\/index.php\/wp-json\/wp\/v2\/categories?post=189"},{"taxonomy":"post_tag","embeddable":true,"href":"https:\/\/www.gestoresalicante.org\/blog\/index.php\/wp-json\/wp\/v2\/tags?post=189"}],"curies":[{"name":"wp","href":"https:\/\/api.w.org\/{rel}","templated":true}]}}