{"id":191,"date":"2013-01-14T12:19:53","date_gmt":"2013-01-14T11:19:53","guid":{"rendered":"http:\/\/www.gestoresalicante.org\/blog\/index.php\/2013\/01\/14\/resumen-de-prensa-14-01-2013\/"},"modified":"2013-01-14T12:25:03","modified_gmt":"2013-01-14T11:25:03","slug":"resumen-de-prensa-14-01-2013","status":"publish","type":"post","link":"https:\/\/www.gestoresalicante.org\/blog\/index.php\/2013\/01\/14\/resumen-de-prensa-14-01-2013\/","title":{"rendered":"Resumen de Prensa 14-01-2013"},"content":{"rendered":"<div class=\"nboletin\">\n<table width=\"90%\" cellpadding=\"4\">\n<tbody>\n<tr>\n<td colspan=\"3\">\n<div style=\"background-color: #cccccc; padding: 4px 10px 4px 10px; width: 100%; border: 1px #414141 solid;\"><img loading=\"lazy\" decoding=\"async\" src=\"http:\/\/www.gestoresalicante.org\/img\/newsletter\/conges.jpg\" alt=\"Consejo de Gestores\" width=\"226\" height=\"70\" \/><\/div>\n<\/td>\n<\/tr>\n<tr>\n<td colspan=\"3\" align=\"right\"><strong>14\/01\/2013<br \/>\n<\/strong><\/td>\n<\/tr>\n<tr>\n<td colspan=\"3\"><\/td>\n<\/tr>\n<tr>\n<td class=\"tgrupo\" colspan=\"3\"><img loading=\"lazy\" decoding=\"async\" style=\"margin-right: 4px;\" src=\"http:\/\/www.gestoresalicante.org\/img\/newsletter\/picto.jpg\" alt=\"\" width=\"20\" height=\"18\" align=\"absmiddle\" \/> <strong><\/strong><\/td>\n<\/tr>\n<tr>\n<td class=\"tfecha\">12\/01\/2013<\/td>\n<td class=\"titem\"><a href=\"http:\/\/www.clipmedia.net\/ficheros\/2013\/01_ene\/ss069.pdf\" target=\"_blank\">5\u00e8 Congr\u00e9s Catal\u00e0 de Comptabilitat i Diecci\u00f3: 6 i 7 de juny de 2013 a la Universitat Internacional de Catalunya<\/a><\/td>\n<td class=\"tfuente\" align=\"right\">Congreso Catal\u00e1n de Contabilidad y Direcci\u00f3n: 6 y 7 de junio de 2013 en la Universidad Internacional de Catalu\u00f1a<\/td>\n<\/tr>\n<tr>\n<td colspan=\"3\"><\/td>\n<\/tr>\n<tr>\n<td class=\"tgrupo\" colspan=\"3\"><img loading=\"lazy\" decoding=\"async\" style=\"margin-right: 4px;\" src=\"http:\/\/www.gestoresalicante.org\/img\/newsletter\/picto.jpg\" alt=\"\" width=\"20\" height=\"18\" align=\"absmiddle\" \/> <strong>Responsabilitat Global <\/strong><\/td>\n<\/tr>\n<tr>\n<td colspan=\"3\"><\/td>\n<\/tr>\n<tr>\n<td class=\"tgrupo\" colspan=\"3\"><img loading=\"lazy\" decoding=\"async\" style=\"margin-right: 4px;\" src=\"http:\/\/www.gestoresalicante.org\/img\/newsletter\/picto.jpg\" alt=\"\" width=\"20\" height=\"18\" align=\"absmiddle\" \/> <strong>Sector Fiscal<\/strong><\/td>\n<\/tr>\n<tr>\n<td class=\"tfecha\">14\/01\/2013<\/td>\n<td class=\"titem\"><a href=\"http:\/\/www.clipmedia.net\/ficheros\/2013\/01_ene\/ss023.pdf\" target=\"_blank\">El derroche auton\u00f3mico de la Competencia<\/a><\/td>\n<td class=\"tfuente\" align=\"right\">El Mundo<\/td>\n<\/tr>\n<tr>\n<td class=\"tfecha\">14\/01\/2013<\/td>\n<td class=\"titem\"><a href=\"http:\/\/www.clipmedia.net\/ficheros\/2013\/01_ene\/ss058.pdf\" target=\"_blank\">Espa\u00f1a sufre el mayor descenso de la presi\u00f3n fiscal en la zona euro<\/a><\/td>\n<td class=\"tfuente\" align=\"right\">El Pa\u00eds<\/td>\n<\/tr>\n<tr>\n<td class=\"tfecha\">14\/01\/2013<\/td>\n<td class=\"titem\"><a href=\"http:\/\/www.clipmedia.net\/ficheros\/2013\/01_ene\/ss066.pdf\" target=\"_blank\">Las lagunas de la reforma laboral atascan los despidos colectivos en los tribunales<\/a><\/td>\n<td class=\"tfuente\" align=\"right\">ABC<\/td>\n<\/tr>\n<tr>\n<td class=\"tfecha\">14\/01\/2013<\/td>\n<td class=\"titem\"><a href=\"http:\/\/www.clipmedia.net\/ficheros\/2013\/01_ene\/ss067.pdf\" target=\"_blank\">Catalu\u00f1a y Pa\u00eds Vasco desoyen al Estado en la apertura de festivos<\/a><\/td>\n<td class=\"tfuente\" align=\"right\">ABC<\/td>\n<\/tr>\n<tr>\n<td class=\"tfecha\">14\/01\/2013<\/td>\n<td class=\"titem\"><a href=\"http:\/\/www.clipmedia.net\/ficheros\/2013\/01_ene\/ss073.pdf\" target=\"_blank\">Tajo al gasto, con la reforma municipal<\/a><\/td>\n<td class=\"tfuente\" align=\"right\">El Economista<\/td>\n<\/tr>\n<tr>\n<td colspan=\"3\"><\/td>\n<\/tr>\n<tr>\n<td class=\"tgrupo\" colspan=\"3\"><img loading=\"lazy\" decoding=\"async\" style=\"margin-right: 4px;\" src=\"http:\/\/www.gestoresalicante.org\/img\/newsletter\/picto.jpg\" alt=\"\" width=\"20\" height=\"18\" align=\"absmiddle\" \/> <strong>Sector Veh\u00edculos<\/strong><\/td>\n<\/tr>\n<tr>\n<td class=\"tfecha\">14\/01\/2013<\/td>\n<td class=\"titem\"><a href=\"http:\/\/www.clipmedia.net\/ficheros\/2013\/01_ene\/ss012.pdf\" target=\"_blank\">El Santander entra en China: lanza una financiera para autom\u00f3viles<\/a><\/td>\n<td class=\"tfuente\" align=\"right\">El Economista<\/td>\n<\/tr>\n<tr>\n<td class=\"tfecha\">14\/01\/2013<\/td>\n<td class=\"titem\"><a href=\"http:\/\/www.clipmedia.net\/ficheros\/2013\/01_ene\/ss059.pdf\" target=\"_blank\">Detroit lanza nuevos modelos para mantener el repunte<\/a><\/td>\n<td class=\"tfuente\" align=\"right\">El Pa\u00eds<\/td>\n<\/tr>\n<tr>\n<td class=\"tfecha\">14\/01\/2013<\/td>\n<td class=\"titem\"><a href=\"http:\/\/www.clipmedia.net\/ficheros\/2013\/01_ene\/ss063.pdf\" target=\"_blank\">El PIVE fren\u00f3 la sangr\u00eda de empleos en concesionarios el pasado a\u00f1o<\/a><\/td>\n<td class=\"tfuente\" align=\"right\">Cinco D\u00edas<\/td>\n<\/tr>\n<tr>\n<td class=\"tfecha\">14\/01\/2013<\/td>\n<td class=\"titem\"><a href=\"http:\/\/www.clipmedia.net\/ficheros\/2013\/01_ene\/ss064.pdf\" target=\"_blank\">Las automatriculaciones se desploman<\/a><\/td>\n<td class=\"tfuente\" align=\"right\">Cinco D\u00edas<\/td>\n<\/tr>\n<tr>\n<td class=\"tfecha\">14\/01\/2013<\/td>\n<td class=\"titem\"><a href=\"http:\/\/www.clipmedia.net\/ficheros\/2013\/01_ene\/ss065.pdf\" target=\"_blank\">La demanda de coches usados super\u00f3 por primera vez a la oferta en 2012<\/a><\/td>\n<td class=\"tfuente\" align=\"right\">Cinco D\u00edas<\/td>\n<\/tr>\n<tr>\n<td class=\"tfecha\">14\/01\/2013<\/td>\n<td class=\"titem\"><a href=\"http:\/\/www.clipmedia.net\/ficheros\/2013\/01_ene\/ss070.pdf\" target=\"_blank\">El tr\u00e1fico se desploma en todas las autopistas de peaje de Espa\u00f1a<\/a><\/td>\n<td class=\"tfuente\" align=\"right\">La Gaceta de los Negocios<\/td>\n<\/tr>\n<tr>\n<td class=\"tfecha\">12\/01\/2013<\/td>\n<td class=\"titem\"><a href=\"http:\/\/www.clipmedia.net\/ficheros\/2013\/01_ene\/ss071.pdf\" target=\"_blank\">Don Felipe recibe en audiencia a la junta directiva de Afnac<\/a><\/td>\n<td class=\"tfuente\" align=\"right\">ABC<\/td>\n<\/tr>\n<tr>\n<td colspan=\"3\"><\/td>\n<\/tr>\n<tr>\n<td class=\"tgrupo\" colspan=\"3\"><img loading=\"lazy\" decoding=\"async\" style=\"margin-right: 4px;\" src=\"http:\/\/www.gestoresalicante.org\/img\/newsletter\/picto.jpg\" alt=\"\" width=\"20\" height=\"18\" align=\"absmiddle\" \/> <strong>Ventana Telem\u00e1tica<\/strong><\/td>\n<\/tr>\n<tr>\n<td class=\"tfecha\">14\/01\/2013<\/td>\n<td class=\"titem\"><a href=\"http:\/\/www.clipmedia.net\/ficheros\/2013\/01_ene\/ss054.pdf\" target=\"_blank\">MailScanner ha detectado un posible intento de fraude desde \u00abwww.clipmedia.net\u00bb Testamenta.com &#8211; Plataforma en l\u00ednea para testamentos<\/a><\/td>\n<td class=\"tfuente\" align=\"right\">La Vanguardia<\/td>\n<\/tr>\n<tr>\n<td colspan=\"3\"><\/td>\n<\/tr>\n<tr>\n<td class=\"tgrupo\" colspan=\"3\"><img loading=\"lazy\" decoding=\"async\" style=\"margin-right: 4px;\" src=\"http:\/\/www.gestoresalicante.org\/img\/newsletter\/picto.jpg\" alt=\"\" width=\"20\" height=\"18\" align=\"absmiddle\" \/> <strong>Sector de la formaci\u00f3n<\/strong><\/td>\n<\/tr>\n<tr>\n<td class=\"tfecha\">14\/01\/2013<\/td>\n<td class=\"titem\"><a href=\"http:\/\/www.clipmedia.net\/ficheros\/2013\/01_ene\/ss052.pdf\" target=\"_blank\">La UPC prepara un dr\u00e1stico plan de viabilidad<\/a><\/td>\n<td class=\"tfuente\" align=\"right\">La Vanguardia<\/td>\n<\/tr>\n<tr>\n<td colspan=\"3\"><\/td>\n<\/tr>\n<tr>\n<td class=\"tgrupo\" colspan=\"3\"><img loading=\"lazy\" decoding=\"async\" style=\"margin-right: 4px;\" src=\"http:\/\/www.gestoresalicante.org\/img\/newsletter\/picto.jpg\" alt=\"\" width=\"20\" height=\"18\" align=\"absmiddle\" \/> <strong>Sector Laboral<\/strong><\/td>\n<\/tr>\n<tr>\n<td class=\"tfecha\">14\/01\/2013<\/td>\n<td class=\"titem\"><a href=\"http:\/\/www.clipmedia.net\/ficheros\/2013\/01_ene\/ss014.pdf\" target=\"_blank\">El transporte de mercanc\u00edas por carretera cae en Espa\u00f1a un 3% por la falta de negocio<\/a><\/td>\n<td class=\"tfuente\" align=\"right\">El Economista<\/td>\n<\/tr>\n<tr>\n<td class=\"tfecha\">14\/01\/2013<\/td>\n<td class=\"titem\"><a href=\"http:\/\/www.clipmedia.net\/ficheros\/2013\/01_ene\/ss016.pdf\" target=\"_blank\">Hacia la total liberalizaci\u00f3n de los servicios profesionales<\/a><\/td>\n<td class=\"tfuente\" align=\"right\">El Economista<\/td>\n<\/tr>\n<tr>\n<td class=\"tfecha\">14\/01\/2013<\/td>\n<td class=\"titem\"><a href=\"http:\/\/www.clipmedia.net\/ficheros\/2013\/01_ene\/ss018.pdf\" target=\"_blank\">Las jornada de huelga se disparan en 2012 tras la reforma laboral<\/a><\/td>\n<td class=\"tfuente\" align=\"right\">El Pa\u00eds<\/td>\n<\/tr>\n<tr>\n<td class=\"tfecha\">12\/01\/2013<\/td>\n<td class=\"titem\"><a href=\"http:\/\/www.clipmedia.net\/ficheros\/2013\/01_ene\/by496.pdf\" target=\"_blank\">El Gobierno negocia con los sindicatos el empleo juvenil<\/a><\/td>\n<td class=\"tfuente\" align=\"right\">La Vanguardia<\/td>\n<\/tr>\n<tr>\n<td class=\"tfecha\">12\/01\/2013<\/td>\n<td class=\"titem\"><a href=\"http:\/\/www.clipmedia.net\/ficheros\/2013\/01_ene\/by497.pdf\" target=\"_blank\">La subida salarial en convenios se redujo al 1,3% en el 2012<\/a><\/td>\n<td class=\"tfuente\" align=\"right\">La Vanguardia<\/td>\n<\/tr>\n<tr>\n<td class=\"tfecha\">14\/01\/2013<\/td>\n<td class=\"titem\"><a href=\"http:\/\/www.clipmedia.net\/ficheros\/2013\/01_ene\/ss053.pdf\" target=\"_blank\">El debate sobre cambios en la jubilaci\u00f3n arranca con un fuerte rechazo<\/a><\/td>\n<td class=\"tfuente\" align=\"right\">La Vanguardia<\/td>\n<\/tr>\n<tr>\n<td class=\"tfecha\">14\/01\/2013<\/td>\n<td class=\"titem\"><a href=\"http:\/\/www.clipmedia.net\/ficheros\/2013\/01_ene\/ss060.pdf\" target=\"_blank\">M\u00e9xico, una gran oportunidad para el emprendedor espa\u00f1ol<\/a><\/td>\n<td class=\"tfuente\" align=\"right\">Expansi\u00f3n<\/td>\n<\/tr>\n<tr>\n<td class=\"tfecha\">14\/01\/2013<\/td>\n<td class=\"titem\"><a href=\"http:\/\/www.clipmedia.net\/ficheros\/2013\/01_ene\/ss061.pdf\" target=\"_blank\">Gu\u00eda para (intentar) eludir la reforma laboral en los convenios<\/a><\/td>\n<td class=\"tfuente\" align=\"right\">Cinco D\u00edas<\/td>\n<\/tr>\n<tr>\n<td class=\"tfecha\">14\/01\/2013<\/td>\n<td class=\"titem\"><a href=\"http:\/\/www.clipmedia.net\/ficheros\/2013\/01_ene\/ss062.pdf\" target=\"_blank\">Montoro controlar\u00e1 a los funcionarios para que cumplan su jornada laboral<\/a><\/td>\n<td class=\"tfuente\" align=\"right\">Cinco D\u00edas<\/td>\n<\/tr>\n<tr>\n<td class=\"tfecha\">12\/01\/2013<\/td>\n<td class=\"titem\"><a href=\"http:\/\/www.clipmedia.net\/ficheros\/2013\/01_ene\/ss072.pdf\" target=\"_blank\">Los convenios de nueva firma, los m\u00e1s &#8216;austeros&#8217; de los \u00faltimos a\u00f1os<\/a><\/td>\n<td class=\"tfuente\" align=\"right\">El Mundo<\/td>\n<\/tr>\n<tr>\n<td class=\"tfecha\">13\/01\/2013<\/td>\n<td class=\"titem\"><a href=\"http:\/\/www.clipmedia.net\/ficheros\/2013\/01_ene\/ss074.pdf\" target=\"_blank\">Colegios profesionales en alerta<\/a><\/td>\n<td class=\"tfuente\" align=\"right\">El Pa\u00eds<\/td>\n<\/tr>\n<tr>\n<td class=\"tfecha\">13\/01\/2013<\/td>\n<td class=\"titem\"><a href=\"http:\/\/www.clipmedia.net\/ficheros\/2013\/01_ene\/ss076.pdf\" target=\"_blank\">La propuesta del &#8216;eurosalario&#8217; choca con una UE dividida<\/a><\/td>\n<td class=\"tfuente\" align=\"right\">El Peri\u00f3dico de Catalunya<\/td>\n<\/tr>\n<tr>\n<td class=\"tfecha\">13\/01\/2013<\/td>\n<td class=\"titem\"><a href=\"http:\/\/www.clipmedia.net\/ficheros\/2013\/01_ene\/ss077.pdf\" target=\"_blank\">Los profesionales se oponen a que el Gobierno liberalice su actividad<\/a><\/td>\n<td class=\"tfuente\" align=\"right\">El Peri\u00f3dico de Catalunya<\/td>\n<\/tr>\n<tr>\n<td class=\"tfecha\">13\/01\/2013<\/td>\n<td class=\"titem\"><a href=\"http:\/\/www.clipmedia.net\/ficheros\/2013\/01_ene\/ss078.pdf\" target=\"_blank\">Cinco contra uno<\/a><\/td>\n<td class=\"tfuente\" align=\"right\">El Peri\u00f3dico de Catalunya<\/td>\n<\/tr>\n<tr>\n<td colspan=\"3\"><\/td>\n<\/tr>\n<tr>\n<td class=\"tgrupo\" colspan=\"3\"><img loading=\"lazy\" decoding=\"async\" style=\"margin-right: 4px;\" src=\"http:\/\/www.gestoresalicante.org\/img\/newsletter\/picto.jpg\" alt=\"\" width=\"20\" height=\"18\" align=\"absmiddle\" \/> <strong>Sector inmobiliario<\/strong><\/td>\n<\/tr>\n<tr>\n<td class=\"tfecha\">12\/01\/2013<\/td>\n<td class=\"titem\"><a href=\"http:\/\/www.clipmedia.net\/ficheros\/2013\/01_ene\/by492.pdf\" target=\"_blank\">\u00bfSubir\u00e1n las hipotecas? Bruselas cambiar\u00e1 el euribor para atajar abusos<\/a><\/td>\n<td class=\"tfuente\" align=\"right\">El Economista<\/td>\n<\/tr>\n<tr>\n<td class=\"tfecha\">14\/01\/2013<\/td>\n<td class=\"titem\"><a href=\"http:\/\/www.clipmedia.net\/ficheros\/2013\/01_ene\/ss068.pdf\" target=\"_blank\">La vivienda se encarecer\u00e1 un 20% por el fin de la deducci\u00f3n fiscal<\/a><\/td>\n<td class=\"tfuente\" align=\"right\">La Gaceta de los Negocios<\/td>\n<\/tr>\n<tr>\n<td class=\"tfecha\">14\/01\/2013<\/td>\n<td class=\"titem\"><a href=\"http:\/\/www.clipmedia.net\/ficheros\/2013\/01_ene\/ss075.pdf\" target=\"_blank\">&#8216;Stop Desahucios&#8217; urge que se debata la daci\u00f3n en pago<\/a><\/td>\n<td class=\"tfuente\" align=\"right\">El Pa\u00eds<\/td>\n<\/tr>\n<tr>\n<td colspan=\"3\"><\/td>\n<\/tr>\n<tr>\n<td class=\"tgrupo\" colspan=\"3\"><img loading=\"lazy\" decoding=\"async\" style=\"margin-right: 4px;\" src=\"http:\/\/www.gestoresalicante.org\/img\/newsletter\/picto.jpg\" alt=\"\" width=\"20\" height=\"18\" align=\"absmiddle\" \/> <strong>B.O.E<\/strong><\/td>\n<\/tr>\n<tr>\n<td colspan=\"3\">(No hay registros)<\/td>\n<\/tr>\n<\/tbody>\n<\/table>\n<\/div>\n","protected":false},"excerpt":{"rendered":"<p>14\/01\/2013 12\/01\/2013 5\u00e8 Congr\u00e9s Catal\u00e0 de Comptabilitat i Diecci\u00f3: 6 i 7 de juny de 2013 a la Universitat Internacional de Catalunya Congreso Catal\u00e1n de Contabilidad y Direcci\u00f3n: 6 y 7 de junio de 2013 en la Universidad Internacional de &hellip; <a href=\"https:\/\/www.gestoresalicante.org\/blog\/index.php\/2013\/01\/14\/resumen-de-prensa-14-01-2013\/\">Sigue leyendo <span class=\"meta-nav\">&rarr;<\/span><\/a><\/p>\n","protected":false},"author":4,"featured_media":0,"comment_status":"closed","ping_status":"closed","sticky":false,"template":"","format":"standard","meta":{"footnotes":""},"categories":[6],"tags":[],"class_list":["post-191","post","type-post","status-publish","format-standard","hentry","category-resumendeprensa"],"_links":{"self":[{"href":"https:\/\/www.gestoresalicante.org\/blog\/index.php\/wp-json\/wp\/v2\/posts\/191","targetHints":{"allow":["GET"]}}],"collection":[{"href":"https:\/\/www.gestoresalicante.org\/blog\/index.php\/wp-json\/wp\/v2\/posts"}],"about":[{"href":"https:\/\/www.gestoresalicante.org\/blog\/index.php\/wp-json\/wp\/v2\/types\/post"}],"author":[{"embeddable":true,"href":"https:\/\/www.gestoresalicante.org\/blog\/index.php\/wp-json\/wp\/v2\/users\/4"}],"replies":[{"embeddable":true,"href":"https:\/\/www.gestoresalicante.org\/blog\/index.php\/wp-json\/wp\/v2\/comments?post=191"}],"version-history":[{"count":3,"href":"https:\/\/www.gestoresalicante.org\/blog\/index.php\/wp-json\/wp\/v2\/posts\/191\/revisions"}],"predecessor-version":[{"id":194,"href":"https:\/\/www.gestoresalicante.org\/blog\/index.php\/wp-json\/wp\/v2\/posts\/191\/revisions\/194"}],"wp:attachment":[{"href":"https:\/\/www.gestoresalicante.org\/blog\/index.php\/wp-json\/wp\/v2\/media?parent=191"}],"wp:term":[{"taxonomy":"category","embeddable":true,"href":"https:\/\/www.gestoresalicante.org\/blog\/index.php\/wp-json\/wp\/v2\/categories?post=191"},{"taxonomy":"post_tag","embeddable":true,"href":"https:\/\/www.gestoresalicante.org\/blog\/index.php\/wp-json\/wp\/v2\/tags?post=191"}],"curies":[{"name":"wp","href":"https:\/\/api.w.org\/{rel}","templated":true}]}}