{"id":1975,"date":"2024-07-19T09:28:44","date_gmt":"2024-07-19T07:28:44","guid":{"rendered":"https:\/\/www.gestoresalicante.org\/blog\/?p=1975"},"modified":"2024-07-19T09:28:44","modified_gmt":"2024-07-19T07:28:44","slug":"curso-de-formacion-registro-mercantil-de-alicante","status":"publish","type":"post","link":"https:\/\/www.gestoresalicante.org\/blog\/index.php\/2024\/07\/19\/curso-de-formacion-registro-mercantil-de-alicante\/","title":{"rendered":"Curso de Formaci\u00f3n Registro Mercantil de Alicante."},"content":{"rendered":"\n<p>27.06.2024 Jornada de formaci\u00f3n dedicada a la Actualizaci\u00f3n y Novedades para las Cuenta Anuales del Ejercicio 2023. Contamos con la presencia de D. Juan F\u00ba Borr\u00e1s Meg\u00edas, Oficial Encargado del Registro Mercantil de Alicante y de D. V\u00edctor Baidez Sim\u00f3n, Responsable del departamento de inform\u00e1tica. Esta jornada tuvo como objetivo conocer las \u00faltimas modificaciones en materia de TR y CCAA, as\u00ed como la nueva sede electr\u00f3nica.<\/p>\n\n\n\n<figure class=\"wp-block-image size-large\"><a href=\"https:\/\/www.gestoresalicante.org\/blog\/wp-content\/uploads\/2024\/07\/IMG_6822-scaled.jpg\"><img loading=\"lazy\" decoding=\"async\" width=\"1024\" height=\"683\" src=\"https:\/\/www.gestoresalicante.org\/blog\/wp-content\/uploads\/2024\/07\/IMG_6822-1024x683.jpg\" alt=\"\" class=\"wp-image-1976\" srcset=\"https:\/\/www.gestoresalicante.org\/blog\/wp-content\/uploads\/2024\/07\/IMG_6822-1024x683.jpg 1024w, https:\/\/www.gestoresalicante.org\/blog\/wp-content\/uploads\/2024\/07\/IMG_6822-300x200.jpg 300w, https:\/\/www.gestoresalicante.org\/blog\/wp-content\/uploads\/2024\/07\/IMG_6822-768x512.jpg 768w, https:\/\/www.gestoresalicante.org\/blog\/wp-content\/uploads\/2024\/07\/IMG_6822-1536x1024.jpg 1536w, https:\/\/www.gestoresalicante.org\/blog\/wp-content\/uploads\/2024\/07\/IMG_6822-2048x1365.jpg 2048w\" sizes=\"auto, (max-width: 1024px) 100vw, 1024px\" \/><\/a><\/figure>\n","protected":false},"excerpt":{"rendered":"<p>27.06.2024 Jornada de formaci\u00f3n dedicada a la Actualizaci\u00f3n y Novedades para las Cuenta Anuales del Ejercicio 2023. Contamos con la presencia de D. Juan F\u00ba Borr\u00e1s Meg\u00edas, Oficial Encargado del Registro Mercantil de Alicante y de D. V\u00edctor Baidez Sim\u00f3n, &hellip; <a href=\"https:\/\/www.gestoresalicante.org\/blog\/index.php\/2024\/07\/19\/curso-de-formacion-registro-mercantil-de-alicante\/\">Sigue leyendo <span class=\"meta-nav\">&rarr;<\/span><\/a><\/p>\n","protected":false},"author":4,"featured_media":0,"comment_status":"closed","ping_status":"closed","sticky":false,"template":"","format":"standard","meta":{"footnotes":""},"categories":[4],"tags":[],"class_list":["post-1975","post","type-post","status-publish","format-standard","hentry","category-formacion"],"_links":{"self":[{"href":"https:\/\/www.gestoresalicante.org\/blog\/index.php\/wp-json\/wp\/v2\/posts\/1975","targetHints":{"allow":["GET"]}}],"collection":[{"href":"https:\/\/www.gestoresalicante.org\/blog\/index.php\/wp-json\/wp\/v2\/posts"}],"about":[{"href":"https:\/\/www.gestoresalicante.org\/blog\/index.php\/wp-json\/wp\/v2\/types\/post"}],"author":[{"embeddable":true,"href":"https:\/\/www.gestoresalicante.org\/blog\/index.php\/wp-json\/wp\/v2\/users\/4"}],"replies":[{"embeddable":true,"href":"https:\/\/www.gestoresalicante.org\/blog\/index.php\/wp-json\/wp\/v2\/comments?post=1975"}],"version-history":[{"count":1,"href":"https:\/\/www.gestoresalicante.org\/blog\/index.php\/wp-json\/wp\/v2\/posts\/1975\/revisions"}],"predecessor-version":[{"id":1977,"href":"https:\/\/www.gestoresalicante.org\/blog\/index.php\/wp-json\/wp\/v2\/posts\/1975\/revisions\/1977"}],"wp:attachment":[{"href":"https:\/\/www.gestoresalicante.org\/blog\/index.php\/wp-json\/wp\/v2\/media?parent=1975"}],"wp:term":[{"taxonomy":"category","embeddable":true,"href":"https:\/\/www.gestoresalicante.org\/blog\/index.php\/wp-json\/wp\/v2\/categories?post=1975"},{"taxonomy":"post_tag","embeddable":true,"href":"https:\/\/www.gestoresalicante.org\/blog\/index.php\/wp-json\/wp\/v2\/tags?post=1975"}],"curies":[{"name":"wp","href":"https:\/\/api.w.org\/{rel}","templated":true}]}}