{"id":202,"date":"2013-01-18T13:57:35","date_gmt":"2013-01-18T13:57:35","guid":{"rendered":"http:\/\/www.gestoresalicante.org\/blog\/index.php\/2013\/01\/18\/resumen-de-prensa-18-01-2013\/"},"modified":"-0001-11-30T00:00:00","modified_gmt":"-0001-11-29T22:00:00","slug":"resumen-de-prensa-18-01-2013","status":"publish","type":"post","link":"https:\/\/www.gestoresalicante.org\/blog\/index.php\/2013\/01\/18\/resumen-de-prensa-18-01-2013\/","title":{"rendered":"Resumen de Prensa 18-01-2013"},"content":{"rendered":"<div class=\"nboletin\">\n<table width=\"90%\" cellpadding=\"4\">\n<tr>\n<td colspan=\"3\">\n<div style=\"background-color: #CCCCCC;padding: 4px 10px 4px 10px;width: 100%;border: 1px #414141 solid;\"><img decoding=\"async\" alt=\"Consejo de Gestores\" src=\"http:\/\/www.gestoresalicante.org\/img\/newsletter\/conges.jpg\" width=226 height=70><\/div>\n<\/td>\n<\/tr>\n<tr>\n<td align=\"right\" colspan=\"3\"><strong>18\/01\/2013<br \/>\n<\/strong><\/td>\n<\/tr>\n<tr>\n<td colspan=\"3\">&nbsp;<\/td>\n<\/tr>\n<tr>\n<td colspan=\"3\" class=\"tgrupo\"><img loading=\"lazy\" decoding=\"async\" src=\"http:\/\/www.gestoresalicante.org\/img\/newsletter\/picto.jpg\" width=\"20\" height=\"18\" align=\"absmiddle\" style=\"margin-right: 4px;\"> <strong>Consejo General de los Colegios de Gestores Administrativos<\/strong><\/td>\n<\/tr>\n<tr>\n<td class=\"tfecha\">17\/01\/2013\n<\/td>\n<td class=\"titem\"><a href=\"http:\/\/www.clipmedia.net\/ficheros\/2013\/01_ene\/ss406.pdf\" target=\"_blank\">16 institucions p\u00fabliques i 6 entitats privades participaran al IV Encontre del F\u00f2rum Institucional de Qualitat de les Illes Balears <\/a>16\n<\/td>\n<td align=\"right\" class=\"tfuente\">instituciones p\u00fablicas y 6 privadas participar\u00e1n en el IV Encuentro del Foro Institucional de Calidad de las Islas Baleares<\/td>\n<\/tr>\n<tr>\n<td class=\"tfecha\">18\/01\/2013\n<\/td>\n<td class=\"titem\"><a href=\"http:\/\/www.clipmedia.net\/ficheros\/2013\/01_ene\/ss407.pdf\" target=\"_blank\">El Col\u00b7legi de Gestors es desvincula de la gestoria d&#8217;Antonio Rodr\u00edguez<\/a>El\n<\/td>\n<td align=\"right\" class=\"tfuente\">Colegio de Gestores se desvincula de la gestor\u00eda de Antonio Rodr\u00edguez<\/td>\n<\/tr>\n<tr>\n<td class=\"tfecha\">18\/01\/2013\n<\/td>\n<td class=\"titem\"><a href=\"http:\/\/www.clipmedia.net\/ficheros\/2013\/01_ene\/ss408.pdf\" target=\"_blank\">Anunci oficial<\/a>Anuncio\n<\/td>\n<td align=\"right\" class=\"tfuente\">oficialDiari de Tarragona <\/td>\n<\/tr>\n<tr>\n<td colspan=\"3\">&nbsp;<\/td>\n<\/tr>\n<tr>\n<td colspan=\"3\" class=\"tgrupo\"><img loading=\"lazy\" decoding=\"async\" src=\"http:\/\/www.gestoresalicante.org\/img\/newsletter\/picto.jpg\" width=\"20\" height=\"18\" align=\"absmiddle\" style=\"margin-right: 4px;\"> <strong>Sector Fiscal<\/strong><\/td>\n<\/tr>\n<tr>\n<td class=\"tfecha\">18\/01\/2013\n<\/td>\n<td class=\"titem\"><a href=\"http:\/\/www.clipmedia.net\/ficheros\/2013\/01_ene\/ss412.pdf\" target=\"_blank\">La UE condena a Espa\u00f1a por hacer un uso excesivo del IVA reducido<\/a>\n<\/td>\n<td align=\"right\" class=\"tfuente\">El Peri\u00f3dico de Catalunya <\/td>\n<\/tr>\n<tr>\n<td class=\"tfecha\">18\/01\/2013\n<\/td>\n<td class=\"titem\"><a href=\"http:\/\/www.clipmedia.net\/ficheros\/2013\/01_ene\/ss420.pdf\" target=\"_blank\">Hacienda acusa a varios mayoristas chinos de defraudar 64 millones<\/a>\n<\/td>\n<td align=\"right\" class=\"tfuente\">Expansi\u00f3n &#8211; Catalunya <\/td>\n<\/tr>\n<tr>\n<td class=\"tfecha\">18\/01\/2013\n<\/td>\n<td class=\"titem\"><a href=\"http:\/\/www.clipmedia.net\/ficheros\/2013\/01_ene\/ss428.pdf\" target=\"_blank\">Hacienda crea una web para denunciar pagos en efectivo<\/a>\n<\/td>\n<td align=\"right\" class=\"tfuente\">El Economista <\/td>\n<\/tr>\n<tr>\n<td colspan=\"3\">&nbsp;<\/td>\n<\/tr>\n<tr>\n<td colspan=\"3\" class=\"tgrupo\"><img loading=\"lazy\" decoding=\"async\" src=\"http:\/\/www.gestoresalicante.org\/img\/newsletter\/picto.jpg\" width=\"20\" height=\"18\" align=\"absmiddle\" style=\"margin-right: 4px;\"> <strong>Sector Veh\u00edculos<\/strong><\/td>\n<\/tr>\n<tr>\n<td class=\"tfecha\">18\/01\/2013\n<\/td>\n<td class=\"titem\"><a href=\"http:\/\/www.clipmedia.net\/ficheros\/2013\/01_ene\/ss416.pdf\" target=\"_blank\">Ford Valencia exportar\u00e1 furgonetas a Estados Unidos<\/a>\n<\/td>\n<td align=\"right\" class=\"tfuente\">El Mundo <\/td>\n<\/tr>\n<tr>\n<td class=\"tfecha\">18\/01\/2013\n<\/td>\n<td class=\"titem\"><a href=\"http:\/\/www.clipmedia.net\/ficheros\/2013\/01_ene\/ss431.pdf\" target=\"_blank\">Acea nombra nuevo presidente de comerciales<\/a>\n<\/td>\n<td align=\"right\" class=\"tfuente\">La Gaceta de los Negocios <\/td>\n<\/tr>\n<tr>\n<td colspan=\"3\">&nbsp;<\/td>\n<\/tr>\n<tr>\n<td colspan=\"3\" class=\"tgrupo\"><img loading=\"lazy\" decoding=\"async\" src=\"http:\/\/www.gestoresalicante.org\/img\/newsletter\/picto.jpg\" width=\"20\" height=\"18\" align=\"absmiddle\" style=\"margin-right: 4px;\"> <strong>Ventana Telem\u00e1tica<\/strong><\/td>\n<\/tr>\n<tr>\n<td colspan=\"3\">(No hay registros)<\/td>\n<\/tr>\n<tr>\n<td colspan=\"3\">&nbsp;<\/td>\n<\/tr>\n<tr>\n<td colspan=\"3\" class=\"tgrupo\"><img loading=\"lazy\" decoding=\"async\" src=\"http:\/\/www.gestoresalicante.org\/img\/newsletter\/picto.jpg\" width=\"20\" height=\"18\" align=\"absmiddle\" style=\"margin-right: 4px;\"> <strong>Sector de la formaci\u00f3n<\/strong><\/td>\n<\/tr>\n<tr>\n<td class=\"tfecha\">18\/01\/2013\n<\/td>\n<td class=\"titem\"><a href=\"http:\/\/www.clipmedia.net\/ficheros\/2013\/01_ene\/ss413.pdf\" target=\"_blank\">Tener estudios de secundaria ya no es garant\u00eda de inserci\u00f3n social<\/a>\n<\/td>\n<td align=\"right\" class=\"tfuente\">El Peri\u00f3dico de Catalunya <\/td>\n<\/tr>\n<tr>\n<td class=\"tfecha\">18\/01\/2013\n<\/td>\n<td class=\"titem\"><a href=\"http:\/\/www.clipmedia.net\/ficheros\/2013\/01_ene\/ss421.pdf\" target=\"_blank\">Una escuela de l\u00edderes en el epicentro de la abogac\u00eda mundial<\/a>\n<\/td>\n<td align=\"right\" class=\"tfuente\">Expansi\u00f3n <\/td>\n<\/tr>\n<tr>\n<td class=\"tfecha\">18\/01\/2013\n<\/td>\n<td class=\"titem\"><a href=\"http:\/\/www.clipmedia.net\/ficheros\/2013\/01_ene\/ss432.pdf\" target=\"_blank\">Galicia &#8211; Educaci\u00f3n impulsa la Formaci\u00f3n Profesional remunerada<\/a>\n<\/td>\n<td align=\"right\" class=\"tfuente\">La Gaceta de los Negocios <\/td>\n<\/tr>\n<tr>\n<td colspan=\"3\">&nbsp;<\/td>\n<\/tr>\n<tr>\n<td colspan=\"3\" class=\"tgrupo\"><img loading=\"lazy\" decoding=\"async\" src=\"http:\/\/www.gestoresalicante.org\/img\/newsletter\/picto.jpg\" width=\"20\" height=\"18\" align=\"absmiddle\" style=\"margin-right: 4px;\"> <strong>Sector Laboral<\/strong><\/td>\n<\/tr>\n<tr>\n<td class=\"tfecha\">18\/01\/2013\n<\/td>\n<td class=\"titem\"><a href=\"http:\/\/www.clipmedia.net\/ficheros\/2013\/01_ene\/ss419.pdf\" target=\"_blank\">Puig agilizar\u00e1 la estructura de Empresa i Ocupaci\u00f3<\/a>\n<\/td>\n<td align=\"right\" class=\"tfuente\">Expansi\u00f3n <\/td>\n<\/tr>\n<tr>\n<td class=\"tfecha\">18\/01\/2013\n<\/td>\n<td class=\"titem\"><a href=\"http:\/\/www.clipmedia.net\/ficheros\/2013\/01_ene\/ss433.pdf\" target=\"_blank\">Patronal y sindicatos, enfrentados por la rebaja de cuotas para los j\u00f3venes<\/a>\n<\/td>\n<td align=\"right\" class=\"tfuente\">Cinco D\u00edas <\/td>\n<\/tr>\n<tr>\n<td colspan=\"3\">&nbsp;<\/td>\n<\/tr>\n<tr>\n<td colspan=\"3\" class=\"tgrupo\"><img loading=\"lazy\" decoding=\"async\" src=\"http:\/\/www.gestoresalicante.org\/img\/newsletter\/picto.jpg\" width=\"20\" height=\"18\" align=\"absmiddle\" style=\"margin-right: 4px;\"> <strong>Sector inmobiliario<\/strong><\/td>\n<\/tr>\n<tr>\n<td class=\"tfecha\">18\/01\/2013\n<\/td>\n<td class=\"titem\"><a href=\"http:\/\/www.clipmedia.net\/ficheros\/2013\/01_ene\/ss422.pdf\" target=\"_blank\">El Gobierno lanza el fondo social de pisos: &#8216;No es un esfuerzo excesivo&#8217;<\/a>\n<\/td>\n<td align=\"right\" class=\"tfuente\">Expansi\u00f3n <\/td>\n<\/tr>\n<tr>\n<td class=\"tfecha\">18\/01\/2013\n<\/td>\n<td class=\"titem\"><a href=\"http:\/\/www.clipmedia.net\/ficheros\/2013\/01_ene\/ss423.pdf\" target=\"_blank\">S&amp;P: El precio de la vivienda caer\u00e1 otro 20%<\/a>\n<\/td>\n<td align=\"right\" class=\"tfuente\">Expansi\u00f3n <\/td>\n<\/tr>\n<tr>\n<td class=\"tfecha\">18\/01\/2013\n<\/td>\n<td class=\"titem\"><a href=\"http:\/\/www.clipmedia.net\/ficheros\/2013\/01_ene\/ss427.pdf\" target=\"_blank\">El Supremo perfila su doctrina sobre la &#8216;estafa inmobiliaria&#8217; <\/a>\n<\/td>\n<td align=\"right\" class=\"tfuente\">El Economista <\/td>\n<\/tr>\n<tr>\n<td class=\"tfecha\">18\/01\/2013\n<\/td>\n<td class=\"titem\"><a href=\"http:\/\/www.clipmedia.net\/ficheros\/2013\/01_ene\/ss429.pdf\" target=\"_blank\">Un fondo de viviendas sociales para arrendar<\/a>\n<\/td>\n<td align=\"right\" class=\"tfuente\">El Economista &#8211; Iuris&amp;Lex <\/td>\n<\/tr>\n<tr>\n<td class=\"tfecha\">18\/01\/2013\n<\/td>\n<td class=\"titem\"><a href=\"http:\/\/www.clipmedia.net\/ficheros\/2013\/01_ene\/ss430.pdf\" target=\"_blank\">El precio de la vivienda bajar\u00e1 un 14% en dos a\u00f1os<\/a>\n<\/td>\n<td align=\"right\" class=\"tfuente\">La Raz\u00f3n <\/td>\n<\/tr>\n<tr>\n<td class=\"tfecha\">18\/01\/2013\n<\/td>\n<td class=\"titem\"><a href=\"http:\/\/www.clipmedia.net\/ficheros\/2013\/01_ene\/ss434.pdf\" target=\"_blank\">La soluci\u00f3n a la paralizaci\u00f3n de 22 nuevos barrios en Madrid, en 2014<\/a>\n<\/td>\n<td align=\"right\" class=\"tfuente\">Cinco D\u00edas <\/td>\n<\/tr>\n<tr>\n<td colspan=\"3\">&nbsp;<\/td>\n<\/tr>\n<tr>\n<td colspan=\"3\" class=\"tgrupo\"><img loading=\"lazy\" decoding=\"async\" src=\"http:\/\/www.gestoresalicante.org\/img\/newsletter\/picto.jpg\" width=\"20\" height=\"18\" align=\"absmiddle\" style=\"margin-right: 4px;\"> <strong>B.O.E<\/strong><\/td>\n<\/tr>\n<tr>\n<td colspan=\"3\">(No hay registros)<\/td>\n<\/tr>\n<\/table>\n<\/div>\n","protected":false},"excerpt":{"rendered":"<p>18\/01\/2013 &nbsp; Consejo General de los Colegios de Gestores Administrativos 17\/01\/2013 16 institucions p\u00fabliques i 6 entitats privades participaran al IV Encontre del F\u00f2rum Institucional de Qualitat de les Illes Balears 16 instituciones p\u00fablicas y 6 privadas participar\u00e1n en el &hellip; <a href=\"https:\/\/www.gestoresalicante.org\/blog\/index.php\/2013\/01\/18\/resumen-de-prensa-18-01-2013\/\">Sigue leyendo <span class=\"meta-nav\">&rarr;<\/span><\/a><\/p>\n","protected":false},"author":4,"featured_media":0,"comment_status":"closed","ping_status":"closed","sticky":false,"template":"","format":"standard","meta":{"footnotes":""},"categories":[6],"tags":[],"class_list":["post-202","post","type-post","status-publish","format-standard","hentry","category-resumendeprensa"],"_links":{"self":[{"href":"https:\/\/www.gestoresalicante.org\/blog\/index.php\/wp-json\/wp\/v2\/posts\/202","targetHints":{"allow":["GET"]}}],"collection":[{"href":"https:\/\/www.gestoresalicante.org\/blog\/index.php\/wp-json\/wp\/v2\/posts"}],"about":[{"href":"https:\/\/www.gestoresalicante.org\/blog\/index.php\/wp-json\/wp\/v2\/types\/post"}],"author":[{"embeddable":true,"href":"https:\/\/www.gestoresalicante.org\/blog\/index.php\/wp-json\/wp\/v2\/users\/4"}],"replies":[{"embeddable":true,"href":"https:\/\/www.gestoresalicante.org\/blog\/index.php\/wp-json\/wp\/v2\/comments?post=202"}],"version-history":[{"count":0,"href":"https:\/\/www.gestoresalicante.org\/blog\/index.php\/wp-json\/wp\/v2\/posts\/202\/revisions"}],"wp:attachment":[{"href":"https:\/\/www.gestoresalicante.org\/blog\/index.php\/wp-json\/wp\/v2\/media?parent=202"}],"wp:term":[{"taxonomy":"category","embeddable":true,"href":"https:\/\/www.gestoresalicante.org\/blog\/index.php\/wp-json\/wp\/v2\/categories?post=202"},{"taxonomy":"post_tag","embeddable":true,"href":"https:\/\/www.gestoresalicante.org\/blog\/index.php\/wp-json\/wp\/v2\/tags?post=202"}],"curies":[{"name":"wp","href":"https:\/\/api.w.org\/{rel}","templated":true}]}}