{"id":2052,"date":"2025-02-25T11:10:32","date_gmt":"2025-02-25T10:10:32","guid":{"rendered":"https:\/\/www.gestoresalicante.org\/blog\/?p=2052"},"modified":"2025-02-25T11:10:32","modified_gmt":"2025-02-25T10:10:32","slug":"comida-de-hermandad-2024","status":"publish","type":"post","link":"https:\/\/www.gestoresalicante.org\/blog\/index.php\/2025\/02\/25\/comida-de-hermandad-2024\/","title":{"rendered":"Comida de Hermandad 2024"},"content":{"rendered":"\n<p>S\u00e1bado 08 de febrero 2025. Un a\u00f1o m\u00e1s celebramos la Comida de Hermandad, siendo la presidenta D\u00aa Mar\u00eda Teresa Vila Esteve la que nos ofreci\u00f3 unas palabras junto con el Jefe Provincial de la Jefatura Provincial de Tr\u00e1fico de Alicante D. Antonio Fornes Mendez.<\/p>\n\n\n\n<figure class=\"wp-block-embed is-type-video is-provider-youtube wp-block-embed-youtube wp-embed-aspect-16-9 wp-has-aspect-ratio\"><div class=\"wp-block-embed__wrapper\">\n<iframe loading=\"lazy\" title=\"Comida de Hermandad 2024 - Discurso Mar\u00eda Teresa Vila y Antonio Forn\u00e9s.\" width=\"640\" height=\"360\" src=\"https:\/\/www.youtube.com\/embed\/xqAw1CXE-6g?feature=oembed\" frameborder=\"0\" allow=\"accelerometer; autoplay; clipboard-write; encrypted-media; gyroscope; picture-in-picture; web-share\" referrerpolicy=\"strict-origin-when-cross-origin\" allowfullscreen><\/iframe>\n<\/div><\/figure>\n\n\n\n<p>Fue un enorme \u00e9xito tanto en participaci\u00f3n, en gratitud como en compa\u00f1erismo. Una ocasi\u00f3n para aunar fuerzas y fortalecer lazos en pro de la profesi\u00f3n. Tanto la Junta de Gobierno como vuestra Presidenta nos sentimos orgullosos de que pertenezc\u00e1is a este colectivo.<\/p>\n\n\n\n<p><\/p>\n","protected":false},"excerpt":{"rendered":"<p>S\u00e1bado 08 de febrero 2025. Un a\u00f1o m\u00e1s celebramos la Comida de Hermandad, siendo la presidenta D\u00aa Mar\u00eda Teresa Vila Esteve la que nos ofreci\u00f3 unas palabras junto con el Jefe Provincial de la Jefatura Provincial de Tr\u00e1fico de Alicante &hellip; <a href=\"https:\/\/www.gestoresalicante.org\/blog\/index.php\/2025\/02\/25\/comida-de-hermandad-2024\/\">Sigue leyendo <span class=\"meta-nav\">&rarr;<\/span><\/a><\/p>\n","protected":false},"author":4,"featured_media":0,"comment_status":"closed","ping_status":"closed","sticky":false,"template":"","format":"standard","meta":{"footnotes":""},"categories":[3],"tags":[],"class_list":["post-2052","post","type-post","status-publish","format-standard","hentry","category-noticias-de-interes"],"_links":{"self":[{"href":"https:\/\/www.gestoresalicante.org\/blog\/index.php\/wp-json\/wp\/v2\/posts\/2052","targetHints":{"allow":["GET"]}}],"collection":[{"href":"https:\/\/www.gestoresalicante.org\/blog\/index.php\/wp-json\/wp\/v2\/posts"}],"about":[{"href":"https:\/\/www.gestoresalicante.org\/blog\/index.php\/wp-json\/wp\/v2\/types\/post"}],"author":[{"embeddable":true,"href":"https:\/\/www.gestoresalicante.org\/blog\/index.php\/wp-json\/wp\/v2\/users\/4"}],"replies":[{"embeddable":true,"href":"https:\/\/www.gestoresalicante.org\/blog\/index.php\/wp-json\/wp\/v2\/comments?post=2052"}],"version-history":[{"count":6,"href":"https:\/\/www.gestoresalicante.org\/blog\/index.php\/wp-json\/wp\/v2\/posts\/2052\/revisions"}],"predecessor-version":[{"id":2058,"href":"https:\/\/www.gestoresalicante.org\/blog\/index.php\/wp-json\/wp\/v2\/posts\/2052\/revisions\/2058"}],"wp:attachment":[{"href":"https:\/\/www.gestoresalicante.org\/blog\/index.php\/wp-json\/wp\/v2\/media?parent=2052"}],"wp:term":[{"taxonomy":"category","embeddable":true,"href":"https:\/\/www.gestoresalicante.org\/blog\/index.php\/wp-json\/wp\/v2\/categories?post=2052"},{"taxonomy":"post_tag","embeddable":true,"href":"https:\/\/www.gestoresalicante.org\/blog\/index.php\/wp-json\/wp\/v2\/tags?post=2052"}],"curies":[{"name":"wp","href":"https:\/\/api.w.org\/{rel}","templated":true}]}}