{"id":206,"date":"2013-01-22T12:22:03","date_gmt":"2013-01-22T12:22:03","guid":{"rendered":"http:\/\/www.gestoresalicante.org\/blog\/index.php\/2013\/01\/22\/resumen-de-prensa-22-01-2013\/"},"modified":"-0001-11-30T00:00:00","modified_gmt":"-0001-11-29T22:00:00","slug":"resumen-de-prensa-22-01-2013","status":"publish","type":"post","link":"https:\/\/www.gestoresalicante.org\/blog\/index.php\/2013\/01\/22\/resumen-de-prensa-22-01-2013\/","title":{"rendered":"Resumen de Prensa 22-01-2013"},"content":{"rendered":"<div class=\"nboletin\">\n<table width=\"90%\" cellpadding=\"4\">\n<tr>\n<td colspan=\"3\">\n<div style=\"background-color: #CCCCCC;padding: 4px 10px 4px 10px;width: 100%;border: 1px #414141 solid;\"><img decoding=\"async\" alt=\"Consejo de Gestores\" src=\"http:\/\/www.gestoresalicante.org\/img\/newsletter\/conges.jpg\" width=226 height=70><\/div>\n<\/td>\n<\/tr>\n<tr>\n<td align=\"right\" colspan=\"3\"><strong>22\/01\/2013<br \/>\n<\/strong><\/td>\n<\/tr>\n<tr>\n<td colspan=\"3\">&nbsp;<\/td>\n<\/tr>\n<tr>\n<td colspan=\"3\" class=\"tgrupo\"><img loading=\"lazy\" decoding=\"async\" src=\"http:\/\/www.gestoresalicante.org\/img\/newsletter\/picto.jpg\" width=\"20\" height=\"18\" align=\"absmiddle\" style=\"margin-right: 4px;\"> <strong>Consejo General de los Colegios de Gestores Administrativos<\/strong><\/td>\n<\/tr>\n<tr>\n<td class=\"tfecha\">21\/01\/2013\n<\/td>\n<td class=\"titem\"><a href=\"http:\/\/www.clipmedia.net\/ficheros\/2013\/01_ene\/ss615.pdf\" target=\"_blank\">Art\u00edculo de opini\u00f3n: Jos\u00e9 Ram\u00f3n Jarones, Presidente del Colegio de Gestores Administrativos de Toledo &#8211; El peligro del intrusismo laboral en la profesi\u00f3n de los Gestores Administrativos<\/a>\n<\/td>\n<td align=\"right\" class=\"tfuente\">El Diadigital.es <\/td>\n<\/tr>\n<tr>\n<td colspan=\"3\">&nbsp;<\/td>\n<\/tr>\n<tr>\n<td colspan=\"3\" class=\"tgrupo\"><img loading=\"lazy\" decoding=\"async\" src=\"http:\/\/www.gestoresalicante.org\/img\/newsletter\/picto.jpg\" width=\"20\" height=\"18\" align=\"absmiddle\" style=\"margin-right: 4px;\"> <strong>Sector Fiscal<\/strong><\/td>\n<\/tr>\n<tr>\n<td class=\"tfecha\">22\/01\/2013\n<\/td>\n<td class=\"titem\"><a href=\"http:\/\/www.clipmedia.net\/ficheros\/2013\/01_ene\/ss613.pdf\" target=\"_blank\">Art\u00edculo de opini\u00f3n: Alberto Monreal &#8211; Dificultades con el IVA de los productos sanitarios<\/a>\n<\/td>\n<td align=\"right\" class=\"tfuente\">Expansi\u00f3n <\/td>\n<\/tr>\n<tr>\n<td class=\"tfecha\">22\/01\/2013\n<\/td>\n<td class=\"titem\"><a href=\"http:\/\/www.clipmedia.net\/ficheros\/2013\/01_ene\/ss617.pdf\" target=\"_blank\">Hacienda anular\u00e1 la amnist\u00eda fiscal de B\u00e1rcenas si la pidi\u00f3 con una sociedad <\/a>\n<\/td>\n<td align=\"right\" class=\"tfuente\">El Economista <\/td>\n<\/tr>\n<tr>\n<td class=\"tfecha\">22\/01\/2013\n<\/td>\n<td class=\"titem\"><a href=\"http:\/\/www.clipmedia.net\/ficheros\/2013\/01_ene\/ss619.pdf\" target=\"_blank\">El Constitucional anula la libre colegiaci\u00f3n de los funcionarios andaluces<\/a>\n<\/td>\n<td align=\"right\" class=\"tfuente\">El Economista <\/td>\n<\/tr>\n<tr>\n<td class=\"tfecha\">22\/01\/2013\n<\/td>\n<td class=\"titem\"><a href=\"http:\/\/www.clipmedia.net\/ficheros\/2013\/01_ene\/ss621.pdf\" target=\"_blank\">Justicia recibe 250.000 firmas contra la Ley de Tasas<\/a>\n<\/td>\n<td align=\"right\" class=\"tfuente\">El Economista <\/td>\n<\/tr>\n<tr>\n<td class=\"tfecha\">22\/01\/2013\n<\/td>\n<td class=\"titem\"><a href=\"http:\/\/www.clipmedia.net\/ficheros\/2013\/01_ene\/ss612.pdf\" target=\"_blank\">Las empresas piden compensaciones fiscales por la morosidad p\u00fablica <\/a>\n<\/td>\n<td align=\"right\" class=\"tfuente\">Expansi\u00f3n <\/td>\n<\/tr>\n<tr>\n<td colspan=\"3\">&nbsp;<\/td>\n<\/tr>\n<tr>\n<td colspan=\"3\" class=\"tgrupo\"><img loading=\"lazy\" decoding=\"async\" src=\"http:\/\/www.gestoresalicante.org\/img\/newsletter\/picto.jpg\" width=\"20\" height=\"18\" align=\"absmiddle\" style=\"margin-right: 4px;\"> <strong>Sector Veh\u00edculos<\/strong><\/td>\n<\/tr>\n<tr>\n<td class=\"tfecha\">22\/01\/2013\n<\/td>\n<td class=\"titem\"><a href=\"http:\/\/www.clipmedia.net\/ficheros\/2013\/01_ene\/ss623.pdf\" target=\"_blank\">El nuevo carnet aprueba<\/a>\n<\/td>\n<td align=\"right\" class=\"tfuente\">El Peri\u00f3dico de Catalunya <\/td>\n<\/tr>\n<tr>\n<td class=\"tfecha\">22\/01\/2013\n<\/td>\n<td class=\"titem\"><a href=\"http:\/\/www.clipmedia.net\/ficheros\/2013\/01_ene\/ss627.pdf\" target=\"_blank\">La Generalitat intenta salvar la inversi\u00f3n de Nissan<\/a>\n<\/td>\n<td align=\"right\" class=\"tfuente\">La Vanguardia <\/td>\n<\/tr>\n<tr>\n<td class=\"tfecha\">22\/01\/2013\n<\/td>\n<td class=\"titem\"><a href=\"http:\/\/www.clipmedia.net\/ficheros\/2013\/01_ene\/ss628.pdf\" target=\"_blank\">Seat plantea un recorte de hasta 740 empleos por la ca\u00edda de ventas<\/a>\n<\/td>\n<td align=\"right\" class=\"tfuente\">La Vanguardia <\/td>\n<\/tr>\n<tr>\n<td class=\"tfecha\">22\/01\/2013\n<\/td>\n<td class=\"titem\"><a href=\"http:\/\/www.clipmedia.net\/ficheros\/2013\/01_ene\/ss630.pdf\" target=\"_blank\">Conductor obeso: hasta un 80% m\u00e1s de riesgo de morir en accidente<\/a>\n<\/td>\n<td align=\"right\" class=\"tfuente\">El Mundo <\/td>\n<\/tr>\n<tr>\n<td colspan=\"3\">&nbsp;<\/td>\n<\/tr>\n<tr>\n<td colspan=\"3\" class=\"tgrupo\"><img loading=\"lazy\" decoding=\"async\" src=\"http:\/\/www.gestoresalicante.org\/img\/newsletter\/picto.jpg\" width=\"20\" height=\"18\" align=\"absmiddle\" style=\"margin-right: 4px;\"> <strong>Ventana Telem\u00e1tica<\/strong><\/td>\n<\/tr>\n<tr>\n<td colspan=\"3\">(No hay registros)<\/td>\n<\/tr>\n<tr>\n<td colspan=\"3\">&nbsp;<\/td>\n<\/tr>\n<tr>\n<td colspan=\"3\" class=\"tgrupo\"><img loading=\"lazy\" decoding=\"async\" src=\"http:\/\/www.gestoresalicante.org\/img\/newsletter\/picto.jpg\" width=\"20\" height=\"18\" align=\"absmiddle\" style=\"margin-right: 4px;\"> <strong>Sector de la formaci\u00f3n<\/strong><\/td>\n<\/tr>\n<tr>\n<td class=\"tfecha\">22\/01\/2013\n<\/td>\n<td class=\"titem\"><a href=\"http:\/\/www.clipmedia.net\/ficheros\/2013\/01_ene\/ss622.pdf\" target=\"_blank\">Pr\u00e1cticas de empresa que suscitan nuevas oportunidades laborales<\/a>\n<\/td>\n<td align=\"right\" class=\"tfuente\">El Peri\u00f3dico de Catalunya <\/td>\n<\/tr>\n<tr>\n<td colspan=\"3\">&nbsp;<\/td>\n<\/tr>\n<tr>\n<td colspan=\"3\" class=\"tgrupo\"><img loading=\"lazy\" decoding=\"async\" src=\"http:\/\/www.gestoresalicante.org\/img\/newsletter\/picto.jpg\" width=\"20\" height=\"18\" align=\"absmiddle\" style=\"margin-right: 4px;\"> <strong>Sector Laboral<\/strong><\/td>\n<\/tr>\n<tr>\n<td class=\"tfecha\">20\/01\/2013\n<\/td>\n<td class=\"titem\"><a href=\"http:\/\/www.clipmedia.net\/ficheros\/2013\/01_ene\/ss545.pdf\" target=\"_blank\">\u00a1Despierte a su empresa!<\/a>\n<\/td>\n<td align=\"right\" class=\"tfuente\">La Vanguardia &#8211; Dinero <\/td>\n<\/tr>\n<tr>\n<td class=\"tfecha\">22\/01\/2013\n<\/td>\n<td class=\"titem\"><a href=\"http:\/\/www.clipmedia.net\/ficheros\/2013\/01_ene\/ss607.pdf\" target=\"_blank\">Las grandes superficies plantean m\u00e1s horas de trabajo y bajadas de sueldo<\/a>\n<\/td>\n<td align=\"right\" class=\"tfuente\">El Pa\u00eds <\/td>\n<\/tr>\n<tr>\n<td class=\"tfecha\">22\/01\/2013\n<\/td>\n<td class=\"titem\"><a href=\"http:\/\/www.clipmedia.net\/ficheros\/2013\/01_ene\/ss624.pdf\" target=\"_blank\">Juan Roig lanza un programa de ayuda a emprendedores<\/a>\n<\/td>\n<td align=\"right\" class=\"tfuente\">El Peri\u00f3dico de Catalunya <\/td>\n<\/tr>\n<tr>\n<td class=\"tfecha\">22\/01\/2013\n<\/td>\n<td class=\"titem\"><a href=\"http:\/\/www.clipmedia.net\/ficheros\/2013\/01_ene\/ss584.pdf\" target=\"_blank\">Roig quiere a los quince mejores emprendedores<\/a>\n<\/td>\n<td align=\"right\" class=\"tfuente\">El Mundo <\/td>\n<\/tr>\n<tr>\n<td colspan=\"3\">&nbsp;<\/td>\n<\/tr>\n<tr>\n<td colspan=\"3\" class=\"tgrupo\"><img loading=\"lazy\" decoding=\"async\" src=\"http:\/\/www.gestoresalicante.org\/img\/newsletter\/picto.jpg\" width=\"20\" height=\"18\" align=\"absmiddle\" style=\"margin-right: 4px;\"> <strong>Sector inmobiliario<\/strong><\/td>\n<\/tr>\n<tr>\n<td class=\"tfecha\">22\/01\/2013\n<\/td>\n<td class=\"titem\"><a href=\"http:\/\/www.clipmedia.net\/ficheros\/2013\/01_ene\/ss616.pdf\" target=\"_blank\">Madrid apura los plazos para la subasta de 11 inmuebles<\/a>\n<\/td>\n<td align=\"right\" class=\"tfuente\">El Economista <\/td>\n<\/tr>\n<tr>\n<td class=\"tfecha\">22\/01\/2013\n<\/td>\n<td class=\"titem\"><a href=\"http:\/\/www.clipmedia.net\/ficheros\/2013\/01_ene\/ss618.pdf\" target=\"_blank\">El Gobierno ultima un nuevo fondo de viviendas de alquiler<\/a>\n<\/td>\n<td align=\"right\" class=\"tfuente\">El Economista <\/td>\n<\/tr>\n<tr>\n<td class=\"tfecha\">22\/01\/2013\n<\/td>\n<td class=\"titem\"><a href=\"http:\/\/www.clipmedia.net\/ficheros\/2013\/01_ene\/ss620.pdf\" target=\"_blank\">284 registradores exigen una Asamblea al Colegio para debatir la reforma Registral<\/a>\n<\/td>\n<td align=\"right\" class=\"tfuente\">El Economista <\/td>\n<\/tr>\n<tr>\n<td colspan=\"3\">&nbsp;<\/td>\n<\/tr>\n<tr>\n<td colspan=\"3\" class=\"tgrupo\"><img loading=\"lazy\" decoding=\"async\" src=\"http:\/\/www.gestoresalicante.org\/img\/newsletter\/picto.jpg\" width=\"20\" height=\"18\" align=\"absmiddle\" style=\"margin-right: 4px;\"> <strong>B.O.E<\/strong><\/td>\n<\/tr>\n<tr>\n<td colspan=\"3\">(No hay registros)<\/td>\n<\/tr>\n<\/table>\n<\/div>\n","protected":false},"excerpt":{"rendered":"<p>22\/01\/2013 &nbsp; Consejo General de los Colegios de Gestores Administrativos 21\/01\/2013 Art\u00edculo de opini\u00f3n: Jos\u00e9 Ram\u00f3n Jarones, Presidente del Colegio de Gestores Administrativos de Toledo &#8211; El peligro del intrusismo laboral en la profesi\u00f3n de los Gestores Administrativos El Diadigital.es &hellip; <a href=\"https:\/\/www.gestoresalicante.org\/blog\/index.php\/2013\/01\/22\/resumen-de-prensa-22-01-2013\/\">Sigue leyendo <span class=\"meta-nav\">&rarr;<\/span><\/a><\/p>\n","protected":false},"author":4,"featured_media":0,"comment_status":"closed","ping_status":"closed","sticky":false,"template":"","format":"standard","meta":{"footnotes":""},"categories":[6],"tags":[],"class_list":["post-206","post","type-post","status-publish","format-standard","hentry","category-resumendeprensa"],"_links":{"self":[{"href":"https:\/\/www.gestoresalicante.org\/blog\/index.php\/wp-json\/wp\/v2\/posts\/206","targetHints":{"allow":["GET"]}}],"collection":[{"href":"https:\/\/www.gestoresalicante.org\/blog\/index.php\/wp-json\/wp\/v2\/posts"}],"about":[{"href":"https:\/\/www.gestoresalicante.org\/blog\/index.php\/wp-json\/wp\/v2\/types\/post"}],"author":[{"embeddable":true,"href":"https:\/\/www.gestoresalicante.org\/blog\/index.php\/wp-json\/wp\/v2\/users\/4"}],"replies":[{"embeddable":true,"href":"https:\/\/www.gestoresalicante.org\/blog\/index.php\/wp-json\/wp\/v2\/comments?post=206"}],"version-history":[{"count":0,"href":"https:\/\/www.gestoresalicante.org\/blog\/index.php\/wp-json\/wp\/v2\/posts\/206\/revisions"}],"wp:attachment":[{"href":"https:\/\/www.gestoresalicante.org\/blog\/index.php\/wp-json\/wp\/v2\/media?parent=206"}],"wp:term":[{"taxonomy":"category","embeddable":true,"href":"https:\/\/www.gestoresalicante.org\/blog\/index.php\/wp-json\/wp\/v2\/categories?post=206"},{"taxonomy":"post_tag","embeddable":true,"href":"https:\/\/www.gestoresalicante.org\/blog\/index.php\/wp-json\/wp\/v2\/tags?post=206"}],"curies":[{"name":"wp","href":"https:\/\/api.w.org\/{rel}","templated":true}]}}