{"id":207,"date":"2013-01-23T14:58:19","date_gmt":"2013-01-23T14:58:19","guid":{"rendered":"http:\/\/www.gestoresalicante.org\/blog\/index.php\/2013\/01\/23\/resumen-de-prensa-23-01-2013\/"},"modified":"-0001-11-30T00:00:00","modified_gmt":"-0001-11-29T22:00:00","slug":"resumen-de-prensa-23-01-2013","status":"publish","type":"post","link":"https:\/\/www.gestoresalicante.org\/blog\/index.php\/2013\/01\/23\/resumen-de-prensa-23-01-2013\/","title":{"rendered":"Resumen de Prensa 23-01-2013"},"content":{"rendered":"<div class=\"nboletin\">\n<table width=\"90%\" cellpadding=\"4\">\n<tr>\n<td colspan=\"3\">\n<div style=\"background-color: #CCCCCC;padding: 4px 10px 4px 10px;width: 100%;border: 1px #414141 solid;\"><img decoding=\"async\" alt=\"Consejo de Gestores\" src=\"http:\/\/www.gestoresalicante.org\/img\/newsletter\/conges.jpg\" width=226 height=70><\/div>\n<\/td>\n<\/tr>\n<tr>\n<td align=\"right\" colspan=\"3\"><strong>23\/01\/2013<br \/>\n<\/strong><\/td>\n<\/tr>\n<tr>\n<td colspan=\"3\">&nbsp;<\/td>\n<\/tr>\n<tr>\n<td colspan=\"3\" class=\"tgrupo\"><img loading=\"lazy\" decoding=\"async\" src=\"http:\/\/www.gestoresalicante.org\/img\/newsletter\/picto.jpg\" width=\"20\" height=\"18\" align=\"absmiddle\" style=\"margin-right: 4px;\"> <strong>Consejo General de los Colegios de Gestores Administrativos<\/strong><\/td>\n<\/tr>\n<tr>\n<td colspan=\"3\">(No hay registros)<\/td>\n<\/tr>\n<tr>\n<td colspan=\"3\">&nbsp;<\/td>\n<\/tr>\n<tr>\n<td colspan=\"3\" class=\"tgrupo\"><img loading=\"lazy\" decoding=\"async\" src=\"http:\/\/www.gestoresalicante.org\/img\/newsletter\/picto.jpg\" width=\"20\" height=\"18\" align=\"absmiddle\" style=\"margin-right: 4px;\"> <strong>Sector Fiscal<\/strong><\/td>\n<\/tr>\n<tr>\n<td class=\"tfecha\">23\/01\/2013\n<\/td>\n<td class=\"titem\"><a href=\"http:\/\/www.clipmedia.net\/ficheros\/2013\/01_ene\/ss702.pdf\" target=\"_blank\">Montoro dir\u00e1 hoy que B\u00e1rcenas no puede beneficiarse de la amnist\u00eda<\/a>\n<\/td>\n<td align=\"right\" class=\"tfuente\">Expansi\u00f3n <\/td>\n<\/tr>\n<tr>\n<td class=\"tfecha\">23\/01\/2013\n<\/td>\n<td class=\"titem\"><a href=\"http:\/\/www.clipmedia.net\/ficheros\/2013\/01_ene\/ss715.pdf\" target=\"_blank\">El TC da un espaldarazo a la normativa catalana de comercio<\/a>\n<\/td>\n<td align=\"right\" class=\"tfuente\">El Peri\u00f3dico de Catalunya <\/td>\n<\/tr>\n<tr>\n<td class=\"tfecha\">23\/01\/2013\n<\/td>\n<td class=\"titem\"><a href=\"http:\/\/www.clipmedia.net\/ficheros\/2013\/01_ene\/ss716.pdf\" target=\"_blank\">La PAH logra 200.000 firmas por la daci\u00f3n en pago en Catalunya<\/a>\n<\/td>\n<td align=\"right\" class=\"tfuente\">El Peri\u00f3dico de Catalunya <\/td>\n<\/tr>\n<tr>\n<td colspan=\"3\">&nbsp;<\/td>\n<\/tr>\n<tr>\n<td colspan=\"3\" class=\"tgrupo\"><img loading=\"lazy\" decoding=\"async\" src=\"http:\/\/www.gestoresalicante.org\/img\/newsletter\/picto.jpg\" width=\"20\" height=\"18\" align=\"absmiddle\" style=\"margin-right: 4px;\"> <strong>Sector Veh\u00edculos<\/strong><\/td>\n<\/tr>\n<tr>\n<td class=\"tfecha\">23\/01\/2013\n<\/td>\n<td class=\"titem\"><a href=\"http:\/\/www.clipmedia.net\/ficheros\/2013\/01_ene\/ss700.pdf\" target=\"_blank\">Seat, Opel y Renault se llevan un tercio del plan de ayudas al motor<\/a>\n<\/td>\n<td align=\"right\" class=\"tfuente\">Expansi\u00f3n <\/td>\n<\/tr>\n<tr>\n<td class=\"tfecha\">23\/01\/2013\n<\/td>\n<td class=\"titem\"><a href=\"http:\/\/www.clipmedia.net\/ficheros\/2013\/01_ene\/ss720.pdf\" target=\"_blank\">Renault ofrece sus f\u00e1bricas para el coche descartado en Barcelona<\/a>\n<\/td>\n<td align=\"right\" class=\"tfuente\">La Vanguardia <\/td>\n<\/tr>\n<tr>\n<td class=\"tfecha\">23\/01\/2013\n<\/td>\n<td class=\"titem\"><a href=\"http:\/\/www.clipmedia.net\/ficheros\/2013\/01_ene\/ss725.pdf\" target=\"_blank\">La DGT se plantea endurecer la renovaci\u00f3n del carn\u00e9<\/a>\n<\/td>\n<td align=\"right\" class=\"tfuente\">La Gaceta de los Negocios <\/td>\n<\/tr>\n<tr>\n<td class=\"tfecha\">23\/01\/2013\n<\/td>\n<td class=\"titem\"><a href=\"http:\/\/www.clipmedia.net\/ficheros\/2013\/01_ene\/ss727.pdf\" target=\"_blank\">Frenazo en carreteras secundarias para esta primavera<\/a>\n<\/td>\n<td align=\"right\" class=\"tfuente\">La Raz\u00f3n <\/td>\n<\/tr>\n<tr>\n<td colspan=\"3\">&nbsp;<\/td>\n<\/tr>\n<tr>\n<td colspan=\"3\" class=\"tgrupo\"><img loading=\"lazy\" decoding=\"async\" src=\"http:\/\/www.gestoresalicante.org\/img\/newsletter\/picto.jpg\" width=\"20\" height=\"18\" align=\"absmiddle\" style=\"margin-right: 4px;\"> <strong>Ventana Telem\u00e1tica<\/strong><\/td>\n<\/tr>\n<tr>\n<td colspan=\"3\">(No hay registros)<\/td>\n<\/tr>\n<tr>\n<td colspan=\"3\">&nbsp;<\/td>\n<\/tr>\n<tr>\n<td colspan=\"3\" class=\"tgrupo\"><img loading=\"lazy\" decoding=\"async\" src=\"http:\/\/www.gestoresalicante.org\/img\/newsletter\/picto.jpg\" width=\"20\" height=\"18\" align=\"absmiddle\" style=\"margin-right: 4px;\"> <strong>Sector de la formaci\u00f3n<\/strong><\/td>\n<\/tr>\n<tr>\n<td class=\"tfecha\">23\/01\/2013\n<\/td>\n<td class=\"titem\"><a href=\"http:\/\/www.clipmedia.net\/ficheros\/2013\/01_ene\/ss711.pdf\" target=\"_blank\">Aprender ingl\u00e9s no sale caro<\/a>\n<\/td>\n<td align=\"right\" class=\"tfuente\">El Economista <\/td>\n<\/tr>\n<tr>\n<td class=\"tfecha\">23\/01\/2013\n<\/td>\n<td class=\"titem\"><a href=\"http:\/\/www.clipmedia.net\/ficheros\/2013\/01_ene\/ss712.pdf\" target=\"_blank\">Los universitarios crecen este curso un 3,1%, pese a la subida de las tasas<\/a>\n<\/td>\n<td align=\"right\" class=\"tfuente\">El Economista <\/td>\n<\/tr>\n<tr>\n<td class=\"tfecha\">23\/01\/2013\n<\/td>\n<td class=\"titem\"><a href=\"http:\/\/www.clipmedia.net\/ficheros\/2013\/01_ene\/ss713.pdf\" target=\"_blank\">Adecco lanza mil plazas de formaci\u00f3n y empleo para menores de 30 a\u00f1os<\/a>\n<\/td>\n<td align=\"right\" class=\"tfuente\">El Economista <\/td>\n<\/tr>\n<tr>\n<td colspan=\"3\">&nbsp;<\/td>\n<\/tr>\n<tr>\n<td colspan=\"3\" class=\"tgrupo\"><img loading=\"lazy\" decoding=\"async\" src=\"http:\/\/www.gestoresalicante.org\/img\/newsletter\/picto.jpg\" width=\"20\" height=\"18\" align=\"absmiddle\" style=\"margin-right: 4px;\"> <strong>Sector Laboral<\/strong><\/td>\n<\/tr>\n<tr>\n<td class=\"tfecha\">23\/01\/2013\n<\/td>\n<td class=\"titem\"><a href=\"http:\/\/www.clipmedia.net\/ficheros\/2013\/01_ene\/ss701.pdf\" target=\"_blank\">La reforma local forzar\u00e1 el despido de empleados p\u00fablicos sin oposici\u00f3n<\/a>\n<\/td>\n<td align=\"right\" class=\"tfuente\">Expansi\u00f3n <\/td>\n<\/tr>\n<tr>\n<td class=\"tfecha\">23\/01\/2013\n<\/td>\n<td class=\"titem\"><a href=\"http:\/\/www.clipmedia.net\/ficheros\/2013\/01_ene\/ss707.pdf\" target=\"_blank\">Las empresas pueden fisgar en el ordenador de sus empleados<\/a>\n<\/td>\n<td align=\"right\" class=\"tfuente\">Expansi\u00f3n <\/td>\n<\/tr>\n<tr>\n<td class=\"tfecha\">23\/01\/2013\n<\/td>\n<td class=\"titem\"><a href=\"http:\/\/www.clipmedia.net\/ficheros\/2013\/01_ene\/ss721.pdf\" target=\"_blank\">Los sindicatos se movilizan contra el convenio de comercio<\/a>\n<\/td>\n<td align=\"right\" class=\"tfuente\">La Vanguardia <\/td>\n<\/tr>\n<tr>\n<td class=\"tfecha\">23\/01\/2013\n<\/td>\n<td class=\"titem\"><a href=\"http:\/\/www.clipmedia.net\/ficheros\/2013\/01_ene\/ss722.pdf\" target=\"_blank\">La inspecci\u00f3n hace aflorar 91.470 empleos de econom\u00eda sumergida<\/a>\n<\/td>\n<td align=\"right\" class=\"tfuente\">La Vanguardia <\/td>\n<\/tr>\n<tr>\n<td class=\"tfecha\">22\/01\/2013\n<\/td>\n<td class=\"titem\"><a href=\"http:\/\/www.clipmedia.net\/ficheros\/2013\/01_ene\/ss650.pdf\" target=\"_blank\">Las pymes buscan maneras de financiarse sin los bancos<\/a>\n<\/td>\n<td align=\"right\" class=\"tfuente\">El Peri\u00f3dico de Catalunya <\/td>\n<\/tr>\n<tr>\n<td class=\"tfecha\">23\/01\/2013\n<\/td>\n<td class=\"titem\"><a href=\"http:\/\/www.clipmedia.net\/ficheros\/2013\/01_ene\/ss686.pdf\" target=\"_blank\">Los directivos espa\u00f1oles son los m\u00e1s pesimistas del mundo para 2013<\/a>\n<\/td>\n<td align=\"right\" class=\"tfuente\">Expansi\u00f3n <\/td>\n<\/tr>\n<tr>\n<td class=\"tfecha\">23\/01\/2013\n<\/td>\n<td class=\"titem\"><a href=\"http:\/\/www.clipmedia.net\/ficheros\/2013\/01_ene\/ss694.pdf\" target=\"_blank\">Espa\u00f1a arranca Davos en el peor bloque de pa\u00edses<\/a>\n<\/td>\n<td align=\"right\" class=\"tfuente\">El Mundo <\/td>\n<\/tr>\n<tr>\n<td colspan=\"3\">&nbsp;<\/td>\n<\/tr>\n<tr>\n<td colspan=\"3\" class=\"tgrupo\"><img loading=\"lazy\" decoding=\"async\" src=\"http:\/\/www.gestoresalicante.org\/img\/newsletter\/picto.jpg\" width=\"20\" height=\"18\" align=\"absmiddle\" style=\"margin-right: 4px;\"> <strong>Sector inmobiliario<\/strong><\/td>\n<\/tr>\n<tr>\n<td class=\"tfecha\">23\/01\/2013\n<\/td>\n<td class=\"titem\"><a href=\"http:\/\/www.clipmedia.net\/ficheros\/2013\/01_ene\/ss703.pdf\" target=\"_blank\">La vivienda cay\u00f3 s\u00f3lo un 10% en 2012, seg\u00fan Fomento<\/a>\n<\/td>\n<td align=\"right\" class=\"tfuente\">Expansi\u00f3n <\/td>\n<\/tr>\n<tr>\n<td class=\"tfecha\">23\/01\/2013\n<\/td>\n<td class=\"titem\"><a href=\"http:\/\/www.clipmedia.net\/ficheros\/2013\/01_ene\/ss704.pdf\" target=\"_blank\">Expofinques va a liquidaci\u00f3n y ultima la venta de la marca a sus directivos<\/a>\n<\/td>\n<td align=\"right\" class=\"tfuente\">Expansi\u00f3n <\/td>\n<\/tr>\n<tr>\n<td class=\"tfecha\">23\/01\/2013\n<\/td>\n<td class=\"titem\"><a href=\"http:\/\/www.clipmedia.net\/ficheros\/2013\/01_ene\/ss708.pdf\" target=\"_blank\">Engel crece un 30,8% por la venta de viviendas de lujo<\/a>\n<\/td>\n<td align=\"right\" class=\"tfuente\">El Economista <\/td>\n<\/tr>\n<tr>\n<td class=\"tfecha\">23\/01\/2013\n<\/td>\n<td class=\"titem\"><a href=\"http:\/\/www.clipmedia.net\/ficheros\/2013\/01_ene\/ss709.pdf\" target=\"_blank\">El uso de un inmueble como titular durante 30 a\u00f1os da la titularidad <\/a>\n<\/td>\n<td align=\"right\" class=\"tfuente\">El Economista <\/td>\n<\/tr>\n<tr>\n<td class=\"tfecha\">23\/01\/2013\n<\/td>\n<td class=\"titem\"><a href=\"http:\/\/www.clipmedia.net\/ficheros\/2013\/01_ene\/ss717.pdf\" target=\"_blank\">Un paso a la rehabilitaci\u00f3n<\/a>\n<\/td>\n<td align=\"right\" class=\"tfuente\">El Peri\u00f3dico de Catalunya <\/td>\n<\/tr>\n<tr>\n<td class=\"tfecha\">23\/01\/2013\n<\/td>\n<td class=\"titem\"><a href=\"http:\/\/www.clipmedia.net\/ficheros\/2013\/01_ene\/ss724.pdf\" target=\"_blank\">CEOE pide a Rajoy un plan de ayudas que impulse la rehabilitaci\u00f3n de casas<\/a>\n<\/td>\n<td align=\"right\" class=\"tfuente\">Cinco D\u00edas <\/td>\n<\/tr>\n<tr>\n<td colspan=\"3\">&nbsp;<\/td>\n<\/tr>\n<tr>\n<td colspan=\"3\" class=\"tgrupo\"><img loading=\"lazy\" decoding=\"async\" src=\"http:\/\/www.gestoresalicante.org\/img\/newsletter\/picto.jpg\" width=\"20\" height=\"18\" align=\"absmiddle\" style=\"margin-right: 4px;\"> <strong>B.O.E<\/strong><\/td>\n<\/tr>\n<tr>\n<td colspan=\"3\">(No hay registros)<\/td>\n<\/tr>\n<\/table>\n<\/div>\n","protected":false},"excerpt":{"rendered":"<p>23\/01\/2013 &nbsp; Consejo General de los Colegios de Gestores Administrativos (No hay registros) &nbsp; Sector Fiscal 23\/01\/2013 Montoro dir\u00e1 hoy que B\u00e1rcenas no puede beneficiarse de la amnist\u00eda Expansi\u00f3n 23\/01\/2013 El TC da un espaldarazo a la normativa catalana de &hellip; <a href=\"https:\/\/www.gestoresalicante.org\/blog\/index.php\/2013\/01\/23\/resumen-de-prensa-23-01-2013\/\">Sigue leyendo <span class=\"meta-nav\">&rarr;<\/span><\/a><\/p>\n","protected":false},"author":4,"featured_media":0,"comment_status":"closed","ping_status":"closed","sticky":false,"template":"","format":"standard","meta":{"footnotes":""},"categories":[6],"tags":[],"class_list":["post-207","post","type-post","status-publish","format-standard","hentry","category-resumendeprensa"],"_links":{"self":[{"href":"https:\/\/www.gestoresalicante.org\/blog\/index.php\/wp-json\/wp\/v2\/posts\/207","targetHints":{"allow":["GET"]}}],"collection":[{"href":"https:\/\/www.gestoresalicante.org\/blog\/index.php\/wp-json\/wp\/v2\/posts"}],"about":[{"href":"https:\/\/www.gestoresalicante.org\/blog\/index.php\/wp-json\/wp\/v2\/types\/post"}],"author":[{"embeddable":true,"href":"https:\/\/www.gestoresalicante.org\/blog\/index.php\/wp-json\/wp\/v2\/users\/4"}],"replies":[{"embeddable":true,"href":"https:\/\/www.gestoresalicante.org\/blog\/index.php\/wp-json\/wp\/v2\/comments?post=207"}],"version-history":[{"count":0,"href":"https:\/\/www.gestoresalicante.org\/blog\/index.php\/wp-json\/wp\/v2\/posts\/207\/revisions"}],"wp:attachment":[{"href":"https:\/\/www.gestoresalicante.org\/blog\/index.php\/wp-json\/wp\/v2\/media?parent=207"}],"wp:term":[{"taxonomy":"category","embeddable":true,"href":"https:\/\/www.gestoresalicante.org\/blog\/index.php\/wp-json\/wp\/v2\/categories?post=207"},{"taxonomy":"post_tag","embeddable":true,"href":"https:\/\/www.gestoresalicante.org\/blog\/index.php\/wp-json\/wp\/v2\/tags?post=207"}],"curies":[{"name":"wp","href":"https:\/\/api.w.org\/{rel}","templated":true}]}}