{"id":2077,"date":"2025-05-20T11:50:21","date_gmt":"2025-05-20T09:50:21","guid":{"rendered":"https:\/\/www.gestoresalicante.org\/blog\/?p=2077"},"modified":"2025-05-20T11:50:21","modified_gmt":"2025-05-20T09:50:21","slug":"curso-de-formacion-con-la-jpt-sobre-la-gestion-de-los-canjes","status":"publish","type":"post","link":"https:\/\/www.gestoresalicante.org\/blog\/index.php\/2025\/05\/20\/curso-de-formacion-con-la-jpt-sobre-la-gestion-de-los-canjes\/","title":{"rendered":"Curso de formaci\u00f3n con la JPT sobre la gesti\u00f3n de los Canjes"},"content":{"rendered":"\n<p>28.03.2025 Jornada de formaci\u00f3n dedicada a los Asuntos, Requisitos y Documentaci\u00f3n para Expedientes de Canjes. Contamos con la presencia de D. Antonio Fornes M\u00e9ndez, Jefe Provincial de la Jefatura de Tr\u00e1fico de Alicante y D\u00aa Virginia Mas Murciano, Jefa de Servicio de Asuntos Administrativos de la Jefatura de Tr\u00e1fico de Alicante. Acompa\u00f1ados de D. Vicente Amat Mart\u00ednez, Vicepresidente del Colegio de Gestores Administrativos de Alicante.<\/p>\n\n\n\n<figure class=\"wp-block-image size-large\"><a href=\"https:\/\/www.gestoresalicante.org\/blog\/wp-content\/uploads\/2025\/05\/Imagen-de-WhatsApp-2025-05-16-a-las-10.45.01_0c2a6d0a.jpg\"><img loading=\"lazy\" decoding=\"async\" width=\"1024\" height=\"771\" src=\"https:\/\/www.gestoresalicante.org\/blog\/wp-content\/uploads\/2025\/05\/Imagen-de-WhatsApp-2025-05-16-a-las-10.45.01_0c2a6d0a-1024x771.jpg\" alt=\"\" class=\"wp-image-2078\" srcset=\"https:\/\/www.gestoresalicante.org\/blog\/wp-content\/uploads\/2025\/05\/Imagen-de-WhatsApp-2025-05-16-a-las-10.45.01_0c2a6d0a-1024x771.jpg 1024w, https:\/\/www.gestoresalicante.org\/blog\/wp-content\/uploads\/2025\/05\/Imagen-de-WhatsApp-2025-05-16-a-las-10.45.01_0c2a6d0a-300x226.jpg 300w, https:\/\/www.gestoresalicante.org\/blog\/wp-content\/uploads\/2025\/05\/Imagen-de-WhatsApp-2025-05-16-a-las-10.45.01_0c2a6d0a-768x578.jpg 768w, https:\/\/www.gestoresalicante.org\/blog\/wp-content\/uploads\/2025\/05\/Imagen-de-WhatsApp-2025-05-16-a-las-10.45.01_0c2a6d0a-1536x1156.jpg 1536w, https:\/\/www.gestoresalicante.org\/blog\/wp-content\/uploads\/2025\/05\/Imagen-de-WhatsApp-2025-05-16-a-las-10.45.01_0c2a6d0a.jpg 1600w\" sizes=\"auto, (max-width: 1024px) 100vw, 1024px\" \/><\/a><\/figure>\n","protected":false},"excerpt":{"rendered":"<p>28.03.2025 Jornada de formaci\u00f3n dedicada a los Asuntos, Requisitos y Documentaci\u00f3n para Expedientes de Canjes. Contamos con la presencia de D. Antonio Fornes M\u00e9ndez, Jefe Provincial de la Jefatura de Tr\u00e1fico de Alicante y D\u00aa Virginia Mas Murciano, Jefa de &hellip; <a href=\"https:\/\/www.gestoresalicante.org\/blog\/index.php\/2025\/05\/20\/curso-de-formacion-con-la-jpt-sobre-la-gestion-de-los-canjes\/\">Sigue leyendo <span class=\"meta-nav\">&rarr;<\/span><\/a><\/p>\n","protected":false},"author":4,"featured_media":0,"comment_status":"closed","ping_status":"closed","sticky":false,"template":"","format":"standard","meta":{"footnotes":""},"categories":[4],"tags":[],"class_list":["post-2077","post","type-post","status-publish","format-standard","hentry","category-formacion"],"_links":{"self":[{"href":"https:\/\/www.gestoresalicante.org\/blog\/index.php\/wp-json\/wp\/v2\/posts\/2077","targetHints":{"allow":["GET"]}}],"collection":[{"href":"https:\/\/www.gestoresalicante.org\/blog\/index.php\/wp-json\/wp\/v2\/posts"}],"about":[{"href":"https:\/\/www.gestoresalicante.org\/blog\/index.php\/wp-json\/wp\/v2\/types\/post"}],"author":[{"embeddable":true,"href":"https:\/\/www.gestoresalicante.org\/blog\/index.php\/wp-json\/wp\/v2\/users\/4"}],"replies":[{"embeddable":true,"href":"https:\/\/www.gestoresalicante.org\/blog\/index.php\/wp-json\/wp\/v2\/comments?post=2077"}],"version-history":[{"count":1,"href":"https:\/\/www.gestoresalicante.org\/blog\/index.php\/wp-json\/wp\/v2\/posts\/2077\/revisions"}],"predecessor-version":[{"id":2079,"href":"https:\/\/www.gestoresalicante.org\/blog\/index.php\/wp-json\/wp\/v2\/posts\/2077\/revisions\/2079"}],"wp:attachment":[{"href":"https:\/\/www.gestoresalicante.org\/blog\/index.php\/wp-json\/wp\/v2\/media?parent=2077"}],"wp:term":[{"taxonomy":"category","embeddable":true,"href":"https:\/\/www.gestoresalicante.org\/blog\/index.php\/wp-json\/wp\/v2\/categories?post=2077"},{"taxonomy":"post_tag","embeddable":true,"href":"https:\/\/www.gestoresalicante.org\/blog\/index.php\/wp-json\/wp\/v2\/tags?post=2077"}],"curies":[{"name":"wp","href":"https:\/\/api.w.org\/{rel}","templated":true}]}}