{"id":208,"date":"2013-01-24T17:24:33","date_gmt":"2013-01-24T17:24:33","guid":{"rendered":"http:\/\/www.gestoresalicante.org\/blog\/index.php\/2013\/01\/24\/resumen-de-prensa-24-01-2013\/"},"modified":"-0001-11-30T00:00:00","modified_gmt":"-0001-11-29T22:00:00","slug":"resumen-de-prensa-24-01-2013","status":"publish","type":"post","link":"https:\/\/www.gestoresalicante.org\/blog\/index.php\/2013\/01\/24\/resumen-de-prensa-24-01-2013\/","title":{"rendered":"Resumen de Prensa 24-01-2013"},"content":{"rendered":"<div class=\"nboletin\">\n<table width=\"90%\" cellpadding=\"4\">\n<tr>\n<td colspan=\"3\">\n<div style=\"background-color: #CCCCCC;padding: 4px 10px 4px 10px;width: 100%;border: 1px #414141 solid;\"><img decoding=\"async\" alt=\"Consejo de Gestores\" src=\"http:\/\/www.gestoresalicante.org\/img\/newsletter\/conges.jpg\" width=226 height=70><\/div>\n<\/td>\n<\/tr>\n<tr>\n<td align=\"right\" colspan=\"3\"><strong>24\/01\/2013<br \/>\n<\/strong><\/td>\n<\/tr>\n<tr>\n<td colspan=\"3\">&nbsp;<\/td>\n<\/tr>\n<tr>\n<td colspan=\"3\" class=\"tgrupo\"><img loading=\"lazy\" decoding=\"async\" src=\"http:\/\/www.gestoresalicante.org\/img\/newsletter\/picto.jpg\" width=\"20\" height=\"18\" align=\"absmiddle\" style=\"margin-right: 4px;\"> <strong>Consejo General de los Colegios de Gestores Administrativos<\/strong><\/td>\n<\/tr>\n<tr>\n<td class=\"tfecha\">23\/01\/2013\n<\/td>\n<td class=\"titem\"><a href=\"http:\/\/www.clipmedia.net\/ficheros\/2013\/01_ene\/ss793.pdf\" target=\"_blank\">Una regulaci\u00f3n equilibrada para los servicios profesionales<\/a>\n<\/td>\n<td align=\"right\" class=\"tfuente\">Diariojuridico.com <\/td>\n<\/tr>\n<tr>\n<td colspan=\"3\">&nbsp;<\/td>\n<\/tr>\n<tr>\n<td colspan=\"3\" class=\"tgrupo\"><img loading=\"lazy\" decoding=\"async\" src=\"http:\/\/www.gestoresalicante.org\/img\/newsletter\/picto.jpg\" width=\"20\" height=\"18\" align=\"absmiddle\" style=\"margin-right: 4px;\"> <strong>Sector Fiscal<\/strong><\/td>\n<\/tr>\n<tr>\n<td class=\"tfecha\">24\/01\/2013\n<\/td>\n<td class=\"titem\"><a href=\"http:\/\/www.clipmedia.net\/ficheros\/2013\/01_ene\/ss775.pdf\" target=\"_blank\">Montoro y Bloomberg, a la gre\u00f1a por el juego<\/a>\n<\/td>\n<td align=\"right\" class=\"tfuente\">El Mundo <\/td>\n<\/tr>\n<tr>\n<td class=\"tfecha\">24\/01\/2013\n<\/td>\n<td class=\"titem\"><a href=\"http:\/\/www.clipmedia.net\/ficheros\/2013\/01_ene\/ss797.pdf\" target=\"_blank\">El coste de la amnist\u00eda fiscal ha sido del 3% para los defraudadores<\/a>\n<\/td>\n<td align=\"right\" class=\"tfuente\">La Vanguardia <\/td>\n<\/tr>\n<tr>\n<td class=\"tfecha\">24\/01\/2013\n<\/td>\n<td class=\"titem\"><a href=\"http:\/\/www.clipmedia.net\/ficheros\/2013\/01_ene\/ss802.pdf\" target=\"_blank\">La mediaci\u00f3n no exime de consignar la indemnizaci\u00f3n<\/a>\n<\/td>\n<td align=\"right\" class=\"tfuente\">El Economista <\/td>\n<\/tr>\n<tr>\n<td class=\"tfecha\">24\/01\/2013\n<\/td>\n<td class=\"titem\"><a href=\"http:\/\/www.clipmedia.net\/ficheros\/2013\/01_ene\/ss804.pdf\" target=\"_blank\">Luz verde al impuesto sobre transacciones financieras<\/a>\n<\/td>\n<td align=\"right\" class=\"tfuente\">El Economista <\/td>\n<\/tr>\n<tr>\n<td class=\"tfecha\">24\/01\/2013\n<\/td>\n<td class=\"titem\"><a href=\"http:\/\/www.clipmedia.net\/ficheros\/2013\/01_ene\/ss779.pdf\" target=\"_blank\">Hacienda endurece el control sobre la amnist\u00eda fiscal por el &#8216;caso B\u00e1rcenas&#8217;<\/a>\n<\/td>\n<td align=\"right\" class=\"tfuente\">Expansi\u00f3n <\/td>\n<\/tr>\n<tr>\n<td colspan=\"3\">&nbsp;<\/td>\n<\/tr>\n<tr>\n<td colspan=\"3\" class=\"tgrupo\"><img loading=\"lazy\" decoding=\"async\" src=\"http:\/\/www.gestoresalicante.org\/img\/newsletter\/picto.jpg\" width=\"20\" height=\"18\" align=\"absmiddle\" style=\"margin-right: 4px;\"> <strong>Sector Veh\u00edculos<\/strong><\/td>\n<\/tr>\n<tr>\n<td class=\"tfecha\">24\/01\/2013\n<\/td>\n<td class=\"titem\"><a href=\"http:\/\/www.clipmedia.net\/ficheros\/2013\/01_ene\/ss799.pdf\" target=\"_blank\">Los 59 d\u00edas del Plan Pive dejan 300 millones de recaudaci\u00f3n fiscal <\/a>\n<\/td>\n<td align=\"right\" class=\"tfuente\">El Economista <\/td>\n<\/tr>\n<tr>\n<td class=\"tfecha\">24\/01\/2013\n<\/td>\n<td class=\"titem\"><a href=\"http:\/\/www.clipmedia.net\/ficheros\/2013\/01_ene\/ss808.pdf\" target=\"_blank\">Los fabricantes estiman en m\u00e1s de 1.500 millones el efecto del Pive<\/a>\n<\/td>\n<td align=\"right\" class=\"tfuente\">El Mundo <\/td>\n<\/tr>\n<tr>\n<td class=\"tfecha\">24\/01\/2013\n<\/td>\n<td class=\"titem\"><a href=\"http:\/\/www.clipmedia.net\/ficheros\/2013\/01_ene\/ss809.pdf\" target=\"_blank\">Opel espera que su red sea rentable en dos a\u00f1os<\/a>\n<\/td>\n<td align=\"right\" class=\"tfuente\">El Mundo <\/td>\n<\/tr>\n<tr>\n<td class=\"tfecha\">24\/01\/2013\n<\/td>\n<td class=\"titem\"><a href=\"http:\/\/www.clipmedia.net\/ficheros\/2013\/01_ene\/ss812.pdf\" target=\"_blank\">La CE exige el despliegue de miles de puntos de recarga para los coches el\u00e9ctricos<\/a>\n<\/td>\n<td align=\"right\" class=\"tfuente\">Cinco D\u00edas <\/td>\n<\/tr>\n<tr>\n<td colspan=\"3\">&nbsp;<\/td>\n<\/tr>\n<tr>\n<td colspan=\"3\" class=\"tgrupo\"><img loading=\"lazy\" decoding=\"async\" src=\"http:\/\/www.gestoresalicante.org\/img\/newsletter\/picto.jpg\" width=\"20\" height=\"18\" align=\"absmiddle\" style=\"margin-right: 4px;\"> <strong>Ventana Telem\u00e1tica<\/strong><\/td>\n<\/tr>\n<tr>\n<td colspan=\"3\">(No hay registros)<\/td>\n<\/tr>\n<tr>\n<td colspan=\"3\">&nbsp;<\/td>\n<\/tr>\n<tr>\n<td colspan=\"3\" class=\"tgrupo\"><img loading=\"lazy\" decoding=\"async\" src=\"http:\/\/www.gestoresalicante.org\/img\/newsletter\/picto.jpg\" width=\"20\" height=\"18\" align=\"absmiddle\" style=\"margin-right: 4px;\"> <strong>Sector de la formaci\u00f3n<\/strong><\/td>\n<\/tr>\n<tr>\n<td class=\"tfecha\">24\/01\/2013\n<\/td>\n<td class=\"titem\"><a href=\"http:\/\/www.clipmedia.net\/ficheros\/2013\/01_ene\/ss795.pdf\" target=\"_blank\">El m\u00f3dico presupuesto inicial de la reforma educativa se agiganta<\/a>\n<\/td>\n<td align=\"right\" class=\"tfuente\">El Peri\u00f3dico de Catalunya <\/td>\n<\/tr>\n<tr>\n<td colspan=\"3\">&nbsp;<\/td>\n<\/tr>\n<tr>\n<td colspan=\"3\" class=\"tgrupo\"><img loading=\"lazy\" decoding=\"async\" src=\"http:\/\/www.gestoresalicante.org\/img\/newsletter\/picto.jpg\" width=\"20\" height=\"18\" align=\"absmiddle\" style=\"margin-right: 4px;\"> <strong>Sector Laboral<\/strong><\/td>\n<\/tr>\n<tr>\n<td class=\"tfecha\">24\/01\/2013\n<\/td>\n<td class=\"titem\"><a href=\"http:\/\/www.clipmedia.net\/ficheros\/2013\/01_ene\/ss798.pdf\" target=\"_blank\">Seat ofrece recortar un 60% la bolsa de horas a cambio de los despidos<\/a>\n<\/td>\n<td align=\"right\" class=\"tfuente\">La Vanguardia <\/td>\n<\/tr>\n<tr>\n<td class=\"tfecha\">24\/01\/2013\n<\/td>\n<td class=\"titem\"><a href=\"http:\/\/www.clipmedia.net\/ficheros\/2013\/01_ene\/ss796.pdf\" target=\"_blank\">El Govern y los sindicatos env\u00edan a Nissan el \u00faltimo pacto \u00abmatizado\u00bb<\/a>\n<\/td>\n<td align=\"right\" class=\"tfuente\">El Peri\u00f3dico de Catalunya <\/td>\n<\/tr>\n<tr>\n<td class=\"tfecha\">24\/01\/2013\n<\/td>\n<td class=\"titem\"><a href=\"http:\/\/www.clipmedia.net\/ficheros\/2013\/01_ene\/ss810.pdf\" target=\"_blank\">M\u00e1s de 230.000 familias pendientes de 17 compa\u00f1\u00edas<\/a>\n<\/td>\n<td align=\"right\" class=\"tfuente\">Cinco D\u00edas <\/td>\n<\/tr>\n<tr>\n<td class=\"tfecha\">24\/01\/2013\n<\/td>\n<td class=\"titem\"><a href=\"http:\/\/www.clipmedia.net\/ficheros\/2013\/01_ene\/ss813.pdf\" target=\"_blank\">Solo los activos pueden evitar los seis millones de parados<\/a>\n<\/td>\n<td align=\"right\" class=\"tfuente\">Cinco D\u00edas <\/td>\n<\/tr>\n<tr>\n<td colspan=\"3\">&nbsp;<\/td>\n<\/tr>\n<tr>\n<td colspan=\"3\" class=\"tgrupo\"><img loading=\"lazy\" decoding=\"async\" src=\"http:\/\/www.gestoresalicante.org\/img\/newsletter\/picto.jpg\" width=\"20\" height=\"18\" align=\"absmiddle\" style=\"margin-right: 4px;\"> <strong>Sector inmobiliario<\/strong><\/td>\n<\/tr>\n<tr>\n<td class=\"tfecha\">24\/01\/2013\n<\/td>\n<td class=\"titem\"><a href=\"http:\/\/www.clipmedia.net\/ficheros\/2013\/01_ene\/ss803.pdf\" target=\"_blank\">Registros da un empuj\u00f3n a la legalizaci\u00f3n de construcciones il\u00edcitas<\/a>\n<\/td>\n<td align=\"right\" class=\"tfuente\">El Economista <\/td>\n<\/tr>\n<tr>\n<td class=\"tfecha\">24\/01\/2013\n<\/td>\n<td class=\"titem\"><a href=\"http:\/\/www.clipmedia.net\/ficheros\/2013\/01_ene\/ss807.pdf\" target=\"_blank\">Los 13 desaf\u00edos del sector para 2013<\/a>\n<\/td>\n<td align=\"right\" class=\"tfuente\">Expansi\u00f3n <\/td>\n<\/tr>\n<tr>\n<td class=\"tfecha\">24\/01\/2013\n<\/td>\n<td class=\"titem\"><a href=\"http:\/\/www.clipmedia.net\/ficheros\/2013\/01_ene\/ss814.pdf\" target=\"_blank\">Consejos para invertir en vivienda sin sobresaltos<\/a>\n<\/td>\n<td align=\"right\" class=\"tfuente\">Cinco D\u00edas <\/td>\n<\/tr>\n<tr>\n<td colspan=\"3\">&nbsp;<\/td>\n<\/tr>\n<tr>\n<td colspan=\"3\" class=\"tgrupo\"><img loading=\"lazy\" decoding=\"async\" src=\"http:\/\/www.gestoresalicante.org\/img\/newsletter\/picto.jpg\" width=\"20\" height=\"18\" align=\"absmiddle\" style=\"margin-right: 4px;\"> <strong>B.O.E<\/strong><\/td>\n<\/tr>\n<tr>\n<td colspan=\"3\">(No hay registros)<\/td>\n<\/tr>\n<\/table>\n<\/div>\n","protected":false},"excerpt":{"rendered":"<p>24\/01\/2013 &nbsp; Consejo General de los Colegios de Gestores Administrativos 23\/01\/2013 Una regulaci\u00f3n equilibrada para los servicios profesionales Diariojuridico.com &nbsp; Sector Fiscal 24\/01\/2013 Montoro y Bloomberg, a la gre\u00f1a por el juego El Mundo 24\/01\/2013 El coste de la amnist\u00eda &hellip; <a href=\"https:\/\/www.gestoresalicante.org\/blog\/index.php\/2013\/01\/24\/resumen-de-prensa-24-01-2013\/\">Sigue leyendo <span class=\"meta-nav\">&rarr;<\/span><\/a><\/p>\n","protected":false},"author":4,"featured_media":0,"comment_status":"closed","ping_status":"closed","sticky":false,"template":"","format":"standard","meta":{"footnotes":""},"categories":[6],"tags":[],"class_list":["post-208","post","type-post","status-publish","format-standard","hentry","category-resumendeprensa"],"_links":{"self":[{"href":"https:\/\/www.gestoresalicante.org\/blog\/index.php\/wp-json\/wp\/v2\/posts\/208","targetHints":{"allow":["GET"]}}],"collection":[{"href":"https:\/\/www.gestoresalicante.org\/blog\/index.php\/wp-json\/wp\/v2\/posts"}],"about":[{"href":"https:\/\/www.gestoresalicante.org\/blog\/index.php\/wp-json\/wp\/v2\/types\/post"}],"author":[{"embeddable":true,"href":"https:\/\/www.gestoresalicante.org\/blog\/index.php\/wp-json\/wp\/v2\/users\/4"}],"replies":[{"embeddable":true,"href":"https:\/\/www.gestoresalicante.org\/blog\/index.php\/wp-json\/wp\/v2\/comments?post=208"}],"version-history":[{"count":0,"href":"https:\/\/www.gestoresalicante.org\/blog\/index.php\/wp-json\/wp\/v2\/posts\/208\/revisions"}],"wp:attachment":[{"href":"https:\/\/www.gestoresalicante.org\/blog\/index.php\/wp-json\/wp\/v2\/media?parent=208"}],"wp:term":[{"taxonomy":"category","embeddable":true,"href":"https:\/\/www.gestoresalicante.org\/blog\/index.php\/wp-json\/wp\/v2\/categories?post=208"},{"taxonomy":"post_tag","embeddable":true,"href":"https:\/\/www.gestoresalicante.org\/blog\/index.php\/wp-json\/wp\/v2\/tags?post=208"}],"curies":[{"name":"wp","href":"https:\/\/api.w.org\/{rel}","templated":true}]}}