{"id":2080,"date":"2025-05-20T11:54:15","date_gmt":"2025-05-20T09:54:15","guid":{"rendered":"https:\/\/www.gestoresalicante.org\/blog\/?p=2080"},"modified":"2025-05-20T11:54:15","modified_gmt":"2025-05-20T09:54:15","slug":"curso-de-formacion-sobre-el-nuevo-reglamento-de-extranjeria","status":"publish","type":"post","link":"https:\/\/www.gestoresalicante.org\/blog\/index.php\/2025\/05\/20\/curso-de-formacion-sobre-el-nuevo-reglamento-de-extranjeria\/","title":{"rendered":"Curso de formaci\u00f3n sobre el Nuevo Reglamento de Extranjer\u00eda"},"content":{"rendered":"\n<p>16.05.2025 Jornada de formaci\u00f3n dedicada al Nuevo Reglamento de Extranjer\u00eda. Contamos con la presencia de D. Tom\u00e1s Carro Gonz\u00e1lez, Jefe de la Oficina de Extranjer\u00eda de Alicante, D\u00aa Ana G\u00f3mez Cayuelas, Jefa de Secci\u00f3n de Extranjer\u00eda y D\u00aa Luc\u00eda Andr\u00e9s-V\u00e1zquez Alba, Jefa de \u00c1rea de la Dependencia de Trabajo e Inmigraci\u00f3n. Acompa\u00f1ados de M\u00aa Teresa Vila Esteve, Presidenta del Colegio de Gestores Administrativos de Alicante.<\/p>\n\n\n\n<figure class=\"wp-block-image size-large\"><a href=\"https:\/\/www.gestoresalicante.org\/blog\/wp-content\/uploads\/2025\/05\/Imagen-de-WhatsApp-2025-05-16-a-las-10.42.44_f029a526.jpg\"><img loading=\"lazy\" decoding=\"async\" width=\"1024\" height=\"771\" src=\"https:\/\/www.gestoresalicante.org\/blog\/wp-content\/uploads\/2025\/05\/Imagen-de-WhatsApp-2025-05-16-a-las-10.42.44_f029a526-1024x771.jpg\" alt=\"\" class=\"wp-image-2081\" srcset=\"https:\/\/www.gestoresalicante.org\/blog\/wp-content\/uploads\/2025\/05\/Imagen-de-WhatsApp-2025-05-16-a-las-10.42.44_f029a526-1024x771.jpg 1024w, https:\/\/www.gestoresalicante.org\/blog\/wp-content\/uploads\/2025\/05\/Imagen-de-WhatsApp-2025-05-16-a-las-10.42.44_f029a526-300x226.jpg 300w, https:\/\/www.gestoresalicante.org\/blog\/wp-content\/uploads\/2025\/05\/Imagen-de-WhatsApp-2025-05-16-a-las-10.42.44_f029a526-768x578.jpg 768w, https:\/\/www.gestoresalicante.org\/blog\/wp-content\/uploads\/2025\/05\/Imagen-de-WhatsApp-2025-05-16-a-las-10.42.44_f029a526-1536x1156.jpg 1536w, https:\/\/www.gestoresalicante.org\/blog\/wp-content\/uploads\/2025\/05\/Imagen-de-WhatsApp-2025-05-16-a-las-10.42.44_f029a526.jpg 1600w\" sizes=\"auto, (max-width: 1024px) 100vw, 1024px\" \/><\/a><\/figure>\n\n\n\n<figure class=\"wp-block-image size-large\"><a href=\"https:\/\/www.gestoresalicante.org\/blog\/wp-content\/uploads\/2025\/05\/Imagen-de-WhatsApp-2025-05-16-a-las-10.42.44_36a31e94.jpg\"><img loading=\"lazy\" decoding=\"async\" width=\"1024\" height=\"771\" src=\"https:\/\/www.gestoresalicante.org\/blog\/wp-content\/uploads\/2025\/05\/Imagen-de-WhatsApp-2025-05-16-a-las-10.42.44_36a31e94-1024x771.jpg\" alt=\"\" class=\"wp-image-2082\" srcset=\"https:\/\/www.gestoresalicante.org\/blog\/wp-content\/uploads\/2025\/05\/Imagen-de-WhatsApp-2025-05-16-a-las-10.42.44_36a31e94-1024x771.jpg 1024w, https:\/\/www.gestoresalicante.org\/blog\/wp-content\/uploads\/2025\/05\/Imagen-de-WhatsApp-2025-05-16-a-las-10.42.44_36a31e94-300x226.jpg 300w, https:\/\/www.gestoresalicante.org\/blog\/wp-content\/uploads\/2025\/05\/Imagen-de-WhatsApp-2025-05-16-a-las-10.42.44_36a31e94-768x578.jpg 768w, https:\/\/www.gestoresalicante.org\/blog\/wp-content\/uploads\/2025\/05\/Imagen-de-WhatsApp-2025-05-16-a-las-10.42.44_36a31e94-1536x1156.jpg 1536w, https:\/\/www.gestoresalicante.org\/blog\/wp-content\/uploads\/2025\/05\/Imagen-de-WhatsApp-2025-05-16-a-las-10.42.44_36a31e94.jpg 1600w\" sizes=\"auto, (max-width: 1024px) 100vw, 1024px\" \/><\/a><\/figure>\n","protected":false},"excerpt":{"rendered":"<p>16.05.2025 Jornada de formaci\u00f3n dedicada al Nuevo Reglamento de Extranjer\u00eda. Contamos con la presencia de D. Tom\u00e1s Carro Gonz\u00e1lez, Jefe de la Oficina de Extranjer\u00eda de Alicante, D\u00aa Ana G\u00f3mez Cayuelas, Jefa de Secci\u00f3n de Extranjer\u00eda y D\u00aa Luc\u00eda Andr\u00e9s-V\u00e1zquez &hellip; <a href=\"https:\/\/www.gestoresalicante.org\/blog\/index.php\/2025\/05\/20\/curso-de-formacion-sobre-el-nuevo-reglamento-de-extranjeria\/\">Sigue leyendo <span class=\"meta-nav\">&rarr;<\/span><\/a><\/p>\n","protected":false},"author":4,"featured_media":0,"comment_status":"closed","ping_status":"closed","sticky":false,"template":"","format":"standard","meta":{"footnotes":""},"categories":[4],"tags":[],"class_list":["post-2080","post","type-post","status-publish","format-standard","hentry","category-formacion"],"_links":{"self":[{"href":"https:\/\/www.gestoresalicante.org\/blog\/index.php\/wp-json\/wp\/v2\/posts\/2080","targetHints":{"allow":["GET"]}}],"collection":[{"href":"https:\/\/www.gestoresalicante.org\/blog\/index.php\/wp-json\/wp\/v2\/posts"}],"about":[{"href":"https:\/\/www.gestoresalicante.org\/blog\/index.php\/wp-json\/wp\/v2\/types\/post"}],"author":[{"embeddable":true,"href":"https:\/\/www.gestoresalicante.org\/blog\/index.php\/wp-json\/wp\/v2\/users\/4"}],"replies":[{"embeddable":true,"href":"https:\/\/www.gestoresalicante.org\/blog\/index.php\/wp-json\/wp\/v2\/comments?post=2080"}],"version-history":[{"count":1,"href":"https:\/\/www.gestoresalicante.org\/blog\/index.php\/wp-json\/wp\/v2\/posts\/2080\/revisions"}],"predecessor-version":[{"id":2083,"href":"https:\/\/www.gestoresalicante.org\/blog\/index.php\/wp-json\/wp\/v2\/posts\/2080\/revisions\/2083"}],"wp:attachment":[{"href":"https:\/\/www.gestoresalicante.org\/blog\/index.php\/wp-json\/wp\/v2\/media?parent=2080"}],"wp:term":[{"taxonomy":"category","embeddable":true,"href":"https:\/\/www.gestoresalicante.org\/blog\/index.php\/wp-json\/wp\/v2\/categories?post=2080"},{"taxonomy":"post_tag","embeddable":true,"href":"https:\/\/www.gestoresalicante.org\/blog\/index.php\/wp-json\/wp\/v2\/tags?post=2080"}],"curies":[{"name":"wp","href":"https:\/\/api.w.org\/{rel}","templated":true}]}}