{"id":2084,"date":"2025-05-20T12:00:47","date_gmt":"2025-05-20T10:00:47","guid":{"rendered":"https:\/\/www.gestoresalicante.org\/blog\/?p=2084"},"modified":"2025-05-20T12:00:47","modified_gmt":"2025-05-20T10:00:47","slug":"curso-de-formacion-sobre-el-codigo-deontologico-de-responsabilidad-profesional","status":"publish","type":"post","link":"https:\/\/www.gestoresalicante.org\/blog\/index.php\/2025\/05\/20\/curso-de-formacion-sobre-el-codigo-deontologico-de-responsabilidad-profesional\/","title":{"rendered":"Curso de Formaci\u00f3n sobre el C\u00f3digo Deontol\u00f3gico de Responsabilidad Profesional"},"content":{"rendered":"\n<p>19.05.2025 1\u00aa Jornada de formaci\u00f3n dedicada a aspectos recogidos en el C\u00f3digo Deontol\u00f3gico de Responsabilidad Profesional, en base a los requisitos exigidos por la DGT por lo que se autoriza a los gestores administrativos colegiados uso de una placa identificativa como <strong>\u00abColaborador habilitado para los tr\u00e1mites con la DGT\u00bb<\/strong>. La ponencia fue realizada por D\u00aa M\u00aa Teresa Vila Esteve, Presidenta del Colegio de Gestores Administrativos de Alicante y D. Sergio Serna Rodr\u00edguez, gerente del Colegio de Gestores Administrativos de Alicante.<\/p>\n\n\n\n<figure class=\"wp-block-image size-large\"><a href=\"https:\/\/www.gestoresalicante.org\/blog\/wp-content\/uploads\/2025\/05\/Imagen-de-WhatsApp-2025-05-20-a-las-10.43.40_eea4e53e.jpg\"><img loading=\"lazy\" decoding=\"async\" width=\"1024\" height=\"771\" src=\"https:\/\/www.gestoresalicante.org\/blog\/wp-content\/uploads\/2025\/05\/Imagen-de-WhatsApp-2025-05-20-a-las-10.43.40_eea4e53e-1024x771.jpg\" alt=\"\" class=\"wp-image-2085\" srcset=\"https:\/\/www.gestoresalicante.org\/blog\/wp-content\/uploads\/2025\/05\/Imagen-de-WhatsApp-2025-05-20-a-las-10.43.40_eea4e53e-1024x771.jpg 1024w, https:\/\/www.gestoresalicante.org\/blog\/wp-content\/uploads\/2025\/05\/Imagen-de-WhatsApp-2025-05-20-a-las-10.43.40_eea4e53e-300x226.jpg 300w, https:\/\/www.gestoresalicante.org\/blog\/wp-content\/uploads\/2025\/05\/Imagen-de-WhatsApp-2025-05-20-a-las-10.43.40_eea4e53e-768x578.jpg 768w, https:\/\/www.gestoresalicante.org\/blog\/wp-content\/uploads\/2025\/05\/Imagen-de-WhatsApp-2025-05-20-a-las-10.43.40_eea4e53e-1536x1156.jpg 1536w, https:\/\/www.gestoresalicante.org\/blog\/wp-content\/uploads\/2025\/05\/Imagen-de-WhatsApp-2025-05-20-a-las-10.43.40_eea4e53e.jpg 1600w\" sizes=\"auto, (max-width: 1024px) 100vw, 1024px\" \/><\/a><\/figure>\n\n\n\n<figure class=\"wp-block-image size-large\"><a href=\"https:\/\/www.gestoresalicante.org\/blog\/wp-content\/uploads\/2025\/05\/Imagen-de-WhatsApp-2025-05-20-a-las-10.43.40_7d8247c8.jpg\"><img loading=\"lazy\" decoding=\"async\" width=\"1024\" height=\"771\" src=\"https:\/\/www.gestoresalicante.org\/blog\/wp-content\/uploads\/2025\/05\/Imagen-de-WhatsApp-2025-05-20-a-las-10.43.40_7d8247c8-1024x771.jpg\" alt=\"\" class=\"wp-image-2086\" srcset=\"https:\/\/www.gestoresalicante.org\/blog\/wp-content\/uploads\/2025\/05\/Imagen-de-WhatsApp-2025-05-20-a-las-10.43.40_7d8247c8-1024x771.jpg 1024w, https:\/\/www.gestoresalicante.org\/blog\/wp-content\/uploads\/2025\/05\/Imagen-de-WhatsApp-2025-05-20-a-las-10.43.40_7d8247c8-300x226.jpg 300w, https:\/\/www.gestoresalicante.org\/blog\/wp-content\/uploads\/2025\/05\/Imagen-de-WhatsApp-2025-05-20-a-las-10.43.40_7d8247c8-768x578.jpg 768w, https:\/\/www.gestoresalicante.org\/blog\/wp-content\/uploads\/2025\/05\/Imagen-de-WhatsApp-2025-05-20-a-las-10.43.40_7d8247c8-1536x1156.jpg 1536w, https:\/\/www.gestoresalicante.org\/blog\/wp-content\/uploads\/2025\/05\/Imagen-de-WhatsApp-2025-05-20-a-las-10.43.40_7d8247c8.jpg 1600w\" sizes=\"auto, (max-width: 1024px) 100vw, 1024px\" \/><\/a><\/figure>\n","protected":false},"excerpt":{"rendered":"<p>19.05.2025 1\u00aa Jornada de formaci\u00f3n dedicada a aspectos recogidos en el C\u00f3digo Deontol\u00f3gico de Responsabilidad Profesional, en base a los requisitos exigidos por la DGT por lo que se autoriza a los gestores administrativos colegiados uso de una placa identificativa &hellip; <a href=\"https:\/\/www.gestoresalicante.org\/blog\/index.php\/2025\/05\/20\/curso-de-formacion-sobre-el-codigo-deontologico-de-responsabilidad-profesional\/\">Sigue leyendo <span class=\"meta-nav\">&rarr;<\/span><\/a><\/p>\n","protected":false},"author":4,"featured_media":0,"comment_status":"closed","ping_status":"closed","sticky":false,"template":"","format":"standard","meta":{"footnotes":""},"categories":[4],"tags":[],"class_list":["post-2084","post","type-post","status-publish","format-standard","hentry","category-formacion"],"_links":{"self":[{"href":"https:\/\/www.gestoresalicante.org\/blog\/index.php\/wp-json\/wp\/v2\/posts\/2084","targetHints":{"allow":["GET"]}}],"collection":[{"href":"https:\/\/www.gestoresalicante.org\/blog\/index.php\/wp-json\/wp\/v2\/posts"}],"about":[{"href":"https:\/\/www.gestoresalicante.org\/blog\/index.php\/wp-json\/wp\/v2\/types\/post"}],"author":[{"embeddable":true,"href":"https:\/\/www.gestoresalicante.org\/blog\/index.php\/wp-json\/wp\/v2\/users\/4"}],"replies":[{"embeddable":true,"href":"https:\/\/www.gestoresalicante.org\/blog\/index.php\/wp-json\/wp\/v2\/comments?post=2084"}],"version-history":[{"count":1,"href":"https:\/\/www.gestoresalicante.org\/blog\/index.php\/wp-json\/wp\/v2\/posts\/2084\/revisions"}],"predecessor-version":[{"id":2087,"href":"https:\/\/www.gestoresalicante.org\/blog\/index.php\/wp-json\/wp\/v2\/posts\/2084\/revisions\/2087"}],"wp:attachment":[{"href":"https:\/\/www.gestoresalicante.org\/blog\/index.php\/wp-json\/wp\/v2\/media?parent=2084"}],"wp:term":[{"taxonomy":"category","embeddable":true,"href":"https:\/\/www.gestoresalicante.org\/blog\/index.php\/wp-json\/wp\/v2\/categories?post=2084"},{"taxonomy":"post_tag","embeddable":true,"href":"https:\/\/www.gestoresalicante.org\/blog\/index.php\/wp-json\/wp\/v2\/tags?post=2084"}],"curies":[{"name":"wp","href":"https:\/\/api.w.org\/{rel}","templated":true}]}}