{"id":2088,"date":"2025-05-23T11:23:44","date_gmt":"2025-05-23T09:23:44","guid":{"rendered":"https:\/\/www.gestoresalicante.org\/blog\/?p=2088"},"modified":"2025-05-23T11:23:44","modified_gmt":"2025-05-23T09:23:44","slug":"boletin-extranjeria-no48","status":"publish","type":"post","link":"https:\/\/www.gestoresalicante.org\/blog\/index.php\/2025\/05\/23\/boletin-extranjeria-no48\/","title":{"rendered":"Bolet\u00edn Extranjer\u00eda N\u00ba48"},"content":{"rendered":"\n<p>Se les informa que a partir de hoy d\u00eda 20 de mayo de 2025 se encuentran disponibles los nuevos impresos adaptados al nuevo RLOEX en la p\u00e1gina wen de la Secretar\u00eda de Estado de Migraciones.<\/p>\n\n\n\n<p>Los impresos pueden ser consultados aqu\u00ed:<\/p>\n\n\n\n<p><a href=\"https:\/\/www.inclusion.gob.es\/en\/web\/migraciones\/modelos-generales\">https:\/\/www.inclusion.gob.es\/en\/web\/migraciones\/modelos-generales<\/a><\/p>\n\n\n\n<p><\/p>\n","protected":false},"excerpt":{"rendered":"<p>Se les informa que a partir de hoy d\u00eda 20 de mayo de 2025 se encuentran disponibles los nuevos impresos adaptados al nuevo RLOEX en la p\u00e1gina wen de la Secretar\u00eda de Estado de Migraciones. Los impresos pueden ser consultados &hellip; <a href=\"https:\/\/www.gestoresalicante.org\/blog\/index.php\/2025\/05\/23\/boletin-extranjeria-no48\/\">Sigue leyendo <span class=\"meta-nav\">&rarr;<\/span><\/a><\/p>\n","protected":false},"author":4,"featured_media":0,"comment_status":"closed","ping_status":"closed","sticky":false,"template":"","format":"standard","meta":{"footnotes":""},"categories":[10],"tags":[],"class_list":["post-2088","post","type-post","status-publish","format-standard","hentry","category-extranjeria"],"_links":{"self":[{"href":"https:\/\/www.gestoresalicante.org\/blog\/index.php\/wp-json\/wp\/v2\/posts\/2088","targetHints":{"allow":["GET"]}}],"collection":[{"href":"https:\/\/www.gestoresalicante.org\/blog\/index.php\/wp-json\/wp\/v2\/posts"}],"about":[{"href":"https:\/\/www.gestoresalicante.org\/blog\/index.php\/wp-json\/wp\/v2\/types\/post"}],"author":[{"embeddable":true,"href":"https:\/\/www.gestoresalicante.org\/blog\/index.php\/wp-json\/wp\/v2\/users\/4"}],"replies":[{"embeddable":true,"href":"https:\/\/www.gestoresalicante.org\/blog\/index.php\/wp-json\/wp\/v2\/comments?post=2088"}],"version-history":[{"count":1,"href":"https:\/\/www.gestoresalicante.org\/blog\/index.php\/wp-json\/wp\/v2\/posts\/2088\/revisions"}],"predecessor-version":[{"id":2089,"href":"https:\/\/www.gestoresalicante.org\/blog\/index.php\/wp-json\/wp\/v2\/posts\/2088\/revisions\/2089"}],"wp:attachment":[{"href":"https:\/\/www.gestoresalicante.org\/blog\/index.php\/wp-json\/wp\/v2\/media?parent=2088"}],"wp:term":[{"taxonomy":"category","embeddable":true,"href":"https:\/\/www.gestoresalicante.org\/blog\/index.php\/wp-json\/wp\/v2\/categories?post=2088"},{"taxonomy":"post_tag","embeddable":true,"href":"https:\/\/www.gestoresalicante.org\/blog\/index.php\/wp-json\/wp\/v2\/tags?post=2088"}],"curies":[{"name":"wp","href":"https:\/\/api.w.org\/{rel}","templated":true}]}}