{"id":2092,"date":"2025-06-27T08:55:53","date_gmt":"2025-06-27T06:55:53","guid":{"rendered":"https:\/\/www.gestoresalicante.org\/blog\/?p=2092"},"modified":"2025-06-27T08:55:53","modified_gmt":"2025-06-27T06:55:53","slug":"boletin-extranjeria-no-49","status":"publish","type":"post","link":"https:\/\/www.gestoresalicante.org\/blog\/index.php\/2025\/06\/27\/boletin-extranjeria-no-49\/","title":{"rendered":"Bolet\u00edn Extranjer\u00eda N\u00ba 49"},"content":{"rendered":"\n<p>Se les informa que con fecha 16 de junio de 2025 se ha publicado en el Boletin&nbsp;Oficial del Estado, la Orden PJC\/617\/2025, de 13 de junio, por la que se establece el importe de las tasas por tramitaci\u00f3n de autorizaciones administrativas y documentos de identidad en materia de inmigraci\u00f3n y extranjer\u00eda.<\/p>\n\n\n\n<p>El texto puede ser consultado aqu\u00ed:<\/p>\n\n\n\n<p><a href=\"https:\/\/www.boe.es\/boe\/dias\/2025\/06\/16\/pdfs\/BOE-A-2025-12056.pdf\">https:\/\/www.boe.es\/boe\/dias\/2025\/06\/16\/pdfs\/BOE-A-2025-12056.pdf<\/a><\/p>\n\n\n\n<p><\/p>\n","protected":false},"excerpt":{"rendered":"<p>Se les informa que con fecha 16 de junio de 2025 se ha publicado en el Boletin&nbsp;Oficial del Estado, la Orden PJC\/617\/2025, de 13 de junio, por la que se establece el importe de las tasas por tramitaci\u00f3n de autorizaciones &hellip; <a href=\"https:\/\/www.gestoresalicante.org\/blog\/index.php\/2025\/06\/27\/boletin-extranjeria-no-49\/\">Sigue leyendo <span class=\"meta-nav\">&rarr;<\/span><\/a><\/p>\n","protected":false},"author":7,"featured_media":0,"comment_status":"closed","ping_status":"closed","sticky":false,"template":"","format":"standard","meta":{"footnotes":""},"categories":[10],"tags":[],"class_list":["post-2092","post","type-post","status-publish","format-standard","hentry","category-extranjeria"],"_links":{"self":[{"href":"https:\/\/www.gestoresalicante.org\/blog\/index.php\/wp-json\/wp\/v2\/posts\/2092","targetHints":{"allow":["GET"]}}],"collection":[{"href":"https:\/\/www.gestoresalicante.org\/blog\/index.php\/wp-json\/wp\/v2\/posts"}],"about":[{"href":"https:\/\/www.gestoresalicante.org\/blog\/index.php\/wp-json\/wp\/v2\/types\/post"}],"author":[{"embeddable":true,"href":"https:\/\/www.gestoresalicante.org\/blog\/index.php\/wp-json\/wp\/v2\/users\/7"}],"replies":[{"embeddable":true,"href":"https:\/\/www.gestoresalicante.org\/blog\/index.php\/wp-json\/wp\/v2\/comments?post=2092"}],"version-history":[{"count":1,"href":"https:\/\/www.gestoresalicante.org\/blog\/index.php\/wp-json\/wp\/v2\/posts\/2092\/revisions"}],"predecessor-version":[{"id":2093,"href":"https:\/\/www.gestoresalicante.org\/blog\/index.php\/wp-json\/wp\/v2\/posts\/2092\/revisions\/2093"}],"wp:attachment":[{"href":"https:\/\/www.gestoresalicante.org\/blog\/index.php\/wp-json\/wp\/v2\/media?parent=2092"}],"wp:term":[{"taxonomy":"category","embeddable":true,"href":"https:\/\/www.gestoresalicante.org\/blog\/index.php\/wp-json\/wp\/v2\/categories?post=2092"},{"taxonomy":"post_tag","embeddable":true,"href":"https:\/\/www.gestoresalicante.org\/blog\/index.php\/wp-json\/wp\/v2\/tags?post=2092"}],"curies":[{"name":"wp","href":"https:\/\/api.w.org\/{rel}","templated":true}]}}