{"id":2097,"date":"2025-06-27T08:58:09","date_gmt":"2025-06-27T06:58:09","guid":{"rendered":"https:\/\/www.gestoresalicante.org\/blog\/?p=2097"},"modified":"2025-06-27T08:58:09","modified_gmt":"2025-06-27T06:58:09","slug":"boletin-extranjeria-no-51","status":"publish","type":"post","link":"https:\/\/www.gestoresalicante.org\/blog\/index.php\/2025\/06\/27\/boletin-extranjeria-no-51\/","title":{"rendered":"Bolet\u00edn Extranjer\u00eda N\u00ba 51"},"content":{"rendered":"\n<p>Para los profesionales que gestionan expedientes de extranjer\u00eda se les informa de las siguientes novedades:<\/p>\n\n\n\n<p>Por una parte, que la SEM ha publicado la Instrucci\u00f3n N\u00ba 3, que complementa al Reglamento de Extranjer\u00eda, relativa a:&nbsp; &nbsp;LAS AUTORIZACIONES DE ESTANCIA DE LARGA DURACI\u00d3N POR ESTUDIOS, MOVILIDAD DE ALUMNOS, SERVICIOS DE VOLUNTARIADO O ACTIVIDADES FORMATIVAS PREVISTAS EN EL REGLAMENTO DE EXTRANJER\u00cdA, APROBADO POR EL REAL DECRETO 1155\/2024, DE 19 DE NOVIEMBRE.<\/p>\n\n\n\n<p>cuyo texto pueden consultar aqu\u00ed:<\/p>\n\n\n\n<p><a href=\"https:\/\/www.inclusion.gob.es\/documents\/d\/migraciones\/instrucciones-sem-3_2025-estudiantes\">Documento<\/a><\/p>\n\n\n\n<p>Y por ptra&nbsp;parte, se ha publicado una&nbsp;<a href=\"https:\/\/infoextranjeria.org\/wp-content\/uploads\/2025\/06\/20250620.-NOTA-DGGM-ALTA-EN-SS-EN-APLICACION-DE-LA-DT2.pdf\" target=\"_blank\" rel=\"noreferrer noopener\">Nota informativa sobre la procedencia de asignaci\u00f3n de NUSS y Alta en Seguridad Social, en aplicaci\u00f3n de la Disposici\u00f3n Transitoria Segu<\/a><a href=\"https:\/\/infoextranjeria.org\/wp-content\/uploads\/2025\/06\/20250620.-NOTA-DGGM-ALTA-EN-SS-EN-APLICACION-DE-LA-DT2.pdf\" target=\"_blank\" rel=\"noreferrer noopener\">n<\/a><a href=\"https:\/\/infoextranjeria.org\/wp-content\/uploads\/2025\/06\/20250620.-NOTA-DGGM-ALTA-EN-SS-EN-APLICACION-DE-LA-DT2.pdf\">da del RD 1155\/2024, de 19 de Noviembre.<\/a><\/p>\n\n\n\n<p>ALTA EN SEGURIDAD SOCIAL<br>EN APLICACI\u00d3N DE LA DISPOSICI\u00d3N TRANSITORIA SEGUNDA DEL REAL DECRETO 1155\/2024, DE 19 DE NOVIEMBRE<\/p>\n\n\n\n<p>Desde esta Direcci\u00f3n General de Gesti\u00f3n Migratoria, se comunica la procedencia de&nbsp;asignar un n\u00famero de la Seguridad Social (NUSS) y, en su caso, tramitar el alta en el R\u00e9gimen de la Seguridad Social que corresponda&nbsp;a las personas extranjeras que, en virtud de la Disposici\u00f3n transitoria segunda del Real Decreto 1155\/2024, de 19 de noviembre, por el que se aprueba el Reglamento de la Ley Org\u00e1nica 4\/2000, de 11 de enero, sobre derechos y libertades de los extranjeros en Espa\u00f1a y su integraci\u00f3n social, soliciten la aplicaci\u00f3n del r\u00e9gimen jur\u00eddico recogido en este y que, como consecuencia, conlleve la&nbsp;autorizaci\u00f3n para trabajar, aunque se trate de autorizaciones de estancia o residencia inicialmente solicitadas conforme al reglamento anterior vigente hasta el 19 de mayo de 2025 que no incorporasen este derecho.<\/p>\n","protected":false},"excerpt":{"rendered":"<p>Para los profesionales que gestionan expedientes de extranjer\u00eda se les informa de las siguientes novedades: Por una parte, que la SEM ha publicado la Instrucci\u00f3n N\u00ba 3, que complementa al Reglamento de Extranjer\u00eda, relativa a:&nbsp; &nbsp;LAS AUTORIZACIONES DE ESTANCIA DE &hellip; <a href=\"https:\/\/www.gestoresalicante.org\/blog\/index.php\/2025\/06\/27\/boletin-extranjeria-no-51\/\">Sigue leyendo <span class=\"meta-nav\">&rarr;<\/span><\/a><\/p>\n","protected":false},"author":7,"featured_media":0,"comment_status":"closed","ping_status":"closed","sticky":false,"template":"","format":"standard","meta":{"footnotes":""},"categories":[10],"tags":[],"class_list":["post-2097","post","type-post","status-publish","format-standard","hentry","category-extranjeria"],"_links":{"self":[{"href":"https:\/\/www.gestoresalicante.org\/blog\/index.php\/wp-json\/wp\/v2\/posts\/2097","targetHints":{"allow":["GET"]}}],"collection":[{"href":"https:\/\/www.gestoresalicante.org\/blog\/index.php\/wp-json\/wp\/v2\/posts"}],"about":[{"href":"https:\/\/www.gestoresalicante.org\/blog\/index.php\/wp-json\/wp\/v2\/types\/post"}],"author":[{"embeddable":true,"href":"https:\/\/www.gestoresalicante.org\/blog\/index.php\/wp-json\/wp\/v2\/users\/7"}],"replies":[{"embeddable":true,"href":"https:\/\/www.gestoresalicante.org\/blog\/index.php\/wp-json\/wp\/v2\/comments?post=2097"}],"version-history":[{"count":1,"href":"https:\/\/www.gestoresalicante.org\/blog\/index.php\/wp-json\/wp\/v2\/posts\/2097\/revisions"}],"predecessor-version":[{"id":2098,"href":"https:\/\/www.gestoresalicante.org\/blog\/index.php\/wp-json\/wp\/v2\/posts\/2097\/revisions\/2098"}],"wp:attachment":[{"href":"https:\/\/www.gestoresalicante.org\/blog\/index.php\/wp-json\/wp\/v2\/media?parent=2097"}],"wp:term":[{"taxonomy":"category","embeddable":true,"href":"https:\/\/www.gestoresalicante.org\/blog\/index.php\/wp-json\/wp\/v2\/categories?post=2097"},{"taxonomy":"post_tag","embeddable":true,"href":"https:\/\/www.gestoresalicante.org\/blog\/index.php\/wp-json\/wp\/v2\/tags?post=2097"}],"curies":[{"name":"wp","href":"https:\/\/api.w.org\/{rel}","templated":true}]}}