{"id":210,"date":"2013-01-25T14:15:38","date_gmt":"2013-01-25T13:15:38","guid":{"rendered":"http:\/\/www.gestoresalicante.org\/blog\/index.php\/2013\/01\/28\/resumen-de-prensa-28-01-2013\/"},"modified":"2013-01-28T14:16:54","modified_gmt":"2013-01-28T13:16:54","slug":"resumen-de-prensa-25-01-2013","status":"publish","type":"post","link":"https:\/\/www.gestoresalicante.org\/blog\/index.php\/2013\/01\/25\/resumen-de-prensa-25-01-2013\/","title":{"rendered":"Resumen de Prensa 25-01-2013"},"content":{"rendered":"<div class=\"nboletin\">\n<table width=\"90%\" cellpadding=\"4\">\n<tbody>\n<tr>\n<td colspan=\"3\">\n<div style=\"background-color: #cccccc; padding: 4px 10px 4px 10px; width: 100%; border: 1px #414141 solid;\"><img loading=\"lazy\" decoding=\"async\" src=\"http:\/\/www.gestoresalicante.org\/img\/newsletter\/conges.jpg\" alt=\"Consejo de Gestores\" width=\"226\" height=\"70\" \/><\/div>\n<\/td>\n<\/tr>\n<tr>\n<td colspan=\"3\" align=\"right\"><strong>25\/01\/2013<br \/>\n<\/strong><\/td>\n<\/tr>\n<tr>\n<td colspan=\"3\"><\/td>\n<\/tr>\n<tr>\n<td class=\"tgrupo\" colspan=\"3\"><img loading=\"lazy\" decoding=\"async\" style=\"margin-right: 4px;\" src=\"http:\/\/www.gestoresalicante.org\/img\/newsletter\/picto.jpg\" alt=\"\" width=\"20\" height=\"18\" align=\"absmiddle\" \/> <strong>Consejo General de los Colegios de Gestores Administrativos<\/strong><\/td>\n<\/tr>\n<tr>\n<td class=\"tfecha\">24\/01\/2013<\/td>\n<td class=\"titem\"><a href=\"http:\/\/www.clipmedia.net\/ficheros\/2013\/01_ene\/ss896.pdf\" target=\"_blank\">Las matriculaciones de veh\u00edculos en la Comunidad desciende un 13,5 por ciento durante 2012 <\/a><\/td>\n<td class=\"tfuente\" align=\"right\">Europa Press<\/td>\n<\/tr>\n<tr>\n<td class=\"tfecha\">24\/01\/2013<\/td>\n<td class=\"titem\"><a href=\"http:\/\/www.clipmedia.net\/ficheros\/2013\/01_ene\/ss897.pdf\" target=\"_blank\">Las matriculaciones de veh\u00edculos en la Comunidad desciende un 13,5 por ciento durante 2012 <\/a><\/td>\n<td class=\"tfuente\" align=\"right\">Telemadrid<\/td>\n<\/tr>\n<tr>\n<td class=\"tfecha\">24\/01\/2013<\/td>\n<td class=\"titem\"><a href=\"http:\/\/www.clipmedia.net\/ficheros\/2013\/01_ene\/ss898.pdf\" target=\"_blank\">Las matriculaciones de veh\u00edculos en la Comunidad desciende un 13,5 por ciento durante 2012 <\/a><\/td>\n<td class=\"tfuente\" align=\"right\">Gentedigital.es<\/td>\n<\/tr>\n<tr>\n<td class=\"tfecha\">25\/01\/2013<\/td>\n<td class=\"titem\"><a href=\"http:\/\/www.clipmedia.net\/ficheros\/2013\/01_ene\/ss899.pdf\" target=\"_blank\">Las matriculaciones en 2012 cayeron un 13,5% en la Comunidad de Madrid<\/a><\/td>\n<td class=\"tfuente\" align=\"right\">Diario Cr\u00edtico<\/td>\n<\/tr>\n<tr>\n<td class=\"tfecha\">24\/01\/2013<\/td>\n<td class=\"titem\"><a href=\"http:\/\/www.clipmedia.net\/ficheros\/2013\/01_ene\/ss836.pdf\" target=\"_blank\">Las matriculaciones de veh\u00edculos en la Comunidad desciende un 13,5 por ciento durante 2012<\/a><\/td>\n<td class=\"tfuente\" align=\"right\">El Economista<\/td>\n<\/tr>\n<tr>\n<td class=\"tfecha\">24\/01\/2013<\/td>\n<td class=\"titem\"><a href=\"http:\/\/www.clipmedia.net\/ficheros\/2013\/01_ene\/ss892.pdf\" target=\"_blank\">Las matriculaciones de veh\u00edculos en la Comunidad desciende un 13,5 por ciento durante 2012 <\/a><\/td>\n<td class=\"tfuente\" align=\"right\">Terra<\/td>\n<\/tr>\n<tr>\n<td class=\"tfecha\">24\/01\/2013<\/td>\n<td class=\"titem\"><a href=\"http:\/\/www.clipmedia.net\/ficheros\/2013\/01_ene\/ss893.pdf\" target=\"_blank\">Las matriculaciones de veh\u00edculos en la Comunidad desciende un 13,5 por ciento durante 2012 <\/a><\/td>\n<td class=\"tfuente\" align=\"right\">La Informaci\u00f3n Digital.com<\/td>\n<\/tr>\n<tr>\n<td class=\"tfecha\">24\/01\/2013<\/td>\n<td class=\"titem\"><a href=\"http:\/\/www.clipmedia.net\/ficheros\/2013\/01_ene\/ss894.pdf\" target=\"_blank\">Las matriculaciones de veh\u00edculos en la Comunidad desciende un 13,5 por ciento durante 2012 <\/a><\/td>\n<td class=\"tfuente\" align=\"right\">Qu\u00e9.es<\/td>\n<\/tr>\n<tr>\n<td class=\"tfecha\">24\/01\/2013<\/td>\n<td class=\"titem\"><a href=\"http:\/\/www.clipmedia.net\/ficheros\/2013\/01_ene\/ss895.pdf\" target=\"_blank\">Las matriculaciones de veh\u00edculos en la Comunidad desciende un 13,5 por ciento durante 2012 <\/a><\/td>\n<td class=\"tfuente\" align=\"right\">La Vanguardia (digital)<\/td>\n<\/tr>\n<tr>\n<td colspan=\"3\"><\/td>\n<\/tr>\n<tr>\n<td class=\"tgrupo\" colspan=\"3\"><img loading=\"lazy\" decoding=\"async\" style=\"margin-right: 4px;\" src=\"http:\/\/www.gestoresalicante.org\/img\/newsletter\/picto.jpg\" alt=\"\" width=\"20\" height=\"18\" align=\"absmiddle\" \/> <strong>Sector Fiscal<\/strong><\/td>\n<\/tr>\n<tr>\n<td class=\"tfecha\">25\/01\/2013<\/td>\n<td class=\"titem\"><a href=\"http:\/\/www.clipmedia.net\/ficheros\/2013\/01_ene\/ss900.pdf\" target=\"_blank\">La UE aprobar\u00e1 34 normas contra el fraude fiscal de las multinacionales<\/a><\/td>\n<td class=\"tfuente\" align=\"right\">El Economista<\/td>\n<\/tr>\n<tr>\n<td class=\"tfecha\">25\/01\/2013<\/td>\n<td class=\"titem\"><a href=\"http:\/\/www.clipmedia.net\/ficheros\/2013\/01_ene\/ss903.pdf\" target=\"_blank\">El Supremo &#8216;barre&#8217; hacia Espa\u00f1a en tributaci\u00f3n por espect\u00e1culos<\/a><\/td>\n<td class=\"tfuente\" align=\"right\">El Economista<\/td>\n<\/tr>\n<tr>\n<td class=\"tfecha\">25\/01\/2013<\/td>\n<td class=\"titem\"><a href=\"http:\/\/www.clipmedia.net\/ficheros\/2013\/01_ene\/ss904.pdf\" target=\"_blank\">La Audiencia Nacional niega la suspensi\u00f3n de las tasas <\/a><\/td>\n<td class=\"tfuente\" align=\"right\">El Economista<\/td>\n<\/tr>\n<tr>\n<td class=\"tfecha\">25\/01\/2013<\/td>\n<td class=\"titem\"><a href=\"http:\/\/www.clipmedia.net\/ficheros\/2013\/01_ene\/ss908.pdf\" target=\"_blank\">El Parlament aprueba la subida de hasta el 10% del impuesto de Patrimonio<\/a><\/td>\n<td class=\"tfuente\" align=\"right\">Expansi\u00f3n<\/td>\n<\/tr>\n<tr>\n<td class=\"tfecha\">25\/01\/2013<\/td>\n<td class=\"titem\"><a href=\"http:\/\/www.clipmedia.net\/ficheros\/2013\/01_ene\/ss910.pdf\" target=\"_blank\">Los inspectores insisten en que la amnist\u00eda fiscal puede tapar delitos<\/a><\/td>\n<td class=\"tfuente\" align=\"right\">El Peri\u00f3dico de Catalunya<\/td>\n<\/tr>\n<tr>\n<td colspan=\"3\"><\/td>\n<\/tr>\n<tr>\n<td class=\"tgrupo\" colspan=\"3\"><img loading=\"lazy\" decoding=\"async\" style=\"margin-right: 4px;\" src=\"http:\/\/www.gestoresalicante.org\/img\/newsletter\/picto.jpg\" alt=\"\" width=\"20\" height=\"18\" align=\"absmiddle\" \/> <strong>Sector Veh\u00edculos<\/strong><\/td>\n<\/tr>\n<tr>\n<td class=\"tfecha\">25\/01\/2013<\/td>\n<td class=\"titem\"><a href=\"http:\/\/www.clipmedia.net\/ficheros\/2013\/01_ene\/ss913.pdf\" target=\"_blank\">GM-Opel y PSA Peugeot-Citro\u00ebn extienden su alianza a Rusia<\/a><\/td>\n<td class=\"tfuente\" align=\"right\">El Mundo<\/td>\n<\/tr>\n<tr>\n<td class=\"tfecha\">25\/01\/2013<\/td>\n<td class=\"titem\"><a href=\"http:\/\/www.clipmedia.net\/ficheros\/2013\/01_ene\/ss914.pdf\" target=\"_blank\">\u00bfQui\u00e9n paga los 80.000 postes de recarga para el coche el\u00e9ctrico?<\/a><\/td>\n<td class=\"tfuente\" align=\"right\">Cinco D\u00edas<\/td>\n<\/tr>\n<tr>\n<td colspan=\"3\"><\/td>\n<\/tr>\n<tr>\n<td class=\"tgrupo\" colspan=\"3\"><img loading=\"lazy\" decoding=\"async\" style=\"margin-right: 4px;\" src=\"http:\/\/www.gestoresalicante.org\/img\/newsletter\/picto.jpg\" alt=\"\" width=\"20\" height=\"18\" align=\"absmiddle\" \/> <strong>Ventana Telem\u00e1tica<\/strong><\/td>\n<\/tr>\n<tr>\n<td colspan=\"3\">(No hay registros)<\/td>\n<\/tr>\n<tr>\n<td colspan=\"3\"><\/td>\n<\/tr>\n<tr>\n<td class=\"tgrupo\" colspan=\"3\"><img loading=\"lazy\" decoding=\"async\" style=\"margin-right: 4px;\" src=\"http:\/\/www.gestoresalicante.org\/img\/newsletter\/picto.jpg\" alt=\"\" width=\"20\" height=\"18\" align=\"absmiddle\" \/> <strong>Sector de la formaci\u00f3n<\/strong><\/td>\n<\/tr>\n<tr>\n<td class=\"tfecha\">25\/01\/2013<\/td>\n<td class=\"titem\"><a href=\"http:\/\/www.clipmedia.net\/ficheros\/2013\/01_ene\/ss907.pdf\" target=\"_blank\">Las pr\u00e1cticas de alumnos de FP son m\u00e1s eficaces en las pymes, seg\u00fan la UAB<\/a><\/td>\n<td class=\"tfuente\" align=\"right\">Expansi\u00f3n<\/td>\n<\/tr>\n<tr>\n<td class=\"tfecha\">24\/01\/2013<\/td>\n<td class=\"titem\"><a href=\"http:\/\/www.clipmedia.net\/ficheros\/2013\/01_ene\/ss915.pdf\" target=\"_blank\">R\u00e9cord de alumnos<\/a><\/td>\n<td class=\"tfuente\" align=\"right\">El Mundo &#8211; Campus<\/td>\n<\/tr>\n<tr>\n<td colspan=\"3\"><\/td>\n<\/tr>\n<tr>\n<td class=\"tgrupo\" colspan=\"3\"><img loading=\"lazy\" decoding=\"async\" style=\"margin-right: 4px;\" src=\"http:\/\/www.gestoresalicante.org\/img\/newsletter\/picto.jpg\" alt=\"\" width=\"20\" height=\"18\" align=\"absmiddle\" \/> <strong>Sector Laboral<\/strong><\/td>\n<\/tr>\n<tr>\n<td class=\"tfecha\">25\/01\/2013<\/td>\n<td class=\"titem\"><a href=\"http:\/\/www.clipmedia.net\/ficheros\/2013\/01_ene\/ss901.pdf\" target=\"_blank\">Oposici\u00f3n y sindicatos cargan contra la reforma laboral<\/a><\/td>\n<td class=\"tfuente\" align=\"right\">El Economista<\/td>\n<\/tr>\n<tr>\n<td class=\"tfecha\">25\/01\/2013<\/td>\n<td class=\"titem\"><a href=\"http:\/\/www.clipmedia.net\/ficheros\/2013\/01_ene\/ss902.pdf\" target=\"_blank\">Siete de cada diez exportadores elevan sus pedidos desde el exterior en 2013<\/a><\/td>\n<td class=\"tfuente\" align=\"right\">El Economista<\/td>\n<\/tr>\n<tr>\n<td class=\"tfecha\">25\/01\/2013<\/td>\n<td class=\"titem\"><a href=\"http:\/\/www.clipmedia.net\/ficheros\/2013\/01_ene\/ss905.pdf\" target=\"_blank\">La mitad de los emprendedores tiene entre 25 y 44 a\u00f1os<\/a><\/td>\n<td class=\"tfuente\" align=\"right\">El Economista<\/td>\n<\/tr>\n<tr>\n<td class=\"tfecha\">25\/01\/2013<\/td>\n<td class=\"titem\"><a href=\"http:\/\/www.clipmedia.net\/ficheros\/2013\/01_ene\/ss906.pdf\" target=\"_blank\">El Corte Ingl\u00e9s, Carrefour y Eroski exigen aumentar la jornada laboral <\/a><\/td>\n<td class=\"tfuente\" align=\"right\">Expansi\u00f3n<\/td>\n<\/tr>\n<tr>\n<td class=\"tfecha\">25\/01\/2013<\/td>\n<td class=\"titem\"><a href=\"http:\/\/www.clipmedia.net\/ficheros\/2013\/01_ene\/ss909.pdf\" target=\"_blank\">La falta de empleo provoca la emigraci\u00f3n de los m\u00e1s j\u00f3venes<\/a><\/td>\n<td class=\"tfuente\" align=\"right\">El Pa\u00eds<\/td>\n<\/tr>\n<tr>\n<td class=\"tfecha\">25\/01\/2013<\/td>\n<td class=\"titem\"><a href=\"http:\/\/www.clipmedia.net\/ficheros\/2013\/01_ene\/ss911.pdf\" target=\"_blank\">En el abismo de 6 millones<\/a><\/td>\n<td class=\"tfuente\" align=\"right\">El Peri\u00f3dico de Catalunya<\/td>\n<\/tr>\n<tr>\n<td class=\"tfecha\">25\/01\/2013<\/td>\n<td class=\"titem\"><a href=\"http:\/\/www.clipmedia.net\/ficheros\/2013\/01_ene\/ss912.pdf\" target=\"_blank\">La destrucci\u00f3n de empleo se cebar\u00e1 en Administraci\u00f3n, banca e industria<\/a><\/td>\n<td class=\"tfuente\" align=\"right\">El Peri\u00f3dico de Catalunya<\/td>\n<\/tr>\n<tr>\n<td colspan=\"3\"><\/td>\n<\/tr>\n<tr>\n<td class=\"tgrupo\" colspan=\"3\"><img loading=\"lazy\" decoding=\"async\" style=\"margin-right: 4px;\" src=\"http:\/\/www.gestoresalicante.org\/img\/newsletter\/picto.jpg\" alt=\"\" width=\"20\" height=\"18\" align=\"absmiddle\" \/> <strong>Sector inmobiliario<\/strong><\/td>\n<\/tr>\n<tr>\n<td class=\"tfecha\">25\/01\/2013<\/td>\n<td class=\"titem\"><a href=\"http:\/\/www.clipmedia.net\/ficheros\/2013\/01_ene\/ss886.pdf\" target=\"_blank\">La banca deber\u00e1 rebajar los intereses de demora de las hipotecas del 20% al 6% <\/a><\/td>\n<td class=\"tfuente\" align=\"right\">Expansi\u00f3n<\/td>\n<\/tr>\n<tr>\n<td colspan=\"3\"><\/td>\n<\/tr>\n<tr>\n<td class=\"tgrupo\" colspan=\"3\"><img loading=\"lazy\" decoding=\"async\" style=\"margin-right: 4px;\" src=\"http:\/\/www.gestoresalicante.org\/img\/newsletter\/picto.jpg\" alt=\"\" width=\"20\" height=\"18\" align=\"absmiddle\" \/> <strong>B.O.E<\/strong><\/td>\n<\/tr>\n<tr>\n<td colspan=\"3\">(No hay registros)<\/td>\n<\/tr>\n<\/tbody>\n<\/table>\n<\/div>\n","protected":false},"excerpt":{"rendered":"<p>25\/01\/2013 Consejo General de los Colegios de Gestores Administrativos 24\/01\/2013 Las matriculaciones de veh\u00edculos en la Comunidad desciende un 13,5 por ciento durante 2012 Europa Press 24\/01\/2013 Las matriculaciones de veh\u00edculos en la Comunidad desciende un 13,5 por ciento durante &hellip; <a href=\"https:\/\/www.gestoresalicante.org\/blog\/index.php\/2013\/01\/25\/resumen-de-prensa-25-01-2013\/\">Sigue leyendo <span class=\"meta-nav\">&rarr;<\/span><\/a><\/p>\n","protected":false},"author":4,"featured_media":0,"comment_status":"closed","ping_status":"closed","sticky":false,"template":"","format":"standard","meta":{"footnotes":""},"categories":[6],"tags":[],"class_list":["post-210","post","type-post","status-publish","format-standard","hentry","category-resumendeprensa"],"_links":{"self":[{"href":"https:\/\/www.gestoresalicante.org\/blog\/index.php\/wp-json\/wp\/v2\/posts\/210","targetHints":{"allow":["GET"]}}],"collection":[{"href":"https:\/\/www.gestoresalicante.org\/blog\/index.php\/wp-json\/wp\/v2\/posts"}],"about":[{"href":"https:\/\/www.gestoresalicante.org\/blog\/index.php\/wp-json\/wp\/v2\/types\/post"}],"author":[{"embeddable":true,"href":"https:\/\/www.gestoresalicante.org\/blog\/index.php\/wp-json\/wp\/v2\/users\/4"}],"replies":[{"embeddable":true,"href":"https:\/\/www.gestoresalicante.org\/blog\/index.php\/wp-json\/wp\/v2\/comments?post=210"}],"version-history":[{"count":0,"href":"https:\/\/www.gestoresalicante.org\/blog\/index.php\/wp-json\/wp\/v2\/posts\/210\/revisions"}],"wp:attachment":[{"href":"https:\/\/www.gestoresalicante.org\/blog\/index.php\/wp-json\/wp\/v2\/media?parent=210"}],"wp:term":[{"taxonomy":"category","embeddable":true,"href":"https:\/\/www.gestoresalicante.org\/blog\/index.php\/wp-json\/wp\/v2\/categories?post=210"},{"taxonomy":"post_tag","embeddable":true,"href":"https:\/\/www.gestoresalicante.org\/blog\/index.php\/wp-json\/wp\/v2\/tags?post=210"}],"curies":[{"name":"wp","href":"https:\/\/api.w.org\/{rel}","templated":true}]}}