{"id":2107,"date":"2025-08-06T09:54:59","date_gmt":"2025-08-06T07:54:59","guid":{"rendered":"https:\/\/www.gestoresalicante.org\/blog\/?p=2107"},"modified":"2025-08-06T09:54:59","modified_gmt":"2025-08-06T07:54:59","slug":"boletin-extranjeria-no-54","status":"publish","type":"post","link":"https:\/\/www.gestoresalicante.org\/blog\/index.php\/2025\/08\/06\/boletin-extranjeria-no-54\/","title":{"rendered":"Bolet\u00edn Extranjer\u00eda N\u00ba 54"},"content":{"rendered":"\n<p>Se les informa a los colegiados que llevan temas de extranjer\u00eda ante la Unidad de Grandes Empresas (UGE), vinculados a la aplicaci\u00f3n de las autorizaciones de residencia contempladas en la Ley 14\/2013, que la\u00a0Subdirecci\u00f3n General de Inmigraci\u00f3n y Movilidad Internacional (Direcci\u00f3n General de Gesti\u00f3n Migratoria)\u00a0ha publicado los\u00a0criterios de gesti\u00f3n 1\/2025 y 2\/2025\u00a0relativos a la\u00a0tramitaci\u00f3n colectiva de autorizaciones de trabajadores\/as que efect\u00faen movimientos intraempresariales\u00a0y a la\u00a0duraci\u00f3n de las autorizaciones de residencia reguladas por esta Ley,\u00a0respectivamente. Se adjuntan los textos de ambos documentos para su estudio.<\/p>\n\n\n\n<div data-wp-interactive=\"core\/file\" class=\"wp-block-file\"><object data-wp-bind--hidden=\"!state.hasPdfPreview\" hidden class=\"wp-block-file__embed\" data=\"https:\/\/www.gestoresalicante.org\/blog\/wp-content\/uploads\/2025\/08\/CRITERIO-DE-GESTION-DGGM-1-2025_LEY-14-2013_TRAMITACION-COLECTIVA-ITC.pdf\" type=\"application\/pdf\" style=\"width:100%;height:600px\" aria-label=\"Incrustado de CRITERIO-DE-GESTION-DGGM-1-2025_LEY-14-2013_TRAMITACION-COLECTIVA-ITC.\"><\/object><a id=\"wp-block-file--media-5d91c756-5938-4fff-8c37-8475bbdf29ea\" href=\"https:\/\/www.gestoresalicante.org\/blog\/wp-content\/uploads\/2025\/08\/CRITERIO-DE-GESTION-DGGM-1-2025_LEY-14-2013_TRAMITACION-COLECTIVA-ITC.pdf\">CRITERIO-DE-GESTION-DGGM-1-2025_LEY-14-2013_TRAMITACION-COLECTIVA-ITC<\/a><a href=\"https:\/\/www.gestoresalicante.org\/blog\/wp-content\/uploads\/2025\/08\/CRITERIO-DE-GESTION-DGGM-1-2025_LEY-14-2013_TRAMITACION-COLECTIVA-ITC.pdf\" class=\"wp-block-file__button wp-element-button\" download aria-describedby=\"wp-block-file--media-5d91c756-5938-4fff-8c37-8475bbdf29ea\">Descarga<\/a><\/div>\n\n\n\n<div data-wp-interactive=\"core\/file\" class=\"wp-block-file\"><object data-wp-bind--hidden=\"!state.hasPdfPreview\" hidden class=\"wp-block-file__embed\" data=\"https:\/\/www.gestoresalicante.org\/blog\/wp-content\/uploads\/2025\/08\/CRITERIO-DE-GESTION-DGGM-2-2025_LEY-14-2013_DURACION-AUTORIZACIONES-DE-RES.DENCIA.pdf\" type=\"application\/pdf\" style=\"width:100%;height:600px\" aria-label=\"Incrustado de CRITERIO-DE-GESTION-DGGM-2-2025_LEY-14-2013_DURACION-AUTORIZACIONES-DE-RES...DENCIA.\"><\/object><a id=\"wp-block-file--media-39e07e7e-ce0d-4113-bfe9-725b74d452ee\" href=\"https:\/\/www.gestoresalicante.org\/blog\/wp-content\/uploads\/2025\/08\/CRITERIO-DE-GESTION-DGGM-2-2025_LEY-14-2013_DURACION-AUTORIZACIONES-DE-RES.DENCIA.pdf\">CRITERIO-DE-GESTION-DGGM-2-2025_LEY-14-2013_DURACION-AUTORIZACIONES-DE-RES&#8230;DENCIA<\/a><a href=\"https:\/\/www.gestoresalicante.org\/blog\/wp-content\/uploads\/2025\/08\/CRITERIO-DE-GESTION-DGGM-2-2025_LEY-14-2013_DURACION-AUTORIZACIONES-DE-RES.DENCIA.pdf\" class=\"wp-block-file__button wp-element-button\" download aria-describedby=\"wp-block-file--media-39e07e7e-ce0d-4113-bfe9-725b74d452ee\">Descarga<\/a><\/div>\n\n\n\n<p><\/p>\n","protected":false},"excerpt":{"rendered":"<p>Se les informa a los colegiados que llevan temas de extranjer\u00eda ante la Unidad de Grandes Empresas (UGE), vinculados a la aplicaci\u00f3n de las autorizaciones de residencia contempladas en la Ley 14\/2013, que la\u00a0Subdirecci\u00f3n General de Inmigraci\u00f3n y Movilidad Internacional &hellip; <a href=\"https:\/\/www.gestoresalicante.org\/blog\/index.php\/2025\/08\/06\/boletin-extranjeria-no-54\/\">Sigue leyendo <span class=\"meta-nav\">&rarr;<\/span><\/a><\/p>\n","protected":false},"author":7,"featured_media":0,"comment_status":"closed","ping_status":"closed","sticky":false,"template":"","format":"standard","meta":{"footnotes":""},"categories":[10],"tags":[],"class_list":["post-2107","post","type-post","status-publish","format-standard","hentry","category-extranjeria"],"_links":{"self":[{"href":"https:\/\/www.gestoresalicante.org\/blog\/index.php\/wp-json\/wp\/v2\/posts\/2107","targetHints":{"allow":["GET"]}}],"collection":[{"href":"https:\/\/www.gestoresalicante.org\/blog\/index.php\/wp-json\/wp\/v2\/posts"}],"about":[{"href":"https:\/\/www.gestoresalicante.org\/blog\/index.php\/wp-json\/wp\/v2\/types\/post"}],"author":[{"embeddable":true,"href":"https:\/\/www.gestoresalicante.org\/blog\/index.php\/wp-json\/wp\/v2\/users\/7"}],"replies":[{"embeddable":true,"href":"https:\/\/www.gestoresalicante.org\/blog\/index.php\/wp-json\/wp\/v2\/comments?post=2107"}],"version-history":[{"count":1,"href":"https:\/\/www.gestoresalicante.org\/blog\/index.php\/wp-json\/wp\/v2\/posts\/2107\/revisions"}],"predecessor-version":[{"id":2110,"href":"https:\/\/www.gestoresalicante.org\/blog\/index.php\/wp-json\/wp\/v2\/posts\/2107\/revisions\/2110"}],"wp:attachment":[{"href":"https:\/\/www.gestoresalicante.org\/blog\/index.php\/wp-json\/wp\/v2\/media?parent=2107"}],"wp:term":[{"taxonomy":"category","embeddable":true,"href":"https:\/\/www.gestoresalicante.org\/blog\/index.php\/wp-json\/wp\/v2\/categories?post=2107"},{"taxonomy":"post_tag","embeddable":true,"href":"https:\/\/www.gestoresalicante.org\/blog\/index.php\/wp-json\/wp\/v2\/tags?post=2107"}],"curies":[{"name":"wp","href":"https:\/\/api.w.org\/{rel}","templated":true}]}}