{"id":2113,"date":"2025-09-01T12:19:34","date_gmt":"2025-09-01T10:19:34","guid":{"rendered":"https:\/\/www.gestoresalicante.org\/blog\/?p=2113"},"modified":"2025-09-01T12:21:41","modified_gmt":"2025-09-01T10:21:41","slug":"boletin-extranjeria-no-55","status":"publish","type":"post","link":"https:\/\/www.gestoresalicante.org\/blog\/index.php\/2025\/09\/01\/boletin-extranjeria-no-55\/","title":{"rendered":"Bolet\u00edn Extranjer\u00eda N\u00ba 55"},"content":{"rendered":"\n<p>La DCMM&nbsp;ha publicado, junto a las Instrucciones sobre el nuevo Reglamento, una serie de \u00abCriterios de Gesti\u00f3n\u00bb, sobre los siguientes aspectos:<\/p>\n\n\n\n<p>1.&nbsp;Modificaciones de las autorizaciones de estancia y residencia y pr\u00f3rrogas de las residencias por arraigo.<\/p>\n\n\n\n<p>2.&nbsp;Cambios de contrato o persona empleadora en las autorizaciones de residencia temporal por razones de arraigo sociolaboral.<\/p>\n\n\n\n<p>3.&nbsp;Autorizaciones de residencia para menores en el proceso de adopci\u00f3n internacional.<\/p>\n\n\n\n<p>4. C\u00f3mputo del tiempo en situaci\u00f3n irregular de las personas solicitantes de protecci\u00f3n internacional para solicitar arraigo.<\/p>\n\n\n\n<p>El contenido puede ser consultado en los archivos adjuntos.<\/p>\n\n\n\n<div data-wp-interactive=\"core\/file\" class=\"wp-block-file\"><object data-wp-bind--hidden=\"!state.hasPdfPreview\" hidden class=\"wp-block-file__embed\" data=\"https:\/\/www.gestoresalicante.org\/blog\/wp-content\/uploads\/2025\/09\/CRITERIO-DE-GESTION-DGGM-1-2025_RLOEX_MODIFICACIONES-ESTANCIAS-Y-RESIDENCI.RAIGOS.pdf\" type=\"application\/pdf\" style=\"width:100%;height:600px\" aria-label=\"Incrustado de CRITERIO-DE-GESTION-DGGM-1-2025_RLOEX_MODIFICACIONES-ESTANCIAS-Y-RESIDENCI...RAIGOS.\"><\/object><a id=\"wp-block-file--media-994b3225-df09-4951-953b-008527f884bf\" href=\"https:\/\/www.gestoresalicante.org\/blog\/wp-content\/uploads\/2025\/09\/CRITERIO-DE-GESTION-DGGM-1-2025_RLOEX_MODIFICACIONES-ESTANCIAS-Y-RESIDENCI.RAIGOS.pdf\">CRITERIO-DE-GESTION-DGGM-1-2025_RLOEX_MODIFICACIONES-ESTANCIAS-Y-RESIDENCI&#8230;RAIGOS<\/a><a href=\"https:\/\/www.gestoresalicante.org\/blog\/wp-content\/uploads\/2025\/09\/CRITERIO-DE-GESTION-DGGM-1-2025_RLOEX_MODIFICACIONES-ESTANCIAS-Y-RESIDENCI.RAIGOS.pdf\" class=\"wp-block-file__button wp-element-button\" download aria-describedby=\"wp-block-file--media-994b3225-df09-4951-953b-008527f884bf\">Descarga<\/a><\/div>\n\n\n\n<div data-wp-interactive=\"core\/file\" class=\"wp-block-file\"><object data-wp-bind--hidden=\"!state.hasPdfPreview\" hidden class=\"wp-block-file__embed\" data=\"https:\/\/www.gestoresalicante.org\/blog\/wp-content\/uploads\/2025\/09\/CRITERIO-DE-GESTION-DGGM-2-2025_RLOEX_CAMBIO-DE-CONTRATO-EN-EL-ARRAIGO-SOC.ABORAL.pdf\" type=\"application\/pdf\" style=\"width:100%;height:600px\" aria-label=\"Incrustado de CRITERIO-DE-GESTION-DGGM-2-2025_RLOEX_CAMBIO-DE-CONTRATO-EN-EL-ARRAIGO-SOC...ABORAL.\"><\/object><a id=\"wp-block-file--media-bd3526ab-86eb-4917-aad3-0c7dff342c3c\" href=\"https:\/\/www.gestoresalicante.org\/blog\/wp-content\/uploads\/2025\/09\/CRITERIO-DE-GESTION-DGGM-2-2025_RLOEX_CAMBIO-DE-CONTRATO-EN-EL-ARRAIGO-SOC.ABORAL.pdf\">CRITERIO-DE-GESTION-DGGM-2-2025_RLOEX_CAMBIO-DE-CONTRATO-EN-EL-ARRAIGO-SOC&#8230;ABORAL<\/a><a href=\"https:\/\/www.gestoresalicante.org\/blog\/wp-content\/uploads\/2025\/09\/CRITERIO-DE-GESTION-DGGM-2-2025_RLOEX_CAMBIO-DE-CONTRATO-EN-EL-ARRAIGO-SOC.ABORAL.pdf\" class=\"wp-block-file__button wp-element-button\" download aria-describedby=\"wp-block-file--media-bd3526ab-86eb-4917-aad3-0c7dff342c3c\">Descarga<\/a><\/div>\n\n\n\n<div data-wp-interactive=\"core\/file\" class=\"wp-block-file\"><object data-wp-bind--hidden=\"!state.hasPdfPreview\" hidden class=\"wp-block-file__embed\" data=\"https:\/\/www.gestoresalicante.org\/blog\/wp-content\/uploads\/2025\/09\/CRITERIO-DE-GESTION-DGGM-3-2025_RLOEX_DOCUMENTOS-RESIDENCIA-EN-ADOPCION-IN.CIONAL.pdf\" type=\"application\/pdf\" style=\"width:100%;height:600px\" aria-label=\"Incrustado de CRITERIO-DE-GESTION-DGGM-3-2025_RLOEX_DOCUMENTOS-RESIDENCIA-EN-ADOPCION-IN...CIONAL.\"><\/object><a id=\"wp-block-file--media-38835f12-8395-4851-a703-a16e46c21575\" href=\"https:\/\/www.gestoresalicante.org\/blog\/wp-content\/uploads\/2025\/09\/CRITERIO-DE-GESTION-DGGM-3-2025_RLOEX_DOCUMENTOS-RESIDENCIA-EN-ADOPCION-IN.CIONAL.pdf\">CRITERIO-DE-GESTION-DGGM-3-2025_RLOEX_DOCUMENTOS-RESIDENCIA-EN-ADOPCION-IN&#8230;CIONAL<\/a><a href=\"https:\/\/www.gestoresalicante.org\/blog\/wp-content\/uploads\/2025\/09\/CRITERIO-DE-GESTION-DGGM-3-2025_RLOEX_DOCUMENTOS-RESIDENCIA-EN-ADOPCION-IN.CIONAL.pdf\" class=\"wp-block-file__button wp-element-button\" download aria-describedby=\"wp-block-file--media-38835f12-8395-4851-a703-a16e46c21575\">Descarga<\/a><\/div>\n\n\n\n<div data-wp-interactive=\"core\/file\" class=\"wp-block-file\"><object data-wp-bind--hidden=\"!state.hasPdfPreview\" hidden class=\"wp-block-file__embed\" data=\"https:\/\/www.gestoresalicante.org\/blog\/wp-content\/uploads\/2025\/09\/CRITERIO-DE-GESTION-DGGM-4-2025_RLOEX_COMPUTO-SITUACION-IRREGULAR-PI-ARRAIGOS.pdf\" type=\"application\/pdf\" style=\"width:100%;height:600px\" aria-label=\"Incrustado de CRITERIO-DE-GESTION-DGGM-4-2025_RLOEX_COMPUTO-SITUACION-IRREGULAR-PI-ARRAIGOS.\"><\/object><a id=\"wp-block-file--media-37b04989-e266-47e2-9988-8b67945718fe\" href=\"https:\/\/www.gestoresalicante.org\/blog\/wp-content\/uploads\/2025\/09\/CRITERIO-DE-GESTION-DGGM-4-2025_RLOEX_COMPUTO-SITUACION-IRREGULAR-PI-ARRAIGOS.pdf\">CRITERIO-DE-GESTION-DGGM-4-2025_RLOEX_COMPUTO-SITUACION-IRREGULAR-PI-ARRAIGOS<\/a><a href=\"https:\/\/www.gestoresalicante.org\/blog\/wp-content\/uploads\/2025\/09\/CRITERIO-DE-GESTION-DGGM-4-2025_RLOEX_COMPUTO-SITUACION-IRREGULAR-PI-ARRAIGOS.pdf\" class=\"wp-block-file__button wp-element-button\" download aria-describedby=\"wp-block-file--media-37b04989-e266-47e2-9988-8b67945718fe\">Descarga<\/a><\/div>\n","protected":false},"excerpt":{"rendered":"<p>La DCMM&nbsp;ha publicado, junto a las Instrucciones sobre el nuevo Reglamento, una serie de \u00abCriterios de Gesti\u00f3n\u00bb, sobre los siguientes aspectos: 1.&nbsp;Modificaciones de las autorizaciones de estancia y residencia y pr\u00f3rrogas de las residencias por arraigo. 2.&nbsp;Cambios de contrato o &hellip; <a href=\"https:\/\/www.gestoresalicante.org\/blog\/index.php\/2025\/09\/01\/boletin-extranjeria-no-55\/\">Sigue leyendo <span class=\"meta-nav\">&rarr;<\/span><\/a><\/p>\n","protected":false},"author":7,"featured_media":0,"comment_status":"closed","ping_status":"closed","sticky":false,"template":"","format":"standard","meta":{"footnotes":""},"categories":[10],"tags":[],"class_list":["post-2113","post","type-post","status-publish","format-standard","hentry","category-extranjeria"],"_links":{"self":[{"href":"https:\/\/www.gestoresalicante.org\/blog\/index.php\/wp-json\/wp\/v2\/posts\/2113","targetHints":{"allow":["GET"]}}],"collection":[{"href":"https:\/\/www.gestoresalicante.org\/blog\/index.php\/wp-json\/wp\/v2\/posts"}],"about":[{"href":"https:\/\/www.gestoresalicante.org\/blog\/index.php\/wp-json\/wp\/v2\/types\/post"}],"author":[{"embeddable":true,"href":"https:\/\/www.gestoresalicante.org\/blog\/index.php\/wp-json\/wp\/v2\/users\/7"}],"replies":[{"embeddable":true,"href":"https:\/\/www.gestoresalicante.org\/blog\/index.php\/wp-json\/wp\/v2\/comments?post=2113"}],"version-history":[{"count":3,"href":"https:\/\/www.gestoresalicante.org\/blog\/index.php\/wp-json\/wp\/v2\/posts\/2113\/revisions"}],"predecessor-version":[{"id":2121,"href":"https:\/\/www.gestoresalicante.org\/blog\/index.php\/wp-json\/wp\/v2\/posts\/2113\/revisions\/2121"}],"wp:attachment":[{"href":"https:\/\/www.gestoresalicante.org\/blog\/index.php\/wp-json\/wp\/v2\/media?parent=2113"}],"wp:term":[{"taxonomy":"category","embeddable":true,"href":"https:\/\/www.gestoresalicante.org\/blog\/index.php\/wp-json\/wp\/v2\/categories?post=2113"},{"taxonomy":"post_tag","embeddable":true,"href":"https:\/\/www.gestoresalicante.org\/blog\/index.php\/wp-json\/wp\/v2\/tags?post=2113"}],"curies":[{"name":"wp","href":"https:\/\/api.w.org\/{rel}","templated":true}]}}