{"id":2173,"date":"2026-01-29T13:30:32","date_gmt":"2026-01-29T12:30:32","guid":{"rendered":"https:\/\/www.gestoresalicante.org\/blog\/?p=2173"},"modified":"2026-01-29T13:30:32","modified_gmt":"2026-01-29T12:30:32","slug":"boletin-extranjeria-no-66","status":"publish","type":"post","link":"https:\/\/www.gestoresalicante.org\/blog\/index.php\/2026\/01\/29\/boletin-extranjeria-no-66\/","title":{"rendered":"Bolet\u00edn Extranjer\u00eda N\u00ba 66"},"content":{"rendered":"\n<h2 class=\"wp-block-heading\">El Gobierno inicia los tr\u00e1mites de un proceso de regularizaci\u00f3n extraordinaria para integrar a personas extranjeras que ya viven en Espa\u00f1a<\/h2>\n\n\n\n<ul class=\"wp-block-list\">\n<li>El objetivo consiste en dar una respuesta inmediata y garantista a la situaci\u00f3n de cientos de miles de personas extranjeras que ya se encuentran en nuestro pa\u00eds<\/li>\n\n\n\n<li>La autorizaci\u00f3n concedida ser\u00e1 de residencia con habilitaci\u00f3n para trabajar en todo el territorio nacional y en cualquier sector<\/li>\n\n\n\n<li>Las personas interesadas deben acreditar una permanencia continuada de, como m\u00ednimo, cinco meses antes del 31 de diciembre de 2025, exceptuando los solicitantes de protecci\u00f3n internacional, que deber\u00e1n haber presentado dicha solicitud antes del 31 de diciembre de 2025<\/li>\n\n\n\n<li>Se espera que las solicitudes se empiecen a presentar a principios de abril, una vez cumplidos los tr\u00e1mites preceptivos de la tramitaci\u00f3n del Real Decreto, y el proceso estar\u00e1 abierto hasta el 30 de junio de 2026<\/li>\n<\/ul>\n","protected":false},"excerpt":{"rendered":"<p>El Gobierno inicia los tr\u00e1mites de un proceso de regularizaci\u00f3n extraordinaria para integrar a personas extranjeras que ya viven en Espa\u00f1a<\/p>\n","protected":false},"author":7,"featured_media":0,"comment_status":"closed","ping_status":"closed","sticky":false,"template":"","format":"standard","meta":{"footnotes":""},"categories":[10],"tags":[],"class_list":["post-2173","post","type-post","status-publish","format-standard","hentry","category-extranjeria"],"_links":{"self":[{"href":"https:\/\/www.gestoresalicante.org\/blog\/index.php\/wp-json\/wp\/v2\/posts\/2173","targetHints":{"allow":["GET"]}}],"collection":[{"href":"https:\/\/www.gestoresalicante.org\/blog\/index.php\/wp-json\/wp\/v2\/posts"}],"about":[{"href":"https:\/\/www.gestoresalicante.org\/blog\/index.php\/wp-json\/wp\/v2\/types\/post"}],"author":[{"embeddable":true,"href":"https:\/\/www.gestoresalicante.org\/blog\/index.php\/wp-json\/wp\/v2\/users\/7"}],"replies":[{"embeddable":true,"href":"https:\/\/www.gestoresalicante.org\/blog\/index.php\/wp-json\/wp\/v2\/comments?post=2173"}],"version-history":[{"count":1,"href":"https:\/\/www.gestoresalicante.org\/blog\/index.php\/wp-json\/wp\/v2\/posts\/2173\/revisions"}],"predecessor-version":[{"id":2174,"href":"https:\/\/www.gestoresalicante.org\/blog\/index.php\/wp-json\/wp\/v2\/posts\/2173\/revisions\/2174"}],"wp:attachment":[{"href":"https:\/\/www.gestoresalicante.org\/blog\/index.php\/wp-json\/wp\/v2\/media?parent=2173"}],"wp:term":[{"taxonomy":"category","embeddable":true,"href":"https:\/\/www.gestoresalicante.org\/blog\/index.php\/wp-json\/wp\/v2\/categories?post=2173"},{"taxonomy":"post_tag","embeddable":true,"href":"https:\/\/www.gestoresalicante.org\/blog\/index.php\/wp-json\/wp\/v2\/tags?post=2173"}],"curies":[{"name":"wp","href":"https:\/\/api.w.org\/{rel}","templated":true}]}}