{"id":261,"date":"2013-02-08T09:00:00","date_gmt":"2013-02-08T08:00:00","guid":{"rendered":"http:\/\/www.gestoresalicante.org\/blog\/index.php\/2013\/02\/08\/resumen-de-prensa-08-02-2013\/"},"modified":"-0001-11-30T00:00:00","modified_gmt":"-0001-11-29T22:00:00","slug":"resumen-de-prensa-08-02-2013","status":"publish","type":"post","link":"https:\/\/www.gestoresalicante.org\/blog\/index.php\/2013\/02\/08\/resumen-de-prensa-08-02-2013\/","title":{"rendered":"Resumen de Prensa 08-02-2013"},"content":{"rendered":"<div class=\"nboletin\">\n<table width=\"90%\" cellpadding=\"4\">\n<tr>\n<td colspan=\"3\">\n<div style=\"background-color: #CCCCCC;padding: 4px 10px 4px 10px;width: 100%;border: 1px #414141 solid;\"><img decoding=\"async\" alt=\"Consejo de Gestores\" src=\"http:\/\/www.gestoresalicante.org\/img\/newsletter\/conges.jpg\" width=226 height=70><\/div>\n<\/td>\n<\/tr>\n<tr>\n<td align=\"right\" colspan=\"3\"><strong> 08\/02\/2013 <\/strong><\/td>\n<\/tr>\n<tr>\n<td colspan=\"3\">&nbsp;<\/td>\n<\/tr>\n<tr>\n<td colspan=\"3\" class=\"tgrupo\"><img loading=\"lazy\" decoding=\"async\" src=\"http:\/\/www.gestoresalicante.org\/img\/newsletter\/picto.jpg\" width=\"20\" height=\"18\" align=\"absmiddle\" style=\"margin-right: 4px;\"> <strong> Consejo General de los Colegios de Gestores Administrativos<\/strong><\/td>\n<\/tr>\n<tr>\n<td class=\"tfecha\">08\/02\/2013<\/td>\n<td class=\"titem\"><A href=\"http:\/\/www.clipmedia.net\/ficheros\/2013\/02_feb\/st761.pdf\" target=_blank>Jornada informativa del Col.legi de Gestors<\/A><\/td>\n<td align=\"right\" class=\"tfuente\">Segre<\/td>\n<\/tr>\n<tr>\n<td class=\"tfecha\">08\/02\/2013<\/td>\n<td class=\"titem\"><A href=\"http:\/\/www.clipmedia.net\/ficheros\/2013\/02_feb\/st760.pdf\" target=_blank>Jornada informativa del Col\u00b7legi de Gestors<\/A>Jornada<\/td>\n<td align=\"right\" class=\"tfuente\">informativa del Colegio de Gestores<\/td>\n<\/tr>\n<tr>\n<td colspan=\"3\">&nbsp;<\/td>\n<\/tr>\n<tr>\n<td colspan=\"3\" class=\"tgrupo\"><img loading=\"lazy\" decoding=\"async\" src=\"http:\/\/www.gestoresalicante.org\/img\/newsletter\/picto.jpg\" width=\"20\" height=\"18\" align=\"absmiddle\" style=\"margin-right: 4px;\"> <strong> Segre &nbsp; &nbsp;<\/strong><\/td>\n<\/tr>\n<tr>\n<td colspan=\"3\">&nbsp;<\/td>\n<\/tr>\n<tr>\n<td colspan=\"3\" class=\"tgrupo\"><img loading=\"lazy\" decoding=\"async\" src=\"http:\/\/www.gestoresalicante.org\/img\/newsletter\/picto.jpg\" width=\"20\" height=\"18\" align=\"absmiddle\" style=\"margin-right: 4px;\"> <strong> Sector Fiscal<\/strong><\/td>\n<\/tr>\n<tr>\n<td class=\"tfecha\">08\/02\/2013<\/td>\n<td class=\"titem\"><A href=\"http:\/\/www.clipmedia.net\/ficheros\/2013\/02_feb\/st766.pdf\" target=_blank>Hacienda investigar\u00e1 a los contribuyentes acogidos a la amnist\u00eda fiscal<\/A><\/td>\n<td align=\"right\" class=\"tfuente\">La Vanguardia<\/td>\n<\/tr>\n<tr>\n<td class=\"tfecha\">08\/02\/2013<\/td>\n<td class=\"titem\"><A href=\"http:\/\/www.clipmedia.net\/ficheros\/2013\/02_feb\/st769.pdf\" target=_blank>Gallard\u00f3n niega al CGPJ la creaci\u00f3n de consejos judiciales auton\u00f3micos<\/A><\/td>\n<td align=\"right\" class=\"tfuente\">El Economista<\/td>\n<\/tr>\n<tr>\n<td colspan=\"3\">&nbsp;<\/td>\n<\/tr>\n<tr>\n<td colspan=\"3\" class=\"tgrupo\"><img loading=\"lazy\" decoding=\"async\" src=\"http:\/\/www.gestoresalicante.org\/img\/newsletter\/picto.jpg\" width=\"20\" height=\"18\" align=\"absmiddle\" style=\"margin-right: 4px;\"> <strong> Sector Veh\u00edculos<\/strong><\/td>\n<\/tr>\n<tr>\n<td class=\"tfecha\">08\/02\/2013<\/td>\n<td class=\"titem\"><A href=\"http:\/\/www.clipmedia.net\/ficheros\/2013\/02_feb\/st749.pdf\" target=_blank>La futura joya de Nissan<\/A><\/td>\n<td align=\"right\" class=\"tfuente\">El Peri\u00f3dico de Catalunya<\/td>\n<\/tr>\n<tr>\n<td class=\"tfecha\">08\/02\/2013<\/td>\n<td class=\"titem\"><A href=\"http:\/\/www.clipmedia.net\/ficheros\/2013\/02_feb\/st759.pdf\" target=_blank>Indultos a contracorriente<\/A><\/td>\n<td align=\"right\" class=\"tfuente\">El Pa\u00eds<\/td>\n<\/tr>\n<tr>\n<td class=\"tfecha\">08\/02\/2013<\/td>\n<td class=\"titem\"><A href=\"http:\/\/www.clipmedia.net\/ficheros\/2013\/02_feb\/st763.pdf\" target=_blank>Los fabricantes buscan alternativas al coche el\u00e9ctrico<\/A><\/td>\n<td align=\"right\" class=\"tfuente\">Expansi\u00f3n<\/td>\n<\/tr>\n<tr>\n<td class=\"tfecha\">08\/02\/2013<\/td>\n<td class=\"titem\"><A href=\"http:\/\/www.clipmedia.net\/ficheros\/2013\/02_feb\/st770.pdf\" target=_blank>Conocemos poco los sistemas de seguridad del veh\u00edculo<\/A><\/td>\n<td align=\"right\" class=\"tfuente\">La Gaceta de los Negocios<\/td>\n<\/tr>\n<tr>\n<td colspan=\"3\">&nbsp;<\/td>\n<\/tr>\n<tr>\n<td colspan=\"3\" class=\"tgrupo\"><img loading=\"lazy\" decoding=\"async\" src=\"http:\/\/www.gestoresalicante.org\/img\/newsletter\/picto.jpg\" width=\"20\" height=\"18\" align=\"absmiddle\" style=\"margin-right: 4px;\"> <strong> Ventana Telem\u00e1tica<\/strong><\/td>\n<\/tr>\n<tr>\n<td colspan=\"3\">(No hay registros)<\/td>\n<\/tr>\n<tr>\n<td colspan=\"3\">&nbsp;<\/td>\n<\/tr>\n<tr>\n<td colspan=\"3\" class=\"tgrupo\"><img loading=\"lazy\" decoding=\"async\" src=\"http:\/\/www.gestoresalicante.org\/img\/newsletter\/picto.jpg\" width=\"20\" height=\"18\" align=\"absmiddle\" style=\"margin-right: 4px;\"> <strong> Sector de la formaci\u00f3n<\/strong><\/td>\n<\/tr>\n<tr>\n<td class=\"tfecha\">08\/02\/2013<\/td>\n<td class=\"titem\"><A href=\"http:\/\/www.clipmedia.net\/ficheros\/2013\/02_feb\/st751.pdf\" target=_blank>Cinco autonom\u00edas juzgan irreal el coste previsto de la &#8216;ley Wert&#8217;<\/A><\/td>\n<td align=\"right\" class=\"tfuente\">El Peri\u00f3dico de Catalunya<\/td>\n<\/tr>\n<tr>\n<td class=\"tfecha\">08\/02\/2013<\/td>\n<td class=\"titem\"><A href=\"http:\/\/www.clipmedia.net\/ficheros\/2013\/02_feb\/st754.pdf\" target=_blank>La reforma educativa sigue adelante pese a la oposici\u00f3n de cinco autonom\u00edas<\/A><\/td>\n<td align=\"right\" class=\"tfuente\">La Vanguardia<\/td>\n<\/tr>\n<tr>\n<td colspan=\"3\">&nbsp;<\/td>\n<\/tr>\n<tr>\n<td colspan=\"3\" class=\"tgrupo\"><img loading=\"lazy\" decoding=\"async\" src=\"http:\/\/www.gestoresalicante.org\/img\/newsletter\/picto.jpg\" width=\"20\" height=\"18\" align=\"absmiddle\" style=\"margin-right: 4px;\"> <strong> Sector Laboral<\/strong><\/td>\n<\/tr>\n<tr>\n<td class=\"tfecha\">08\/02\/2013<\/td>\n<td class=\"titem\"><A href=\"http:\/\/www.clipmedia.net\/ficheros\/2013\/02_feb\/st750.pdf\" target=_blank>La CEOE propone crear &#8216;minijobs&#8217; compatibles con cobrar el paro<\/A><\/td>\n<td align=\"right\" class=\"tfuente\">El Peri\u00f3dico de Catalunya<\/td>\n<\/tr>\n<tr>\n<td class=\"tfecha\">08\/02\/2013<\/td>\n<td class=\"titem\"><A href=\"http:\/\/www.clipmedia.net\/ficheros\/2013\/02_feb\/st755.pdf\" target=_blank>Rosell defiende un contrato fijo con despido progresivo<\/A><\/td>\n<td align=\"right\" class=\"tfuente\">La Vanguardia<\/td>\n<\/tr>\n<tr>\n<td class=\"tfecha\">08\/02\/2013<\/td>\n<td class=\"titem\"><A href=\"http:\/\/www.clipmedia.net\/ficheros\/2013\/02_feb\/st768.pdf\" target=_blank>La jubilaci\u00f3n forzosa a los 65 a\u00f1os es despido improcedente<\/A><\/td>\n<td align=\"right\" class=\"tfuente\">El Economista<\/td>\n<\/tr>\n<tr>\n<td class=\"tfecha\">08\/02\/2013<\/td>\n<td class=\"titem\"><A href=\"http:\/\/www.clipmedia.net\/ficheros\/2013\/02_feb\/st743.pdf\" target=_blank>La industria se desploma un 5,9% en 2012 y se deja un 30% desde 2007<\/A><\/td>\n<td align=\"right\" class=\"tfuente\">Expansi\u00f3n<\/td>\n<\/tr>\n<tr>\n<td colspan=\"3\">&nbsp;<\/td>\n<\/tr>\n<tr>\n<td colspan=\"3\" class=\"tgrupo\"><img loading=\"lazy\" decoding=\"async\" src=\"http:\/\/www.gestoresalicante.org\/img\/newsletter\/picto.jpg\" width=\"20\" height=\"18\" align=\"absmiddle\" style=\"margin-right: 4px;\"> <strong> Sector inmobiliario<\/strong><\/td>\n<\/tr>\n<tr>\n<td class=\"tfecha\">08\/02\/2013<\/td>\n<td class=\"titem\"><A href=\"http:\/\/www.clipmedia.net\/ficheros\/2013\/02_feb\/st756.pdf\" target=_blank>El banco malo sube el precio a las viviendas de la banca<\/A><\/td>\n<td align=\"right\" class=\"tfuente\">La Vanguardia<\/td>\n<\/tr>\n<tr>\n<td class=\"tfecha\">08\/02\/2013<\/td>\n<td class=\"titem\"><A href=\"http:\/\/www.clipmedia.net\/ficheros\/2013\/02_feb\/st762.pdf\" target=_blank>Las inmobiliarias piden protecci\u00f3n al Gobierno para evitar una oleada de quiebras<\/A><\/td>\n<td align=\"right\" class=\"tfuente\">Expansi\u00f3n<\/td>\n<\/tr>\n<tr>\n<td class=\"tfecha\">08\/02\/2013<\/td>\n<td class=\"titem\"><A href=\"http:\/\/www.clipmedia.net\/ficheros\/2013\/02_feb\/st764.pdf\" target=_blank>Sareb niega a las aseguradoras tener un puesto en su consejo<\/A><\/td>\n<td align=\"right\" class=\"tfuente\">Expansi\u00f3n<\/td>\n<\/tr>\n<tr>\n<td class=\"tfecha\">08\/02\/2013<\/td>\n<td class=\"titem\"><A href=\"http:\/\/www.clipmedia.net\/ficheros\/2013\/02_feb\/st765.pdf\" target=_blank>La creaci\u00f3n del registro de morosos &#8216;disparar\u00e1&#8217; la oferta de alquileres <\/A><\/td>\n<td align=\"right\" class=\"tfuente\">Expansi\u00f3n<\/td>\n<\/tr>\n<tr>\n<td class=\"tfecha\">08\/02\/2013<\/td>\n<td class=\"titem\"><A href=\"http:\/\/www.clipmedia.net\/ficheros\/2013\/02_feb\/st767.pdf\" target=_blank>Los desahucios rozan los 50.000 en nueve meses<\/A><\/td>\n<td align=\"right\" class=\"tfuente\">El Economista<\/td>\n<\/tr>\n<tr>\n<td colspan=\"3\">&nbsp;<\/td>\n<\/tr>\n<tr>\n<td colspan=\"3\" class=\"tgrupo\"><img loading=\"lazy\" decoding=\"async\" src=\"http:\/\/www.gestoresalicante.org\/img\/newsletter\/picto.jpg\" width=\"20\" height=\"18\" align=\"absmiddle\" style=\"margin-right: 4px;\"> <strong> B.O.E<\/strong><\/td>\n<\/tr>\n<tr>\n<td colspan=\"3\">(No hay registros)<\/td>\n<\/tr>\n<\/table>\n<\/div>\n","protected":false},"excerpt":{"rendered":"<p>08\/02\/2013 &nbsp; Consejo General de los Colegios de Gestores Administrativos 08\/02\/2013 Jornada informativa del Col.legi de Gestors Segre 08\/02\/2013 Jornada informativa del Col\u00b7legi de GestorsJornada informativa del Colegio de Gestores &nbsp; Segre &nbsp; &nbsp; &nbsp; Sector Fiscal 08\/02\/2013 Hacienda investigar\u00e1 &hellip; <a href=\"https:\/\/www.gestoresalicante.org\/blog\/index.php\/2013\/02\/08\/resumen-de-prensa-08-02-2013\/\">Sigue leyendo <span class=\"meta-nav\">&rarr;<\/span><\/a><\/p>\n","protected":false},"author":4,"featured_media":0,"comment_status":"closed","ping_status":"closed","sticky":false,"template":"","format":"standard","meta":{"footnotes":""},"categories":[6],"tags":[],"class_list":["post-261","post","type-post","status-publish","format-standard","hentry","category-resumendeprensa"],"_links":{"self":[{"href":"https:\/\/www.gestoresalicante.org\/blog\/index.php\/wp-json\/wp\/v2\/posts\/261","targetHints":{"allow":["GET"]}}],"collection":[{"href":"https:\/\/www.gestoresalicante.org\/blog\/index.php\/wp-json\/wp\/v2\/posts"}],"about":[{"href":"https:\/\/www.gestoresalicante.org\/blog\/index.php\/wp-json\/wp\/v2\/types\/post"}],"author":[{"embeddable":true,"href":"https:\/\/www.gestoresalicante.org\/blog\/index.php\/wp-json\/wp\/v2\/users\/4"}],"replies":[{"embeddable":true,"href":"https:\/\/www.gestoresalicante.org\/blog\/index.php\/wp-json\/wp\/v2\/comments?post=261"}],"version-history":[{"count":0,"href":"https:\/\/www.gestoresalicante.org\/blog\/index.php\/wp-json\/wp\/v2\/posts\/261\/revisions"}],"wp:attachment":[{"href":"https:\/\/www.gestoresalicante.org\/blog\/index.php\/wp-json\/wp\/v2\/media?parent=261"}],"wp:term":[{"taxonomy":"category","embeddable":true,"href":"https:\/\/www.gestoresalicante.org\/blog\/index.php\/wp-json\/wp\/v2\/categories?post=261"},{"taxonomy":"post_tag","embeddable":true,"href":"https:\/\/www.gestoresalicante.org\/blog\/index.php\/wp-json\/wp\/v2\/tags?post=261"}],"curies":[{"name":"wp","href":"https:\/\/api.w.org\/{rel}","templated":true}]}}