{"id":289,"date":"2013-02-19T09:00:00","date_gmt":"2013-02-19T08:00:00","guid":{"rendered":"http:\/\/www.gestoresalicante.org\/blog\/index.php\/2013\/02\/19\/resumen-de-prensa-19-02-2013\/"},"modified":"-0001-11-30T00:00:00","modified_gmt":"-0001-11-29T22:00:00","slug":"resumen-de-prensa-19-02-2013","status":"publish","type":"post","link":"https:\/\/www.gestoresalicante.org\/blog\/index.php\/2013\/02\/19\/resumen-de-prensa-19-02-2013\/","title":{"rendered":"Resumen de Prensa 19-02-2013"},"content":{"rendered":"<div class=\"nboletin\">\n<table width=\"90%\" cellpadding=\"4\">\n<tr>\n<td colspan=\"3\">\n<div style=\"background-color: #CCCCCC;padding: 4px 10px 4px 10px;width: 100%;border: 1px #414141 solid;\"><img decoding=\"async\" alt=\"Consejo de Gestores\" src=\"http:\/\/www.gestoresalicante.org\/img\/newsletter\/conges.jpg\" width=226 height=70><\/div>\n<\/td>\n<\/tr>\n<tr>\n<td align=\"right\" colspan=\"3\"><strong>19\/02\/2013 <\/strong><\/td>\n<\/tr>\n<tr>\n<td colspan=\"3\">&nbsp;<\/td>\n<\/tr>\n<tr>\n<td colspan=\"3\" class=\"tgrupo\"><img loading=\"lazy\" decoding=\"async\" src=\"http:\/\/www.gestoresalicante.org\/img\/newsletter\/picto.jpg\" width=\"20\" height=\"18\" align=\"absmiddle\" style=\"margin-right: 4px;\"> <strong>Consejo General de los Colegios de Gestores Administrativos<\/strong><\/td>\n<\/tr>\n<tr>\n<td class=\"tfecha\">19\/02\/2013 &#8211;<\/td>\n<td class=\"titem\"><a href=\"http:\/\/www.clipmedia.net\/ficheros\/2013\/02_feb\/su319.pdf\" target=\"_blank\">Gij\u00f3n &#8211; El Ayuntamiento firma un convenio para mejorar la administraci\u00f3n electr\u00f3nica<\/a><\/td>\n<td align=\"right\" class=\"tfuente\">El Comercio Digital<\/td>\n<\/tr>\n<tr>\n<td class=\"tfecha\">18\/02\/2013 &#8211;<\/td>\n<td class=\"titem\"><a href=\"http:\/\/www.clipmedia.net\/ficheros\/2013\/02_feb\/su320.pdf\" target=\"_blank\">Gij\u00f3n firma un convenio de colaboraci\u00f3n con el Colegio Oficial de Gestores Administrativos de Asturias<\/a><\/td>\n<td align=\"right\" class=\"tfuente\">asturiasmundial.com<\/td>\n<\/tr>\n<tr>\n<td class=\"tfecha\">19\/02\/2013 &#8211;<\/td>\n<td class=\"titem\"><a href=\"http:\/\/www.clipmedia.net\/ficheros\/2013\/02_feb\/su321.pdf\" target=\"_blank\">El Ayuntamiento de Gij\u00f3n ha firmado hoy un convenio para impulsar la administraci\u00f3n electr\u00f3nica<\/a><\/td>\n<td align=\"right\" class=\"tfuente\">candas365.es<\/td>\n<\/tr>\n<tr>\n<td class=\"tfecha\">18\/02\/2013 &#8211;<\/td>\n<td class=\"titem\"><a href=\"http:\/\/www.clipmedia.net\/ficheros\/2013\/02_feb\/su322.pdf\" target=\"_blank\">Ayuntamiento firma un convenio para impulsar la administraci\u00f3n electr\u00f3nica <\/a><\/td>\n<td align=\"right\" class=\"tfuente\">ABC (digital)<\/td>\n<\/tr>\n<tr>\n<td class=\"tfecha\">19\/02\/2013 &#8211;<\/td>\n<td class=\"titem\"><a href=\"http:\/\/www.clipmedia.net\/ficheros\/2013\/02_feb\/su327.pdf\" target=\"_blank\">Cae la cifra de contribuyentes que marca la casilla de la Iglesia<\/a><\/td>\n<td align=\"right\" class=\"tfuente\">La Vanguardia<\/td>\n<\/tr>\n<tr>\n<td class=\"tfecha\">19\/02\/2013 &#8211;<\/td>\n<td class=\"titem\"><a href=\"http:\/\/www.clipmedia.net\/ficheros\/2013\/02_feb\/su330.pdf\" target=\"_blank\">Bruselas pretende intervenir en el mercado de CO2 para subir los precios<\/a><\/td>\n<td align=\"right\" class=\"tfuente\">El Economista<\/td>\n<\/tr>\n<tr>\n<td class=\"tfecha\">19\/02\/2013 &#8211;<\/td>\n<td class=\"titem\"><a href=\"http:\/\/www.clipmedia.net\/ficheros\/2013\/02_feb\/su331.pdf\" target=\"_blank\">Rajoy aplazar\u00e1 el pago del IVA para las pymes y compensar\u00e1 las deudas p\u00fablicas <\/a><\/td>\n<td align=\"right\" class=\"tfuente\">El Economista<\/td>\n<\/tr>\n<tr>\n<td class=\"tfecha\">19\/02\/2013 &#8211;<\/td>\n<td class=\"titem\"><a href=\"http:\/\/www.clipmedia.net\/ficheros\/2013\/02_feb\/su332.pdf\" target=\"_blank\">Los clientes de instituciones de inversi\u00f3n colectiva, exentos<\/a><\/td>\n<td align=\"right\" class=\"tfuente\">El Economista<\/td>\n<\/tr>\n<tr>\n<td class=\"tfecha\">19\/02\/2013 &#8211;<\/td>\n<td class=\"titem\"><a href=\"http:\/\/www.clipmedia.net\/ficheros\/2013\/02_feb\/su339.pdf\" target=\"_blank\">Los obispos reciben de Hacienda por el IRPF 247 millones de euros<\/a><\/td>\n<td align=\"right\" class=\"tfuente\">El Pa\u00eds<\/td>\n<\/tr>\n<tr>\n<td class=\"tfecha\">16\/02\/2013 &#8211;<\/td>\n<td class=\"titem\"><a href=\"http:\/\/www.clipmedia.net\/ficheros\/2013\/02_feb\/su310.pdf\" target=\"_blank\">El Gobierno penalizar\u00e1 fiscalmente los coches m\u00e1s contaminantes<\/a><\/td>\n<td align=\"right\" class=\"tfuente\">El Pa\u00eds<\/td>\n<\/tr>\n<tr>\n<td class=\"tfecha\">19\/02\/2013 &#8211;<\/td>\n<td class=\"titem\"><a href=\"http:\/\/www.clipmedia.net\/ficheros\/2013\/02_feb\/su323.pdf\" target=\"_blank\">Las matriculaciones crecieron un 9% en febrero en Espa\u00f1a<\/a><\/td>\n<td align=\"right\" class=\"tfuente\">Cinco D\u00edas<\/td>\n<\/tr>\n<tr>\n<td class=\"tfecha\">19\/02\/2013 &#8211;<\/td>\n<td class=\"titem\"><a href=\"http:\/\/www.clipmedia.net\/ficheros\/2013\/02_feb\/su326.pdf\" target=\"_blank\">Desciende un 7% el precio de las plazas de garaje en venta<\/a><\/td>\n<td align=\"right\" class=\"tfuente\">La Gaceta de los Negocios<\/td>\n<\/tr>\n<tr>\n<td class=\"tfecha\">19\/02\/2013 &#8211;<\/td>\n<td class=\"titem\"><a href=\"http:\/\/www.clipmedia.net\/ficheros\/2013\/02_feb\/su329.pdf\" target=\"_blank\">Ferrari logra los mejores resultados de su historia<\/a><\/td>\n<td align=\"right\" class=\"tfuente\">La Vanguardia<\/td>\n<\/tr>\n<tr>\n<td class=\"tfecha\">19\/02\/2013 &#8211;<\/td>\n<td class=\"titem\"><a href=\"http:\/\/www.clipmedia.net\/ficheros\/2013\/02_feb\/su334.pdf\" target=\"_blank\">La china Chery crea la marca Qoros para penetrar en el mercado europeo<\/a><\/td>\n<td align=\"right\" class=\"tfuente\">El Mundo<\/td>\n<\/tr>\n<tr>\n<td class=\"tfecha\">19\/02\/2013 &#8211;<\/td>\n<td class=\"titem\"><a href=\"http:\/\/www.clipmedia.net\/ficheros\/2013\/02_feb\/su335.pdf\" target=\"_blank\">El conductor sin brazos<\/a><\/td>\n<td align=\"right\" class=\"tfuente\">El Mundo<\/td>\n<\/tr>\n<tr>\n<td class=\"tfecha\">19\/02\/2013 &#8211;<\/td>\n<td class=\"titem\"><a href=\"http:\/\/www.clipmedia.net\/ficheros\/2013\/02_feb\/su333.pdf\" target=\"_blank\">Javier Alonso y V\u00edctor G\u00f3mez, Socios fundadores de Notificad@s: &quot;Somos la alternativa &#8216;online&#8217; al cl\u00e1sico servicio de burofax&quot;<\/a><\/td>\n<td align=\"right\" class=\"tfuente\">El Economista<\/td>\n<\/tr>\n<tr>\n<td class=\"tfecha\">19\/02\/2013 &#8211;<\/td>\n<td class=\"titem\"><a href=\"http:\/\/www.clipmedia.net\/ficheros\/2013\/02_feb\/su328.pdf\" target=\"_blank\">Las universidades catalanas se apuntan al primer ranking impulsado por la UE<\/a><\/td>\n<td align=\"right\" class=\"tfuente\">La Vanguardia<\/td>\n<\/tr>\n<tr>\n<td class=\"tfecha\">19\/02\/2013 &#8211;<\/td>\n<td class=\"titem\"><a href=\"http:\/\/www.clipmedia.net\/ficheros\/2013\/02_feb\/su291.pdf\" target=\"_blank\">Primer d\u00eda de huelga masiva en Iberia<\/a><\/td>\n<td align=\"right\" class=\"tfuente\">El Pa\u00eds<\/td>\n<\/tr>\n<tr>\n<td class=\"tfecha\">19\/02\/2013 &#8211;<\/td>\n<td class=\"titem\"><a href=\"http:\/\/www.clipmedia.net\/ficheros\/2013\/02_feb\/su292.pdf\" target=\"_blank\">El paciente ya no deber\u00e1 renovar su baja m\u00e9dica cada semana<\/a><\/td>\n<td align=\"right\" class=\"tfuente\">El Pa\u00eds<\/td>\n<\/tr>\n<tr>\n<td class=\"tfecha\">19\/02\/2013 &#8211;<\/td>\n<td class=\"titem\"><a href=\"http:\/\/www.clipmedia.net\/ficheros\/2013\/02_feb\/su324.pdf\" target=\"_blank\">Los aut\u00f3nomos se preparan para la batalla del cobro<\/a><\/td>\n<td align=\"right\" class=\"tfuente\">Cinco D\u00edas<\/td>\n<\/tr>\n<tr>\n<td class=\"tfecha\">19\/02\/2013 &#8211;<\/td>\n<td class=\"titem\"><a href=\"http:\/\/www.clipmedia.net\/ficheros\/2013\/02_feb\/su325.pdf\" target=\"_blank\">La creaci\u00f3n de empresas toca fondo desde 2008<\/a><\/td>\n<td align=\"right\" class=\"tfuente\">Cinco D\u00edas<\/td>\n<\/tr>\n<tr>\n<td class=\"tfecha\">19\/02\/2013 &#8211;<\/td>\n<td class=\"titem\"><a href=\"http:\/\/www.clipmedia.net\/ficheros\/2013\/02_feb\/su336.pdf\" target=\"_blank\">Madrid dar\u00e1 mil euros por contratar a mayores de 45<\/a><\/td>\n<td align=\"right\" class=\"tfuente\">El Mundo<\/td>\n<\/tr>\n<tr>\n<td class=\"tfecha\">19\/02\/2013 &#8211;<\/td>\n<td class=\"titem\"><a href=\"http:\/\/www.clipmedia.net\/ficheros\/2013\/02_feb\/su338.pdf\" target=\"_blank\">Madrid incentivar\u00e1 a las agencias privadas de colocaci\u00f3n por encontrar trabajo a los parados<\/a><\/td>\n<td align=\"right\" class=\"tfuente\">Expansi\u00f3n<\/td>\n<\/tr>\n<tr>\n<td class=\"tfecha\">19\/02\/2013 &#8211;<\/td>\n<td class=\"titem\"><a href=\"http:\/\/www.clipmedia.net\/ficheros\/2013\/02_feb\/su296.pdf\" target=\"_blank\">4.000 despidos y miles de viajeros atrapados<\/a><\/td>\n<td align=\"right\" class=\"tfuente\">El Mundo<\/td>\n<\/tr>\n<tr>\n<td class=\"tfecha\">19\/02\/2013 &#8211;<\/td>\n<td class=\"titem\"><a href=\"http:\/\/www.clipmedia.net\/ficheros\/2013\/02_feb\/su300.pdf\" target=\"_blank\">Las autonom\u00edas se resisten a eliminar funcionarios liberados y mantienen a 9.000<\/a><\/td>\n<td align=\"right\" class=\"tfuente\">Expansi\u00f3n<\/td>\n<\/tr>\n<tr>\n<td class=\"tfecha\">19\/02\/2013 &#8211;<\/td>\n<td class=\"titem\"><a href=\"http:\/\/www.clipmedia.net\/ficheros\/2013\/02_feb\/su337.pdf\" target=\"_blank\">El sector hipotecario ve &quot;una barbaridad&quot; incluir la daci\u00f3n en pago<\/a><\/td>\n<td align=\"right\" class=\"tfuente\">Expansi\u00f3n<\/td>\n<\/tr>\n<tr>\n<td colspan=\"3\">&nbsp;<\/td>\n<\/tr>\n<tr>\n<td colspan=\"3\" class=\"tgrupo\"><img loading=\"lazy\" decoding=\"async\" src=\"http:\/\/www.gestoresalicante.org\/img\/newsletter\/picto.jpg\" width=\"20\" height=\"18\" align=\"absmiddle\" style=\"margin-right: 4px;\"> <strong>B.O.E<\/strong><\/td>\n<\/tr>\n<tr>\n<td colspan=\"3\">(No hay registros)<\/td>\n<\/tr>\n<\/table>\n<\/div>\n","protected":false},"excerpt":{"rendered":"<p>19\/02\/2013 &nbsp; Consejo General de los Colegios de Gestores Administrativos 19\/02\/2013 &#8211; Gij\u00f3n &#8211; El Ayuntamiento firma un convenio para mejorar la administraci\u00f3n electr\u00f3nica El Comercio Digital 18\/02\/2013 &#8211; Gij\u00f3n firma un convenio de colaboraci\u00f3n con el Colegio Oficial de &hellip; <a href=\"https:\/\/www.gestoresalicante.org\/blog\/index.php\/2013\/02\/19\/resumen-de-prensa-19-02-2013\/\">Sigue leyendo <span class=\"meta-nav\">&rarr;<\/span><\/a><\/p>\n","protected":false},"author":4,"featured_media":0,"comment_status":"closed","ping_status":"closed","sticky":false,"template":"","format":"standard","meta":{"footnotes":""},"categories":[6],"tags":[],"class_list":["post-289","post","type-post","status-publish","format-standard","hentry","category-resumendeprensa"],"_links":{"self":[{"href":"https:\/\/www.gestoresalicante.org\/blog\/index.php\/wp-json\/wp\/v2\/posts\/289","targetHints":{"allow":["GET"]}}],"collection":[{"href":"https:\/\/www.gestoresalicante.org\/blog\/index.php\/wp-json\/wp\/v2\/posts"}],"about":[{"href":"https:\/\/www.gestoresalicante.org\/blog\/index.php\/wp-json\/wp\/v2\/types\/post"}],"author":[{"embeddable":true,"href":"https:\/\/www.gestoresalicante.org\/blog\/index.php\/wp-json\/wp\/v2\/users\/4"}],"replies":[{"embeddable":true,"href":"https:\/\/www.gestoresalicante.org\/blog\/index.php\/wp-json\/wp\/v2\/comments?post=289"}],"version-history":[{"count":0,"href":"https:\/\/www.gestoresalicante.org\/blog\/index.php\/wp-json\/wp\/v2\/posts\/289\/revisions"}],"wp:attachment":[{"href":"https:\/\/www.gestoresalicante.org\/blog\/index.php\/wp-json\/wp\/v2\/media?parent=289"}],"wp:term":[{"taxonomy":"category","embeddable":true,"href":"https:\/\/www.gestoresalicante.org\/blog\/index.php\/wp-json\/wp\/v2\/categories?post=289"},{"taxonomy":"post_tag","embeddable":true,"href":"https:\/\/www.gestoresalicante.org\/blog\/index.php\/wp-json\/wp\/v2\/tags?post=289"}],"curies":[{"name":"wp","href":"https:\/\/api.w.org\/{rel}","templated":true}]}}