{"id":361,"date":"2013-04-19T12:09:38","date_gmt":"2013-04-19T10:09:38","guid":{"rendered":"http:\/\/www.gestoresalicante.org\/blog\/?p=361"},"modified":"2013-04-19T12:10:26","modified_gmt":"2013-04-19T10:10:26","slug":"bit-152","status":"publish","type":"post","link":"https:\/\/www.gestoresalicante.org\/blog\/index.php\/2013\/04\/19\/bit-152\/","title":{"rendered":"BIT 152"},"content":{"rendered":"<p><a href=\"http:\/\/www.gestoresalicante.org\/blog\/wp-content\/uploads\/2013\/04\/BIT-152.pdf\" target=\"_blank\">Adjunto se remite el n\u00famero <strong>152<\/strong> del <strong>Bolet\u00edn Informativo Tributario (BIT)<\/strong>, correspondiente a la segunda quincena del mes de abril.<\/a><\/p>\n<p>El pr\u00f3ximo n\u00famero del <strong>BIT <\/strong>ser\u00e1 el correspondiente a la primera quincena del mes de mayo.<\/p>\n","protected":false},"excerpt":{"rendered":"<p>Adjunto se remite el n\u00famero 152 del Bolet\u00edn Informativo Tributario (BIT), correspondiente a la segunda quincena del mes de abril. El pr\u00f3ximo n\u00famero del BIT ser\u00e1 el correspondiente a la primera quincena del mes de mayo.<\/p>\n","protected":false},"author":4,"featured_media":0,"comment_status":"closed","ping_status":"closed","sticky":false,"template":"","format":"standard","meta":{"footnotes":""},"categories":[7],"tags":[],"class_list":["post-361","post","type-post","status-publish","format-standard","hentry","category-bit"],"_links":{"self":[{"href":"https:\/\/www.gestoresalicante.org\/blog\/index.php\/wp-json\/wp\/v2\/posts\/361","targetHints":{"allow":["GET"]}}],"collection":[{"href":"https:\/\/www.gestoresalicante.org\/blog\/index.php\/wp-json\/wp\/v2\/posts"}],"about":[{"href":"https:\/\/www.gestoresalicante.org\/blog\/index.php\/wp-json\/wp\/v2\/types\/post"}],"author":[{"embeddable":true,"href":"https:\/\/www.gestoresalicante.org\/blog\/index.php\/wp-json\/wp\/v2\/users\/4"}],"replies":[{"embeddable":true,"href":"https:\/\/www.gestoresalicante.org\/blog\/index.php\/wp-json\/wp\/v2\/comments?post=361"}],"version-history":[{"count":2,"href":"https:\/\/www.gestoresalicante.org\/blog\/index.php\/wp-json\/wp\/v2\/posts\/361\/revisions"}],"predecessor-version":[{"id":364,"href":"https:\/\/www.gestoresalicante.org\/blog\/index.php\/wp-json\/wp\/v2\/posts\/361\/revisions\/364"}],"wp:attachment":[{"href":"https:\/\/www.gestoresalicante.org\/blog\/index.php\/wp-json\/wp\/v2\/media?parent=361"}],"wp:term":[{"taxonomy":"category","embeddable":true,"href":"https:\/\/www.gestoresalicante.org\/blog\/index.php\/wp-json\/wp\/v2\/categories?post=361"},{"taxonomy":"post_tag","embeddable":true,"href":"https:\/\/www.gestoresalicante.org\/blog\/index.php\/wp-json\/wp\/v2\/tags?post=361"}],"curies":[{"name":"wp","href":"https:\/\/api.w.org\/{rel}","templated":true}]}}