{"id":368,"date":"2013-04-25T09:00:00","date_gmt":"2013-04-25T08:00:00","guid":{"rendered":"http:\/\/www.gestoresalicante.org\/blog\/index.php\/2013\/04\/25\/resumen-de-prensa-25-04-2013\/"},"modified":"-0001-11-30T00:00:00","modified_gmt":"-0001-11-29T22:00:00","slug":"resumen-de-prensa-25-04-2013","status":"publish","type":"post","link":"https:\/\/www.gestoresalicante.org\/blog\/index.php\/2013\/04\/25\/resumen-de-prensa-25-04-2013\/","title":{"rendered":"Resumen de Prensa 25-04-2013"},"content":{"rendered":"<div class=\"nboletin\">\n<table width=\"90%\" cellpadding=\"4\">\n<tr>\n<td colspan=\"3\">\n<div style=\"background-color: #CCCCCC;padding: 4px 10px 4px 10px;width: 100%;border: 1px #414141 solid;\"><img decoding=\"async\" alt=\"Consejo de Gestores\" src=\"http:\/\/www.gestoresalicante.org\/img\/newsletter\/conges.jpg\" width=226 height=70><\/div>\n<\/td>\n<\/tr>\n<tr>\n<td align=\"right\" colspan=\"3\"><strong>25\/04\/2013 <\/strong><\/td>\n<\/tr>\n<tr>\n<td colspan=\"3\">&nbsp;<\/td>\n<\/tr>\n<tr>\n<td colspan=\"3\" class=\"tgrupo\"><img loading=\"lazy\" decoding=\"async\" src=\"http:\/\/www.gestoresalicante.org\/img\/newsletter\/picto.jpg\" width=\"20\" height=\"18\" align=\"absmiddle\" style=\"margin-right: 4px;\"> <strong>Consejo General de los Colegios de Gestores Administrativos<\/strong><\/td>\n<\/tr>\n<tr>\n<td class=\"tfecha\">25\/04\/2013 &#8211;<\/td>\n<td class=\"titem\"><a href=\"http:\/\/www.clipmedia.net\/ficheros\/2013\/04_abr\/sx746.pdf\" target=\"_blank\">Califican de injusta la subida de impuestos de la Xunta<\/a><\/td>\n<td align=\"right\" class=\"tfuente\">Diario de Ferrol<\/td>\n<\/tr>\n<tr>\n<td class=\"tfecha\">25\/04\/2013 &#8211;<\/td>\n<td class=\"titem\"><a href=\"http:\/\/www.clipmedia.net\/ficheros\/2013\/04_abr\/sx747.pdf\" target=\"_blank\">Califican de injusto el impuesto gallego a la compraventa de coches y viviendas<\/a><\/td>\n<td align=\"right\" class=\"tfuente\">El Correo Gallego<\/td>\n<\/tr>\n<tr>\n<td class=\"tfecha\">25\/04\/2013 &#8211;<\/td>\n<td class=\"titem\"><a href=\"http:\/\/www.clipmedia.net\/ficheros\/2013\/04_abr\/sx748.pdf\" target=\"_blank\">Galicia es la comunidad con el impuesto de transmisi\u00f3n de veh\u00edculos m\u00e1s elevado<\/a><\/td>\n<td align=\"right\" class=\"tfuente\">La Opini\u00f3n<\/td>\n<\/tr>\n<tr>\n<td class=\"tfecha\">25\/04\/2013 &#8211;<\/td>\n<td class=\"titem\"><a href=\"http:\/\/www.clipmedia.net\/ficheros\/2013\/04_abr\/sx750.pdf\" target=\"_blank\">La carga fiscal por la compra de un coche usado pas\u00f3 del 4 al 8%<\/a><\/td>\n<td align=\"right\" class=\"tfuente\">Diario de Pontevedra<\/td>\n<\/tr>\n<tr>\n<td class=\"tfecha\">25\/04\/2013 &#8211;<\/td>\n<td class=\"titem\"><a href=\"http:\/\/www.clipmedia.net\/ficheros\/2013\/04_abr\/sx752.pdf\" target=\"_blank\">La carga fiscal por la compra de un coche usado pas\u00f3 del 4 al 8%<\/a><\/td>\n<td align=\"right\" class=\"tfuente\">El Progreso<\/td>\n<\/tr>\n<tr>\n<td class=\"tfecha\">25\/04\/2013 &#8211;<\/td>\n<td class=\"titem\"><a href=\"http:\/\/www.clipmedia.net\/ficheros\/2013\/04_abr\/sx753.pdf\" target=\"_blank\">Galicia es la comunidad aut\u00f3noma con el impuesto de transmisi\u00f3n de veh\u00edculos m\u00e1s elevado<\/a><\/td>\n<td align=\"right\" class=\"tfuente\">Faro de Vigo<\/td>\n<\/tr>\n<tr>\n<td class=\"tfecha\">25\/04\/2013 &#8211;<\/td>\n<td class=\"titem\"><a href=\"http:\/\/www.clipmedia.net\/ficheros\/2013\/04_abr\/sx760.pdf\" target=\"_blank\">El Gobierno ya estudia &#8216;retoques&#8217; fiscales ante la mayor ca\u00edda del PIB<\/a><\/td>\n<td align=\"right\" class=\"tfuente\">Cinco D\u00edas<\/td>\n<\/tr>\n<tr>\n<td class=\"tfecha\">25\/04\/2013 &#8211;<\/td>\n<td class=\"titem\"><a href=\"http:\/\/www.clipmedia.net\/ficheros\/2013\/04_abr\/sx761.pdf\" target=\"_blank\">Hacienda ha devuelto ya 878 millones, un 18% m\u00e1s, en la campa\u00f1a de la renta<\/a><\/td>\n<td align=\"right\" class=\"tfuente\">Cinco D\u00edas<\/td>\n<\/tr>\n<tr>\n<td class=\"tfecha\">25\/04\/2013 &#8211;<\/td>\n<td class=\"titem\"><a href=\"http:\/\/www.clipmedia.net\/ficheros\/2013\/04_abr\/sx764.pdf\" target=\"_blank\">El TUE da v\u00eda libre para limitar la responsabilidad del Fogasa<\/a><\/td>\n<td align=\"right\" class=\"tfuente\">El Economista<\/td>\n<\/tr>\n<tr>\n<td class=\"tfecha\">25\/04\/2013 &#8211;<\/td>\n<td class=\"titem\"><a href=\"http:\/\/www.clipmedia.net\/ficheros\/2013\/04_abr\/sx765.pdf\" target=\"_blank\">El control penal de las empresas s\u00f3lo conlleva &#8216;un cambio cualitativo&#8217;<\/a><\/td>\n<td align=\"right\" class=\"tfuente\">El Economista<\/td>\n<\/tr>\n<tr>\n<td class=\"tfecha\">25\/04\/2013 &#8211;<\/td>\n<td class=\"titem\"><a href=\"http:\/\/www.clipmedia.net\/ficheros\/2013\/04_abr\/sx724.pdf\" target=\"_blank\">Imputan al presidente de Unilever por la red de venta de datos privados<\/a><\/td>\n<td align=\"right\" class=\"tfuente\">El Mundo<\/td>\n<\/tr>\n<tr>\n<td class=\"tfecha\">25\/04\/2013 &#8211;<\/td>\n<td class=\"titem\"><a href=\"http:\/\/www.clipmedia.net\/ficheros\/2013\/04_abr\/sx727.pdf\" target=\"_blank\">El BCE abre la puerta a retirar los billetes de 500 euros<\/a><\/td>\n<td align=\"right\" class=\"tfuente\">Expansi\u00f3n<\/td>\n<\/tr>\n<tr>\n<td class=\"tfecha\">24\/04\/2013 &#8211;<\/td>\n<td class=\"titem\"><a href=\"http:\/\/www.clipmedia.net\/ficheros\/2013\/04_abr\/sx694.pdf\" target=\"_blank\">Art\u00edculo de opini\u00f3n: Antonio Calvo &#8211; Experimentamos un auge de los lanzamientos de nuevos productos<\/a><\/td>\n<td align=\"right\" class=\"tfuente\">El Peri\u00f3dico de Catalunya<\/td>\n<\/tr>\n<tr>\n<td class=\"tfecha\">24\/04\/2013 &#8211;<\/td>\n<td class=\"titem\"><a href=\"http:\/\/www.clipmedia.net\/ficheros\/2013\/04_abr\/sx697.pdf\" target=\"_blank\">Tendencias en la gesti\u00f3n de flotas<\/a><\/td>\n<td align=\"right\" class=\"tfuente\">El Peri\u00f3dico de Catalunya<\/td>\n<\/tr>\n<tr>\n<td class=\"tfecha\">24\/04\/2013 &#8211;<\/td>\n<td class=\"titem\"><a href=\"http:\/\/www.clipmedia.net\/ficheros\/2013\/04_abr\/sx698.pdf\" target=\"_blank\">Tecnolog\u00eda para ganar en eficiencia<\/a><\/td>\n<td align=\"right\" class=\"tfuente\">El Peri\u00f3dico de Catalunya<\/td>\n<\/tr>\n<tr>\n<td class=\"tfecha\">25\/04\/2013 &#8211;<\/td>\n<td class=\"titem\"><a href=\"http:\/\/www.clipmedia.net\/ficheros\/2013\/04_abr\/sx762.pdf\" target=\"_blank\">El Corte Ingl\u00e9s tendr\u00e1 centros de ITV para revisar el coche<\/a><\/td>\n<td align=\"right\" class=\"tfuente\">El Economista<\/td>\n<\/tr>\n<tr>\n<td class=\"tfecha\">25\/04\/2013 &#8211;<\/td>\n<td class=\"titem\"><a href=\"http:\/\/www.clipmedia.net\/ficheros\/2013\/04_abr\/sx768.pdf\" target=\"_blank\">UE y Jap\u00f3n salvan el primer &#8216;round&#8217;<\/a><\/td>\n<td align=\"right\" class=\"tfuente\">El Mundo<\/td>\n<\/tr>\n<tr>\n<td colspan=\"3\">&nbsp;<\/td>\n<\/tr>\n<tr>\n<td colspan=\"3\" class=\"tgrupo\"><img loading=\"lazy\" decoding=\"async\" src=\"http:\/\/www.gestoresalicante.org\/img\/newsletter\/picto.jpg\" width=\"20\" height=\"18\" align=\"absmiddle\" style=\"margin-right: 4px;\"> <strong>Ventana Telem\u00e1tica<\/strong><\/td>\n<\/tr>\n<tr>\n<td colspan=\"3\">(No hay registros)<\/td>\n<\/tr>\n<tr>\n<td colspan=\"3\">&nbsp;<\/td>\n<\/tr>\n<tr>\n<td colspan=\"3\" class=\"tgrupo\"><img loading=\"lazy\" decoding=\"async\" src=\"http:\/\/www.gestoresalicante.org\/img\/newsletter\/picto.jpg\" width=\"20\" height=\"18\" align=\"absmiddle\" style=\"margin-right: 4px;\"> <strong> Sector de la formaci\u00f3n<\/strong><\/td>\n<\/tr>\n<tr>\n<td class=\"tfecha\">24\/04\/2013 &#8211;<\/td>\n<td class=\"titem\"><a href=\"http:\/\/www.clipmedia.net\/ficheros\/2013\/04_abr\/sx670.pdf\" target=\"_blank\">Las empresas buscan cada vez m\u00e1s directivos globales<\/a><\/td>\n<td align=\"right\" class=\"tfuente\">El Economista<\/td>\n<\/tr>\n<tr>\n<td class=\"tfecha\">24\/04\/2013 &#8211;<\/td>\n<td class=\"titem\"><a href=\"http:\/\/www.clipmedia.net\/ficheros\/2013\/04_abr\/sx672.pdf\" target=\"_blank\">Eduardo Nolla, nuevo rector de la Universidad Camilo Jos\u00e9 Cela (UCJC): \u00abPara rentabilizar la universidad hay que fusionar t\u00edtulos\u00bb<\/a><\/td>\n<td align=\"right\" class=\"tfuente\">El Economista<\/td>\n<\/tr>\n<tr>\n<td class=\"tfecha\">25\/04\/2013 &#8211;<\/td>\n<td class=\"titem\"><a href=\"http:\/\/www.clipmedia.net\/ficheros\/2013\/04_abr\/sx769.pdf\" target=\"_blank\">Innovaci\u00f3n en la FP<\/a><\/td>\n<td align=\"right\" class=\"tfuente\">La Vanguardia &#8211; Especials<\/td>\n<\/tr>\n<tr>\n<td class=\"tfecha\">25\/04\/2013 &#8211;<\/td>\n<td class=\"titem\"><a href=\"http:\/\/www.clipmedia.net\/ficheros\/2013\/04_abr\/sx770.pdf\" target=\"_blank\">La v\u00eda m\u00e1s directa al mercado laboral<\/a><\/td>\n<td align=\"right\" class=\"tfuente\">La Vanguardia &#8211; Especials<\/td>\n<\/tr>\n<tr>\n<td class=\"tfecha\">25\/04\/2013 &#8211;<\/td>\n<td class=\"titem\"><a href=\"http:\/\/www.clipmedia.net\/ficheros\/2013\/04_abr\/sx728.pdf\" target=\"_blank\">Las agencias privadas recibir\u00e1n hasta 3.000 euros por empleado<\/a><\/td>\n<td align=\"right\" class=\"tfuente\">Expansi\u00f3n<\/td>\n<\/tr>\n<tr>\n<td class=\"tfecha\">25\/04\/2013 &#8211;<\/td>\n<td class=\"titem\"><a href=\"http:\/\/www.clipmedia.net\/ficheros\/2013\/04_abr\/sx730.pdf\" target=\"_blank\">Nueva f\u00f3rmula para revisar las pensiones<\/a><\/td>\n<td align=\"right\" class=\"tfuente\">El Pa\u00eds<\/td>\n<\/tr>\n<tr>\n<td class=\"tfecha\">25\/04\/2013 &#8211;<\/td>\n<td class=\"titem\"><a href=\"http:\/\/www.clipmedia.net\/ficheros\/2013\/04_abr\/sx754.pdf\" target=\"_blank\">El Gobierno planea jubilar m\u00e1s all\u00e1 de los 67<\/a><\/td>\n<td align=\"right\" class=\"tfuente\">La Vanguardia<\/td>\n<\/tr>\n<tr>\n<td class=\"tfecha\">25\/04\/2013 &#8211;<\/td>\n<td class=\"titem\"><a href=\"http:\/\/www.clipmedia.net\/ficheros\/2013\/04_abr\/sx755.pdf\" target=\"_blank\">Carnero ser\u00e1 el secretario general adjunto de la UGT, que liderar\u00e1 \u00c1lvarez<\/a><\/td>\n<td align=\"right\" class=\"tfuente\">La Vanguardia<\/td>\n<\/tr>\n<tr>\n<td class=\"tfecha\">25\/04\/2013 &#8211;<\/td>\n<td class=\"titem\"><a href=\"http:\/\/www.clipmedia.net\/ficheros\/2013\/04_abr\/sx756.pdf\" target=\"_blank\">Las estimaciones apuntan a 6,1 millones de parados en marzo<\/a><\/td>\n<td align=\"right\" class=\"tfuente\">El Peri\u00f3dico de Catalunya<\/td>\n<\/tr>\n<tr>\n<td class=\"tfecha\">25\/04\/2013 &#8211;<\/td>\n<td class=\"titem\"><a href=\"http:\/\/www.clipmedia.net\/ficheros\/2013\/04_abr\/sx763.pdf\" target=\"_blank\">Los parados de muy larga duraci\u00f3n llegan a 2 millones<\/a><\/td>\n<td align=\"right\" class=\"tfuente\">El Economista<\/td>\n<\/tr>\n<tr>\n<td class=\"tfecha\">25\/04\/2013 &#8211;<\/td>\n<td class=\"titem\"><a href=\"http:\/\/www.clipmedia.net\/ficheros\/2013\/04_abr\/sx767.pdf\" target=\"_blank\">Saca partido de la futura Ley de Emprendedores<\/a><\/td>\n<td align=\"right\" class=\"tfuente\">Expansi\u00f3n<\/td>\n<\/tr>\n<tr>\n<td class=\"tfecha\">25\/04\/2013 &#8211;<\/td>\n<td class=\"titem\"><a href=\"http:\/\/www.clipmedia.net\/ficheros\/2013\/04_abr\/sx757.pdf\" target=\"_blank\">Catalu\u00f1a penalizar\u00e1 tener casas vac\u00edas por m\u00e1s de dos a\u00f1os<\/a><\/td>\n<td align=\"right\" class=\"tfuente\">Cinco D\u00edas<\/td>\n<\/tr>\n<tr>\n<td class=\"tfecha\">25\/04\/2013 &#8211;<\/td>\n<td class=\"titem\"><a href=\"http:\/\/www.clipmedia.net\/ficheros\/2013\/04_abr\/sx759.pdf\" target=\"_blank\">La Comisi\u00f3n Europea se inhibe en el problema de los desahucios en Espa\u00f1a<\/a><\/td>\n<td align=\"right\" class=\"tfuente\">Cinco D\u00edas<\/td>\n<\/tr>\n<tr>\n<td class=\"tfecha\">25\/04\/2013 &#8211;<\/td>\n<td class=\"titem\"><a href=\"http:\/\/www.clipmedia.net\/ficheros\/2013\/04_abr\/sx766.pdf\" target=\"_blank\">El rascacielos de los multimillonarios<\/a><\/td>\n<td align=\"right\" class=\"tfuente\">Expansi\u00f3n<\/td>\n<\/tr>\n<tr>\n<td colspan=\"3\">&nbsp;<\/td>\n<\/tr>\n<tr>\n<td colspan=\"3\" class=\"tgrupo\"><img loading=\"lazy\" decoding=\"async\" src=\"http:\/\/www.gestoresalicante.org\/img\/newsletter\/picto.jpg\" width=\"20\" height=\"18\" align=\"absmiddle\" style=\"margin-right: 4px;\"> <strong>B.O.E<\/strong><\/td>\n<\/tr>\n<tr>\n<td colspan=\"3\">(No hay registros)<\/td>\n<\/tr>\n<\/table>\n<\/div>\n","protected":false},"excerpt":{"rendered":"<p>25\/04\/2013 &nbsp; Consejo General de los Colegios de Gestores Administrativos 25\/04\/2013 &#8211; Califican de injusta la subida de impuestos de la Xunta Diario de Ferrol 25\/04\/2013 &#8211; Califican de injusto el impuesto gallego a la compraventa de coches y viviendas &hellip; <a href=\"https:\/\/www.gestoresalicante.org\/blog\/index.php\/2013\/04\/25\/resumen-de-prensa-25-04-2013\/\">Sigue leyendo <span class=\"meta-nav\">&rarr;<\/span><\/a><\/p>\n","protected":false},"author":4,"featured_media":0,"comment_status":"closed","ping_status":"closed","sticky":false,"template":"","format":"standard","meta":{"footnotes":""},"categories":[6],"tags":[],"class_list":["post-368","post","type-post","status-publish","format-standard","hentry","category-resumendeprensa"],"_links":{"self":[{"href":"https:\/\/www.gestoresalicante.org\/blog\/index.php\/wp-json\/wp\/v2\/posts\/368","targetHints":{"allow":["GET"]}}],"collection":[{"href":"https:\/\/www.gestoresalicante.org\/blog\/index.php\/wp-json\/wp\/v2\/posts"}],"about":[{"href":"https:\/\/www.gestoresalicante.org\/blog\/index.php\/wp-json\/wp\/v2\/types\/post"}],"author":[{"embeddable":true,"href":"https:\/\/www.gestoresalicante.org\/blog\/index.php\/wp-json\/wp\/v2\/users\/4"}],"replies":[{"embeddable":true,"href":"https:\/\/www.gestoresalicante.org\/blog\/index.php\/wp-json\/wp\/v2\/comments?post=368"}],"version-history":[{"count":0,"href":"https:\/\/www.gestoresalicante.org\/blog\/index.php\/wp-json\/wp\/v2\/posts\/368\/revisions"}],"wp:attachment":[{"href":"https:\/\/www.gestoresalicante.org\/blog\/index.php\/wp-json\/wp\/v2\/media?parent=368"}],"wp:term":[{"taxonomy":"category","embeddable":true,"href":"https:\/\/www.gestoresalicante.org\/blog\/index.php\/wp-json\/wp\/v2\/categories?post=368"},{"taxonomy":"post_tag","embeddable":true,"href":"https:\/\/www.gestoresalicante.org\/blog\/index.php\/wp-json\/wp\/v2\/tags?post=368"}],"curies":[{"name":"wp","href":"https:\/\/api.w.org\/{rel}","templated":true}]}}