{"id":369,"date":"2013-04-26T09:00:00","date_gmt":"2013-04-26T08:00:00","guid":{"rendered":"http:\/\/www.gestoresalicante.org\/blog\/index.php\/2013\/04\/26\/resumen-de-prensa-26-04-2013\/"},"modified":"-0001-11-30T00:00:00","modified_gmt":"-0001-11-29T22:00:00","slug":"resumen-de-prensa-26-04-2013","status":"publish","type":"post","link":"https:\/\/www.gestoresalicante.org\/blog\/index.php\/2013\/04\/26\/resumen-de-prensa-26-04-2013\/","title":{"rendered":"Resumen de Prensa 26-04-2013"},"content":{"rendered":"<div class=\"nboletin\">\n<table width=\"90%\" cellpadding=\"4\">\n<tr>\n<td colspan=\"3\">\n<div style=\"background-color: #CCCCCC;padding: 4px 10px 4px 10px;width: 100%;border: 1px #414141 solid;\"><img decoding=\"async\" alt=\"Consejo de Gestores\" src=\"http:\/\/www.gestoresalicante.org\/img\/newsletter\/conges.jpg\" width=226 height=70><\/div>\n<\/td>\n<\/tr>\n<tr>\n<td align=\"right\" colspan=\"3\"><strong>26\/04\/2013 <\/strong><\/td>\n<\/tr>\n<tr>\n<td colspan=\"3\">&nbsp;<\/td>\n<\/tr>\n<tr>\n<td colspan=\"3\" class=\"tgrupo\"><img loading=\"lazy\" decoding=\"async\" src=\"http:\/\/www.gestoresalicante.org\/img\/newsletter\/picto.jpg\" width=\"20\" height=\"18\" align=\"absmiddle\" style=\"margin-right: 4px;\"> <strong>Consejo General de los Colegios de Gestores Administrativos<\/strong><\/td>\n<\/tr>\n<tr>\n<td class=\"tfecha\">26\/04\/2013 &#8211;<\/td>\n<td class=\"titem\"><a href=\"http:\/\/www.clipmedia.net\/ficheros\/2013\/04_abr\/sx869.pdf\" target=\"_blank\">Conveni amb el Consell de Col\u00b7legis de Gestors per impartir un nou m\u00e0ster<\/a>Convenio con el Consell de Col\u00b7legis de Gestors para impartir un nuevo m\u00e1ster<\/td>\n<td align=\"right\" class=\"tfuente\">UBWeb<\/td>\n<\/tr>\n<tr>\n<td class=\"tfecha\">25\/04\/2013 &#8211;<\/td>\n<td class=\"titem\"><a href=\"http:\/\/www.clipmedia.net\/ficheros\/2013\/04_abr\/sx850.pdf\" target=\"_blank\">Gestores espa\u00f1oles prev\u00e9n que Estado recaude un 4% m\u00e1s por impuestos en 2013<\/a><\/td>\n<td align=\"right\" class=\"tfuente\">ABC (digital)<\/td>\n<\/tr>\n<tr>\n<td class=\"tfecha\">25\/04\/2013 &#8211;<\/td>\n<td class=\"titem\"><a href=\"http:\/\/www.clipmedia.net\/ficheros\/2013\/04_abr\/sx851.pdf\" target=\"_blank\">Gestores espa\u00f1oles prev\u00e9n que Estado recaude un 4% m\u00e1s por impuestos en 2013<\/a><\/td>\n<td align=\"right\" class=\"tfuente\">Finanzas.com<\/td>\n<\/tr>\n<tr>\n<td class=\"tfecha\">25\/04\/2013 &#8211;<\/td>\n<td class=\"titem\"><a href=\"http:\/\/www.clipmedia.net\/ficheros\/2013\/04_abr\/sx852.pdf\" target=\"_blank\">Gestores espa\u00f1oles prev\u00e9n que Estado recaude un 4% m\u00e1s por impuestos en 2013<\/a><\/td>\n<td align=\"right\" class=\"tfuente\">La Informaci\u00f3n Digital.com<\/td>\n<\/tr>\n<tr>\n<td class=\"tfecha\">25\/04\/2013 &#8211;<\/td>\n<td class=\"titem\"><a href=\"http:\/\/www.clipmedia.net\/ficheros\/2013\/04_abr\/sx853.pdf\" target=\"_blank\">Gestores espa\u00f1oles prev\u00e9n que Estado recaude un 4% m\u00e1s por impuestos en 2013<\/a><\/td>\n<td align=\"right\" class=\"tfuente\">Hoy<\/td>\n<\/tr>\n<tr>\n<td class=\"tfecha\">25\/04\/2013 &#8211;<\/td>\n<td class=\"titem\"><a href=\"http:\/\/www.clipmedia.net\/ficheros\/2013\/04_abr\/sx854.pdf\" target=\"_blank\">Gestores espa\u00f1oles prev\u00e9n que Estado recaude un 4% m\u00e1s por impuestos en 2013<\/a><\/td>\n<td align=\"right\" class=\"tfuente\">El Norte de Castilla Digital<\/td>\n<\/tr>\n<tr>\n<td class=\"tfecha\">25\/04\/2013 &#8211;<\/td>\n<td class=\"titem\"><a href=\"http:\/\/www.clipmedia.net\/ficheros\/2013\/04_abr\/sx855.pdf\" target=\"_blank\">Gestores espa\u00f1oles prev\u00e9n que Estado recaude un 4% m\u00e1s por impuestos en 2013<\/a><\/td>\n<td align=\"right\" class=\"tfuente\">Diario Vasco<\/td>\n<\/tr>\n<tr>\n<td class=\"tfecha\">25\/04\/2013 &#8211;<\/td>\n<td class=\"titem\"><a href=\"http:\/\/www.clipmedia.net\/ficheros\/2013\/04_abr\/sx856.pdf\" target=\"_blank\">Gestores espa\u00f1oles prev\u00e9n que Estado recaude un 4% m\u00e1s por impuestos en 2013<\/a><\/td>\n<td align=\"right\" class=\"tfuente\">La Rioja<\/td>\n<\/tr>\n<tr>\n<td class=\"tfecha\">25\/04\/2013 &#8211;<\/td>\n<td class=\"titem\"><a href=\"http:\/\/www.clipmedia.net\/ficheros\/2013\/04_abr\/sx857.pdf\" target=\"_blank\">Gestores espa\u00f1oles prev\u00e9n que Estado recaude un 4% m\u00e1s por impuestos en 2013<\/a><\/td>\n<td align=\"right\" class=\"tfuente\">La Verdad Digital<\/td>\n<\/tr>\n<tr>\n<td class=\"tfecha\">25\/04\/2013 &#8211;<\/td>\n<td class=\"titem\"><a href=\"http:\/\/www.clipmedia.net\/ficheros\/2013\/04_abr\/sx858.pdf\" target=\"_blank\">Gestores espa\u00f1oles prev\u00e9n que Estado recaude un 4% m\u00e1s por impuestos en 2013<\/a><\/td>\n<td align=\"right\" class=\"tfuente\">Las Provincias<\/td>\n<\/tr>\n<tr>\n<td class=\"tfecha\">25\/04\/2013 &#8211;<\/td>\n<td class=\"titem\"><a href=\"http:\/\/www.clipmedia.net\/ficheros\/2013\/04_abr\/sx859.pdf\" target=\"_blank\">Gestores espa\u00f1oles prev\u00e9n que Estado recaude un 4% m\u00e1s por impuestos en 2013<\/a><\/td>\n<td align=\"right\" class=\"tfuente\">El Confidencial<\/td>\n<\/tr>\n<tr>\n<td class=\"tfecha\">25\/04\/2013 &#8211;<\/td>\n<td class=\"titem\"><a href=\"http:\/\/www.clipmedia.net\/ficheros\/2013\/04_abr\/sx860.pdf\" target=\"_blank\">Gestores espa\u00f1oles prev\u00e9n que Estado recaude un 4% m\u00e1s por impuestos en 2013<\/a><\/td>\n<td align=\"right\" class=\"tfuente\">La voz digital<\/td>\n<\/tr>\n<tr>\n<td class=\"tfecha\">25\/04\/2013 &#8211;<\/td>\n<td class=\"titem\"><a href=\"http:\/\/www.clipmedia.net\/ficheros\/2013\/04_abr\/sx861.pdf\" target=\"_blank\">Gestores espa\u00f1oles prev\u00e9n que Estado recaude un 4% m\u00e1s por impuestos en 2013<\/a><\/td>\n<td align=\"right\" class=\"tfuente\">Diario Sur.es<\/td>\n<\/tr>\n<tr>\n<td class=\"tfecha\">25\/04\/2013 &#8211;<\/td>\n<td class=\"titem\"><a href=\"http:\/\/www.clipmedia.net\/ficheros\/2013\/04_abr\/sx862.pdf\" target=\"_blank\">Gestores espa\u00f1oles prev\u00e9n que Estado recaude un 4% m\u00e1s por impuestos en 2013<\/a><\/td>\n<td align=\"right\" class=\"tfuente\">Ideal<\/td>\n<\/tr>\n<tr>\n<td class=\"tfecha\">25\/04\/2013 &#8211;<\/td>\n<td class=\"titem\"><a href=\"http:\/\/www.clipmedia.net\/ficheros\/2013\/04_abr\/sx863.pdf\" target=\"_blank\">Gestores espa\u00f1oles prev\u00e9n que Estado recaude un 4% m\u00e1s por impuestos en 2013<\/a><\/td>\n<td align=\"right\" class=\"tfuente\">Expansi\u00f3n<\/td>\n<\/tr>\n<tr>\n<td class=\"tfecha\">25\/04\/2013 &#8211;<\/td>\n<td class=\"titem\"><a href=\"http:\/\/www.clipmedia.net\/ficheros\/2013\/04_abr\/sx864.pdf\" target=\"_blank\">Los gestores administrativos creen que la recaudaci\u00f3n estatal por impuestos aumentar\u00e1 un 4% en 2013<\/a><\/td>\n<td align=\"right\" class=\"tfuente\">El Economista (digital)<\/td>\n<\/tr>\n<tr>\n<td class=\"tfecha\">25\/04\/2013 &#8211;<\/td>\n<td class=\"titem\"><a href=\"http:\/\/www.clipmedia.net\/ficheros\/2013\/04_abr\/sx866.pdf\" target=\"_blank\">Los gestores administrativos creen que la recaudaci\u00f3n estatal por impuestos aumentar\u00e1 un 4% en 2013<\/a><\/td>\n<td align=\"right\" class=\"tfuente\">Terra<\/td>\n<\/tr>\n<tr>\n<td class=\"tfecha\">25\/04\/2013 &#8211;<\/td>\n<td class=\"titem\"><a href=\"http:\/\/www.clipmedia.net\/ficheros\/2013\/04_abr\/sx867.pdf\" target=\"_blank\">Los gestores administrativos creen que la recaudaci\u00f3n estatal por impuestos aumentar\u00e1 un 4% en 2013<\/a><\/td>\n<td align=\"right\" class=\"tfuente\">20 minutos (digital)<\/td>\n<\/tr>\n<tr>\n<td class=\"tfecha\">25\/04\/2013 &#8211;<\/td>\n<td class=\"titem\"><a href=\"http:\/\/www.clipmedia.net\/ficheros\/2013\/04_abr\/sx868.pdf\" target=\"_blank\">Los gestores administrativos creen que la recaudaci\u00f3n estatal por impuestos aumentar\u00e1 un 4% en 2013<\/a><\/td>\n<td align=\"right\" class=\"tfuente\">La Vanguardia (digital)<\/td>\n<\/tr>\n<tr>\n<td class=\"tfecha\">26\/04\/2013 &#8211;<\/td>\n<td class=\"titem\"><a href=\"http:\/\/www.clipmedia.net\/ficheros\/2013\/04_abr\/sx876.pdf\" target=\"_blank\">Nuevo fallo europeo contra la normativa tributaria espa\u00f1ola<\/a><\/td>\n<td align=\"right\" class=\"tfuente\">El Economista<\/td>\n<\/tr>\n<tr>\n<td class=\"tfecha\">26\/04\/2013 &#8211;<\/td>\n<td class=\"titem\"><a href=\"http:\/\/www.clipmedia.net\/ficheros\/2013\/04_abr\/sx878.pdf\" target=\"_blank\">La UE proh\u00edbe a Hacienda penalizar a las empresas que abandonen Espa\u00f1a<\/a><\/td>\n<td align=\"right\" class=\"tfuente\">Expansi\u00f3n<\/td>\n<\/tr>\n<tr>\n<td class=\"tfecha\">26\/04\/2013 &#8211;<\/td>\n<td class=\"titem\"><a href=\"http:\/\/www.clipmedia.net\/ficheros\/2013\/04_abr\/sx881.pdf\" target=\"_blank\">Los socios de bufetes extranjeros, obligados a informar al Fisco<\/a><\/td>\n<td align=\"right\" class=\"tfuente\">Expansi\u00f3n<\/td>\n<\/tr>\n<tr>\n<td class=\"tfecha\">26\/04\/2013 &#8211;<\/td>\n<td class=\"titem\"><a href=\"http:\/\/www.clipmedia.net\/ficheros\/2013\/04_abr\/sx814.pdf\" target=\"_blank\">Los juzgados tramitan 1.661 causas por delitos vinculados a la corrupci\u00f3n<\/a><\/td>\n<td align=\"right\" class=\"tfuente\">El Mundo<\/td>\n<\/tr>\n<tr>\n<td class=\"tfecha\">26\/04\/2013 &#8211;<\/td>\n<td class=\"titem\"><a href=\"http:\/\/www.clipmedia.net\/ficheros\/2013\/04_abr\/sx810.pdf\" target=\"_blank\">Los fabricantes piden un solo Sal\u00f3n del Autom\u00f3vil, el de Barcelona<\/a><\/td>\n<td align=\"right\" class=\"tfuente\">ABC<\/td>\n<\/tr>\n<tr>\n<td class=\"tfecha\">26\/04\/2013 &#8211;<\/td>\n<td class=\"titem\"><a href=\"http:\/\/www.clipmedia.net\/ficheros\/2013\/04_abr\/sx871.pdf\" target=\"_blank\">La Anfac apuesta por que s\u00f3lo Barcelona tenga sal\u00f3n del autom\u00f3vil<\/a><\/td>\n<td align=\"right\" class=\"tfuente\">La Vanguardia<\/td>\n<\/tr>\n<tr>\n<td class=\"tfecha\">26\/04\/2013 &#8211;<\/td>\n<td class=\"titem\"><a href=\"http:\/\/www.clipmedia.net\/ficheros\/2013\/04_abr\/sx875.pdf\" target=\"_blank\">El Sal\u00f3n del Autom\u00f3vil de Barcelona logra la presencia de 22 marcas<\/a><\/td>\n<td align=\"right\" class=\"tfuente\">El Economista<\/td>\n<\/tr>\n<tr>\n<td class=\"tfecha\">26\/04\/2013 &#8211;<\/td>\n<td class=\"titem\"><a href=\"http:\/\/www.clipmedia.net\/ficheros\/2013\/04_abr\/sx882.pdf\" target=\"_blank\">Shanghai quiere seducir al mundo del autom\u00f3vil <\/a><\/td>\n<td align=\"right\" class=\"tfuente\">Expansi\u00f3n<\/td>\n<\/tr>\n<tr>\n<td class=\"tfecha\">26\/04\/2013 &#8211;<\/td>\n<td class=\"titem\"><a href=\"http:\/\/www.clipmedia.net\/ficheros\/2013\/04_abr\/sx883.pdf\" target=\"_blank\">La UE consensua una reducci\u00f3n del 27% en las emisiones de CO2<\/a><\/td>\n<td align=\"right\" class=\"tfuente\">El Mundo<\/td>\n<\/tr>\n<tr>\n<td colspan=\"3\">&nbsp;<\/td>\n<\/tr>\n<tr>\n<td colspan=\"3\" class=\"tgrupo\"><img loading=\"lazy\" decoding=\"async\" src=\"http:\/\/www.gestoresalicante.org\/img\/newsletter\/picto.jpg\" width=\"20\" height=\"18\" align=\"absmiddle\" style=\"margin-right: 4px;\"> <strong>Ventana Telem\u00e1tica<\/strong><\/td>\n<\/tr>\n<tr>\n<td colspan=\"3\">(No hay registros)<\/td>\n<\/tr>\n<tr>\n<td colspan=\"3\">&nbsp;<\/td>\n<\/tr>\n<tr>\n<td colspan=\"3\" class=\"tgrupo\"><img loading=\"lazy\" decoding=\"async\" src=\"http:\/\/www.gestoresalicante.org\/img\/newsletter\/picto.jpg\" width=\"20\" height=\"18\" align=\"absmiddle\" style=\"margin-right: 4px;\"> <strong> Sector de la formaci\u00f3n<\/strong><\/td>\n<\/tr>\n<tr>\n<td class=\"tfecha\">25\/04\/2013 &#8211;<\/td>\n<td class=\"titem\"><a href=\"http:\/\/www.clipmedia.net\/ficheros\/2013\/04_abr\/sx884.pdf\" target=\"_blank\">Una salida factible a la desocupaci\u00f3n<\/a><\/td>\n<td align=\"right\" class=\"tfuente\">La Vanguardia<\/td>\n<\/tr>\n<tr>\n<td class=\"tfecha\">25\/04\/2013 &#8211;<\/td>\n<td class=\"titem\"><a href=\"http:\/\/www.clipmedia.net\/ficheros\/2013\/04_abr\/sx885.pdf\" target=\"_blank\">La FP abre las puertas de Europa<\/a><\/td>\n<td align=\"right\" class=\"tfuente\">La Vanguardia<\/td>\n<\/tr>\n<tr>\n<td class=\"tfecha\">26\/04\/2013 &#8211;<\/td>\n<td class=\"titem\"><a href=\"http:\/\/www.clipmedia.net\/ficheros\/2013\/04_abr\/sx830.pdf\" target=\"_blank\">M\u00e1s de seis millones de parados<\/a><\/td>\n<td align=\"right\" class=\"tfuente\">El Pa\u00eds<\/td>\n<\/tr>\n<tr>\n<td class=\"tfecha\">26\/04\/2013 &#8211;<\/td>\n<td class=\"titem\"><a href=\"http:\/\/www.clipmedia.net\/ficheros\/2013\/04_abr\/sx870.pdf\" target=\"_blank\">El desempleo rebasa la barrera de los seis millones<\/a><\/td>\n<td align=\"right\" class=\"tfuente\">La Vanguardia<\/td>\n<\/tr>\n<tr>\n<td class=\"tfecha\">26\/04\/2013 &#8211;<\/td>\n<td class=\"titem\"><a href=\"http:\/\/www.clipmedia.net\/ficheros\/2013\/04_abr\/sx873.pdf\" target=\"_blank\">El paro supera los 6 millones tras el primer a\u00f1o de la reforma laboral <\/a><\/td>\n<td align=\"right\" class=\"tfuente\">El Economista<\/td>\n<\/tr>\n<tr>\n<td class=\"tfecha\">26\/04\/2013 &#8211;<\/td>\n<td class=\"titem\"><a href=\"http:\/\/www.clipmedia.net\/ficheros\/2013\/04_abr\/sx872.pdf\" target=\"_blank\">El Meeting Point apuesta por los compradores chinos<\/a><\/td>\n<td align=\"right\" class=\"tfuente\">La Vanguardia<\/td>\n<\/tr>\n<tr>\n<td class=\"tfecha\">26\/04\/2013 &#8211;<\/td>\n<td class=\"titem\"><a href=\"http:\/\/www.clipmedia.net\/ficheros\/2013\/04_abr\/sx874.pdf\" target=\"_blank\">CaixaBank critica la tasa a pisos: \u00abNo hace falta que nos estimulen a vender\u00bb<\/a><\/td>\n<td align=\"right\" class=\"tfuente\">El Economista<\/td>\n<\/tr>\n<tr>\n<td class=\"tfecha\">26\/04\/2013 &#8211;<\/td>\n<td class=\"titem\"><a href=\"http:\/\/www.clipmedia.net\/ficheros\/2013\/04_abr\/sx879.pdf\" target=\"_blank\">Cada espa\u00f1ol paga una media de 789 euros de IBI al a\u00f1o<\/a><\/td>\n<td align=\"right\" class=\"tfuente\">Expansi\u00f3n<\/td>\n<\/tr>\n<tr>\n<td class=\"tfecha\">26\/04\/2013 &#8211;<\/td>\n<td class=\"titem\"><a href=\"http:\/\/www.clipmedia.net\/ficheros\/2013\/04_abr\/sx880.pdf\" target=\"_blank\">Bruselas lleva la fiscalidad inmobiliaria espa\u00f1ola a la Justicia<\/a><\/td>\n<td align=\"right\" class=\"tfuente\">Expansi\u00f3n<\/td>\n<\/tr>\n<tr>\n<td colspan=\"3\">&nbsp;<\/td>\n<\/tr>\n<tr>\n<td colspan=\"3\" class=\"tgrupo\"><img loading=\"lazy\" decoding=\"async\" src=\"http:\/\/www.gestoresalicante.org\/img\/newsletter\/picto.jpg\" width=\"20\" height=\"18\" align=\"absmiddle\" style=\"margin-right: 4px;\"> <strong>B.O.E<\/strong><\/td>\n<\/tr>\n<tr>\n<td colspan=\"3\">(No hay registros)<\/td>\n<\/tr>\n<\/table>\n<\/div>\n","protected":false},"excerpt":{"rendered":"<p>26\/04\/2013 &nbsp; Consejo General de los Colegios de Gestores Administrativos 26\/04\/2013 &#8211; Conveni amb el Consell de Col\u00b7legis de Gestors per impartir un nou m\u00e0sterConvenio con el Consell de Col\u00b7legis de Gestors para impartir un nuevo m\u00e1ster UBWeb 25\/04\/2013 &#8211; &hellip; <a href=\"https:\/\/www.gestoresalicante.org\/blog\/index.php\/2013\/04\/26\/resumen-de-prensa-26-04-2013\/\">Sigue leyendo <span class=\"meta-nav\">&rarr;<\/span><\/a><\/p>\n","protected":false},"author":4,"featured_media":0,"comment_status":"closed","ping_status":"closed","sticky":false,"template":"","format":"standard","meta":{"footnotes":""},"categories":[6],"tags":[],"class_list":["post-369","post","type-post","status-publish","format-standard","hentry","category-resumendeprensa"],"_links":{"self":[{"href":"https:\/\/www.gestoresalicante.org\/blog\/index.php\/wp-json\/wp\/v2\/posts\/369","targetHints":{"allow":["GET"]}}],"collection":[{"href":"https:\/\/www.gestoresalicante.org\/blog\/index.php\/wp-json\/wp\/v2\/posts"}],"about":[{"href":"https:\/\/www.gestoresalicante.org\/blog\/index.php\/wp-json\/wp\/v2\/types\/post"}],"author":[{"embeddable":true,"href":"https:\/\/www.gestoresalicante.org\/blog\/index.php\/wp-json\/wp\/v2\/users\/4"}],"replies":[{"embeddable":true,"href":"https:\/\/www.gestoresalicante.org\/blog\/index.php\/wp-json\/wp\/v2\/comments?post=369"}],"version-history":[{"count":0,"href":"https:\/\/www.gestoresalicante.org\/blog\/index.php\/wp-json\/wp\/v2\/posts\/369\/revisions"}],"wp:attachment":[{"href":"https:\/\/www.gestoresalicante.org\/blog\/index.php\/wp-json\/wp\/v2\/media?parent=369"}],"wp:term":[{"taxonomy":"category","embeddable":true,"href":"https:\/\/www.gestoresalicante.org\/blog\/index.php\/wp-json\/wp\/v2\/categories?post=369"},{"taxonomy":"post_tag","embeddable":true,"href":"https:\/\/www.gestoresalicante.org\/blog\/index.php\/wp-json\/wp\/v2\/tags?post=369"}],"curies":[{"name":"wp","href":"https:\/\/api.w.org\/{rel}","templated":true}]}}