{"id":37,"date":"2012-07-25T11:01:41","date_gmt":"2012-07-25T10:01:41","guid":{"rendered":"http:\/\/www.gestoresalicante.org\/blog\/?p=37"},"modified":"2012-12-27T16:56:27","modified_gmt":"2012-12-27T15:56:27","slug":"actualizacion-web-gestoresalicante-org-y-blog-2","status":"publish","type":"post","link":"https:\/\/www.gestoresalicante.org\/blog\/index.php\/2012\/07\/25\/actualizacion-web-gestoresalicante-org-y-blog-2\/","title":{"rendered":"Actualizaci\u00f3n web gestoresalicante.org y blog"},"content":{"rendered":"<p>Presentamos la actualizaci\u00f3n de la <a title=\"web\" href=\"http:\/\/www.gestoresalicante.org\" target=\"_blank\">web<\/a> p\u00fablica del Colegio de Gestores Administrativos de Alicante, con un dise\u00f1o m\u00e1s moderno, m\u00e1s claro y ajustado a los nuevos est\u00e1ndares de formato y tama\u00f1o de pantalla.<\/p>\n<p>En esta acutalizaci\u00f3n cabe destacar el dise\u00f1o din\u00e1mico de los baner laterales, as\u00ed como un acceso m\u00e1s claro al nuevo formato de la ventanilla \u00fanica, al acceso a los servicios telem\u00e1ticos y al apartado de formaci\u00f3n donde se podr\u00e1n consultar todos los cursos de formaci\u00f3n impartidos por nosotros, as\u00ed como la documentaci\u00f3n asociado a los mismos, simepre y cuando est\u00e9 adscrito a los mismos.<\/p>\n<p>Como parte importante y tambi\u00e9n din\u00e1mica en la parte central estar\u00e1n visibles las \u00faltimas entradas registradas en nuestro nuevo <a title=\"blog\" href=\"http:\/\/www.gestoresalicante.org\/blog\/\" target=\"_blank\">blog<\/a>.<\/p>\n<p>El blog ofrece la posibilidad de publicar noticias, notas, entrevistas, as\u00ed como disponer de un foro asociado a los cursos de formaci\u00f3n para poder seguir online las opiniones, preguntas y sugerencias de sus asistentes y ponentes.<\/p>\n<p>Esperamos que estos nuevos cambios sean de se agrado y faciliten el acceso a la informaci\u00f3n de nuestro Colegio.<\/p>\n<p><a href=\"http:\/\/www.gestoresalicante.org\"><img loading=\"lazy\" decoding=\"async\" class=\"aligncenter\" title=\"PanWebCOGAA\" src=\"http:\/\/www.gestoresalicante.org\/blog\/wp-content\/uploads\/2012\/07\/PanWebCOGAA-300x260.jpg\" alt=\"Imagen de la web de gestoresalicante.org\" width=\"300\" height=\"260\" \/><\/a><\/p>\n","protected":false},"excerpt":{"rendered":"<p>Presentamos la actualizaci\u00f3n de la web p\u00fablica del Colegio de Gestores Administrativos de Alicante, con un dise\u00f1o m\u00e1s moderno, m\u00e1s claro y ajustado a los nuevos est\u00e1ndares de formato y tama\u00f1o de pantalla. En esta acutalizaci\u00f3n cabe destacar el dise\u00f1o &hellip; <a href=\"https:\/\/www.gestoresalicante.org\/blog\/index.php\/2012\/07\/25\/actualizacion-web-gestoresalicante-org-y-blog-2\/\">Sigue leyendo <span class=\"meta-nav\">&rarr;<\/span><\/a><\/p>\n","protected":false},"author":4,"featured_media":0,"comment_status":"closed","ping_status":"closed","sticky":false,"template":"","format":"standard","meta":{"footnotes":""},"categories":[3],"tags":[],"class_list":["post-37","post","type-post","status-publish","format-standard","hentry","category-noticias-de-interes"],"_links":{"self":[{"href":"https:\/\/www.gestoresalicante.org\/blog\/index.php\/wp-json\/wp\/v2\/posts\/37","targetHints":{"allow":["GET"]}}],"collection":[{"href":"https:\/\/www.gestoresalicante.org\/blog\/index.php\/wp-json\/wp\/v2\/posts"}],"about":[{"href":"https:\/\/www.gestoresalicante.org\/blog\/index.php\/wp-json\/wp\/v2\/types\/post"}],"author":[{"embeddable":true,"href":"https:\/\/www.gestoresalicante.org\/blog\/index.php\/wp-json\/wp\/v2\/users\/4"}],"replies":[{"embeddable":true,"href":"https:\/\/www.gestoresalicante.org\/blog\/index.php\/wp-json\/wp\/v2\/comments?post=37"}],"version-history":[{"count":5,"href":"https:\/\/www.gestoresalicante.org\/blog\/index.php\/wp-json\/wp\/v2\/posts\/37\/revisions"}],"predecessor-version":[{"id":160,"href":"https:\/\/www.gestoresalicante.org\/blog\/index.php\/wp-json\/wp\/v2\/posts\/37\/revisions\/160"}],"wp:attachment":[{"href":"https:\/\/www.gestoresalicante.org\/blog\/index.php\/wp-json\/wp\/v2\/media?parent=37"}],"wp:term":[{"taxonomy":"category","embeddable":true,"href":"https:\/\/www.gestoresalicante.org\/blog\/index.php\/wp-json\/wp\/v2\/categories?post=37"},{"taxonomy":"post_tag","embeddable":true,"href":"https:\/\/www.gestoresalicante.org\/blog\/index.php\/wp-json\/wp\/v2\/tags?post=37"}],"curies":[{"name":"wp","href":"https:\/\/api.w.org\/{rel}","templated":true}]}}