{"id":370,"date":"2013-04-29T09:00:00","date_gmt":"2013-04-29T08:00:00","guid":{"rendered":"http:\/\/www.gestoresalicante.org\/blog\/index.php\/2013\/04\/29\/resumen-de-prensa-27-04-2013\/"},"modified":"-0001-11-30T00:00:00","modified_gmt":"-0001-11-29T22:00:00","slug":"resumen-de-prensa-27-04-2013","status":"publish","type":"post","link":"https:\/\/www.gestoresalicante.org\/blog\/index.php\/2013\/04\/29\/resumen-de-prensa-27-04-2013\/","title":{"rendered":"Resumen de Prensa 27-04-2013"},"content":{"rendered":"<div class=\"nboletin\">\n<table width=\"90%\" cellpadding=\"4\">\n<tr>\n<td colspan=\"3\">\n<div style=\"background-color: #CCCCCC;padding: 4px 10px 4px 10px;width: 100%;border: 1px #414141 solid;\"><img decoding=\"async\" alt=\"Consejo de Gestores\" src=\"http:\/\/www.gestoresalicante.org\/img\/newsletter\/conges.jpg\" width=226 height=70><\/div>\n<\/td>\n<\/tr>\n<tr>\n<td align=\"right\" colspan=\"3\"><strong>27\/04\/2013 &#8211; 29\/04\/2013 <\/strong><\/td>\n<\/tr>\n<tr>\n<td colspan=\"3\">&nbsp;<\/td>\n<\/tr>\n<tr>\n<td colspan=\"3\" class=\"tgrupo\"><img loading=\"lazy\" decoding=\"async\" src=\"http:\/\/www.gestoresalicante.org\/img\/newsletter\/picto.jpg\" width=\"20\" height=\"18\" align=\"absmiddle\" style=\"margin-right: 4px;\"> <strong>Consejo General de los Colegios de Gestores Administrativos<\/strong><\/td>\n<\/tr>\n<tr>\n<td class=\"tfecha\">29\/04\/2013 &#8211;<\/td>\n<td class=\"titem\"><a href=\"http:\/\/www.clipmedia.net\/ficheros\/2013\/04_abr\/sx962.pdf\" target=\"_blank\">Las novedades a tener en cuenta<\/a><\/td>\n<td align=\"right\" class=\"tfuente\">La Vanguardia &#8211; Monogr\u00e1ficos<\/td>\n<\/tr>\n<tr>\n<td class=\"tfecha\">29\/04\/2013 &#8211;<\/td>\n<td class=\"titem\"><a href=\"http:\/\/www.clipmedia.net\/ficheros\/2013\/04_abr\/sx963.pdf\" target=\"_blank\">Dudas en la regularizaci\u00f3n fiscal y en los despidos<\/a><\/td>\n<td align=\"right\" class=\"tfuente\">La Vanguardia &#8211; Monogr\u00e1ficos<\/td>\n<\/tr>\n<tr>\n<td class=\"tfecha\">29\/04\/2013 &#8211;<\/td>\n<td class=\"titem\"><a href=\"http:\/\/www.clipmedia.net\/ficheros\/2013\/04_abr\/sx964.pdf\" target=\"_blank\">Estado y Gestores Administrativos crean tr\u00e1mites telem\u00e1ticos<\/a><\/td>\n<td align=\"right\" class=\"tfuente\">El Economista<\/td>\n<\/tr>\n<tr>\n<td class=\"tfecha\">27\/04\/2013 &#8211;<\/td>\n<td class=\"titem\"><a href=\"http:\/\/www.clipmedia.net\/ficheros\/2013\/04_abr\/sx992.pdf\" target=\"_blank\">Beteta augura que Espa\u00f1a empezar\u00e1 a &#8216;caminar en la senda de la recuperaci\u00f3n econ\u00f3mica&#8217; en 2014<\/a><\/td>\n<td align=\"right\" class=\"tfuente\">Europa Press<\/td>\n<\/tr>\n<tr>\n<td class=\"tfecha\">27\/04\/2013 &#8211;<\/td>\n<td class=\"titem\"><a href=\"http:\/\/www.clipmedia.net\/ficheros\/2013\/04_abr\/sx994.pdf\" target=\"_blank\">Beteta augura que Espa\u00f1a empezar\u00e1 a &#8216;caminar en la senda de la recuperaci\u00f3n econ\u00f3mica&#8217; en 2014<\/a><\/td>\n<td align=\"right\" class=\"tfuente\">Yahoo! Not\u00edcies<\/td>\n<\/tr>\n<tr>\n<td class=\"tfecha\">27\/04\/2013 &#8211;<\/td>\n<td class=\"titem\"><a href=\"http:\/\/www.clipmedia.net\/ficheros\/2013\/04_abr\/sx995.pdf\" target=\"_blank\">Beteta augura que Espa\u00f1a empezar\u00e1 a &#8216;caminar en la senda de la recuperaci\u00f3n econ\u00f3mica&#8217; en 2014<\/a><\/td>\n<td align=\"right\" class=\"tfuente\">Andaluc\u00eda Informaci\u00f3n.es<\/td>\n<\/tr>\n<tr>\n<td class=\"tfecha\">27\/04\/2013 &#8211;<\/td>\n<td class=\"titem\"><a href=\"http:\/\/www.clipmedia.net\/ficheros\/2013\/04_abr\/sx997.pdf\" target=\"_blank\">Beteta augura que Espa\u00f1a empezar\u00e1 a &#8216;caminar en la senda de la recuperaci\u00f3n econ\u00f3mica&#8217; en 2014<\/a><\/td>\n<td align=\"right\" class=\"tfuente\">Expansi\u00f3n (digital)<\/td>\n<\/tr>\n<tr>\n<td class=\"tfecha\">27\/04\/2013 &#8211;<\/td>\n<td class=\"titem\"><a href=\"http:\/\/www.clipmedia.net\/ficheros\/2013\/04_abr\/sx998.pdf\" target=\"_blank\">Beteta augura que Espa\u00f1a empezar\u00e1 a &#8216;caminar en la senda de la recuperaci\u00f3n econ\u00f3mica&#8217; en 2014<\/a><\/td>\n<td align=\"right\" class=\"tfuente\">La Vanguardia (digital)<\/td>\n<\/tr>\n<tr>\n<td class=\"tfecha\">27\/04\/2013 &#8211;<\/td>\n<td class=\"titem\"><a href=\"http:\/\/www.clipmedia.net\/ficheros\/2013\/04_abr\/sx999.pdf\" target=\"_blank\">Beteta augura que Espa\u00f1a empezar\u00e1 a &#8216;caminar en la senda de la recuperaci\u00f3n econ\u00f3mica&#8217; en 2014<\/a><\/td>\n<td align=\"right\" class=\"tfuente\">Telecinco<\/td>\n<\/tr>\n<tr>\n<td class=\"tfecha\">25\/04\/2013 &#8211;<\/td>\n<td class=\"titem\"><a href=\"http:\/\/www.clipmedia.net\/ficheros\/2013\/04_abr\/sx991.pdf\" target=\"_blank\">El Alc\u00e1zar de los Reyes Cat\u00f3licos (C\u00f3rdoba) se engalana para recibir el lunes la iniciativa &#8216;Emprendedores 2020&#8217;<\/a><\/td>\n<td align=\"right\" class=\"tfuente\">Diario Cr\u00edtico<\/td>\n<\/tr>\n<tr>\n<td class=\"tfecha\">29\/04\/2013 &#8211;<\/td>\n<td class=\"titem\"><a href=\"http:\/\/www.clipmedia.net\/ficheros\/2013\/04_abr\/sx943.pdf\" target=\"_blank\">Hacienda gravar\u00e1 con un IVA del 21% los documentos que firman los notarios<\/a><\/td>\n<td align=\"right\" class=\"tfuente\">Expansi\u00f3n<\/td>\n<\/tr>\n<tr>\n<td class=\"tfecha\">29\/04\/2013 &#8211;<\/td>\n<td class=\"titem\"><a href=\"http:\/\/www.clipmedia.net\/ficheros\/2013\/04_abr\/sx965.pdf\" target=\"_blank\">El TS se pronuncia sobre el &#8216;leasing&#8217; durante el concurso<\/a><\/td>\n<td align=\"right\" class=\"tfuente\">El Economista<\/td>\n<\/tr>\n<tr>\n<td class=\"tfecha\">29\/04\/2013 &#8211;<\/td>\n<td class=\"titem\"><a href=\"http:\/\/www.clipmedia.net\/ficheros\/2013\/04_abr\/sx972.pdf\" target=\"_blank\">La microfinanciaci\u00f3n pide mejor fiscalidad<\/a><\/td>\n<td align=\"right\" class=\"tfuente\">El Economista<\/td>\n<\/tr>\n<tr>\n<td class=\"tfecha\">29\/04\/2013 &#8211;<\/td>\n<td class=\"titem\"><a href=\"http:\/\/www.clipmedia.net\/ficheros\/2013\/04_abr\/sx979.pdf\" target=\"_blank\">Concluye el plazo para identificar cuentas y bienes en el extranjero<\/a><\/td>\n<td align=\"right\" class=\"tfuente\">La Vanguardia<\/td>\n<\/tr>\n<tr>\n<td class=\"tfecha\">29\/04\/2013 &#8211;<\/td>\n<td class=\"titem\"><a href=\"http:\/\/www.clipmedia.net\/ficheros\/2013\/04_abr\/sx980.pdf\" target=\"_blank\">M\u00e1s subidas fiscales por &#8216;obligaci\u00f3n legal&#8217;<\/a><\/td>\n<td align=\"right\" class=\"tfuente\">Expansi\u00f3n<\/td>\n<\/tr>\n<tr>\n<td class=\"tfecha\">28\/04\/2013 &#8211;<\/td>\n<td class=\"titem\"><a href=\"http:\/\/www.clipmedia.net\/ficheros\/2013\/04_abr\/sx984.pdf\" target=\"_blank\">La desafecci\u00f3n fiscal<\/a><\/td>\n<td align=\"right\" class=\"tfuente\">La Vanguardia<\/td>\n<\/tr>\n<tr>\n<td class=\"tfecha\">28\/04\/2013 &#8211;<\/td>\n<td class=\"titem\"><a href=\"http:\/\/www.clipmedia.net\/ficheros\/2013\/04_abr\/sx986.pdf\" target=\"_blank\">Las comunidades de vecinos llevan los bancos morosos a los juzgados<\/a><\/td>\n<td align=\"right\" class=\"tfuente\">El Peri\u00f3dico de Catalunya<\/td>\n<\/tr>\n<tr>\n<td class=\"tfecha\">27\/04\/2013 &#8211;<\/td>\n<td class=\"titem\"><a href=\"http:\/\/www.clipmedia.net\/ficheros\/2013\/04_abr\/sx987.pdf\" target=\"_blank\">Rajoy sube de nuevo los impuestos y sigue sin atreverse con las reformas<\/a><\/td>\n<td align=\"right\" class=\"tfuente\">El Economista<\/td>\n<\/tr>\n<tr>\n<td class=\"tfecha\">27\/04\/2013 &#8211;<\/td>\n<td class=\"titem\"><a href=\"http:\/\/www.clipmedia.net\/ficheros\/2013\/04_abr\/sx988.pdf\" target=\"_blank\">Montoro inventa un impuesto &#8216;verde&#8217; y sube Sociedades y los especiales<\/a><\/td>\n<td align=\"right\" class=\"tfuente\">El Economista<\/td>\n<\/tr>\n<tr>\n<td class=\"tfecha\">27\/04\/2013 &#8211;<\/td>\n<td class=\"titem\"><a href=\"http:\/\/www.clipmedia.net\/ficheros\/2013\/04_abr\/sx989.pdf\" target=\"_blank\">Hacienda ingresar\u00e1 4.000 millones al prorrogar la subida del IRPF<\/a><\/td>\n<td align=\"right\" class=\"tfuente\">La Vanguardia<\/td>\n<\/tr>\n<tr>\n<td class=\"tfecha\">28\/04\/2013 &#8211;<\/td>\n<td class=\"titem\"><a href=\"http:\/\/www.clipmedia.net\/ficheros\/2013\/04_abr\/sx974.pdf\" target=\"_blank\">Las autopistas en riesgo de quiebra se quedan sin tr\u00e1fico<\/a><\/td>\n<td align=\"right\" class=\"tfuente\">La Raz\u00f3n<\/td>\n<\/tr>\n<tr>\n<td class=\"tfecha\">28\/04\/2013 &#8211;<\/td>\n<td class=\"titem\"><a href=\"http:\/\/www.clipmedia.net\/ficheros\/2013\/04_abr\/sx975.pdf\" target=\"_blank\">Cuatro mil coches, con la mejor oferta de financiaci\u00f3n<\/a><\/td>\n<td align=\"right\" class=\"tfuente\">La Raz\u00f3n<\/td>\n<\/tr>\n<tr>\n<td class=\"tfecha\">27\/04\/2013 &#8211;<\/td>\n<td class=\"titem\"><a href=\"http:\/\/www.clipmedia.net\/ficheros\/2013\/04_abr\/sx976.pdf\" target=\"_blank\">El Sal\u00f3n del Autom\u00f3vil reclama m\u00e1s inversiones para el sector<\/a><\/td>\n<td align=\"right\" class=\"tfuente\">El Mundo<\/td>\n<\/tr>\n<tr>\n<td class=\"tfecha\">27\/04\/2013 &#8211;<\/td>\n<td class=\"titem\"><a href=\"http:\/\/www.clipmedia.net\/ficheros\/2013\/04_abr\/sx977.pdf\" target=\"_blank\">El Gobierno mantiene los 10 millones de ayuda al el\u00e9ctrico<\/a><\/td>\n<td align=\"right\" class=\"tfuente\">El Mundo<\/td>\n<\/tr>\n<tr>\n<td class=\"tfecha\">29\/04\/2013 &#8211;<\/td>\n<td class=\"titem\"><a href=\"http:\/\/www.clipmedia.net\/ficheros\/2013\/04_abr\/sx971.pdf\" target=\"_blank\">Creer que las redes sociales son s\u00f3lo una moda y no un negocio es un error<\/a><\/td>\n<td align=\"right\" class=\"tfuente\">El Economista<\/td>\n<\/tr>\n<tr>\n<td class=\"tfecha\">27\/04\/2013 &#8211;<\/td>\n<td class=\"titem\"><a href=\"http:\/\/www.clipmedia.net\/ficheros\/2013\/04_abr\/sx990.pdf\" target=\"_blank\">La Universidad, un activo rentable<\/a><\/td>\n<td align=\"right\" class=\"tfuente\">Expansi\u00f3n &#8211; Empleo<\/td>\n<\/tr>\n<tr>\n<td class=\"tfecha\">29\/04\/2013 &#8211;<\/td>\n<td class=\"titem\"><a href=\"http:\/\/www.clipmedia.net\/ficheros\/2013\/04_abr\/sx924.pdf\" target=\"_blank\">Los aut\u00f3nomos gastan 1.100 millones al a\u00f1o en burocracia<\/a><\/td>\n<td align=\"right\" class=\"tfuente\">ABC<\/td>\n<\/tr>\n<tr>\n<td class=\"tfecha\">28\/04\/2013 &#8211;<\/td>\n<td class=\"titem\"><a href=\"http:\/\/www.clipmedia.net\/ficheros\/2013\/04_abr\/sx948.pdf\" target=\"_blank\">Hambre de vivir, af\u00e1n de trabajar<\/a><\/td>\n<td align=\"right\" class=\"tfuente\">La Vanguardia<\/td>\n<\/tr>\n<tr>\n<td class=\"tfecha\">29\/04\/2013 &#8211;<\/td>\n<td class=\"titem\"><a href=\"http:\/\/www.clipmedia.net\/ficheros\/2013\/04_abr\/sx966.pdf\" target=\"_blank\">Tijeretazo del Gobierno a las ventanillas empresariales<\/a><\/td>\n<td align=\"right\" class=\"tfuente\">El Economista<\/td>\n<\/tr>\n<tr>\n<td class=\"tfecha\">29\/04\/2013 &#8211;<\/td>\n<td class=\"titem\"><a href=\"http:\/\/www.clipmedia.net\/ficheros\/2013\/04_abr\/sx968.pdf\" target=\"_blank\">Importar talento para invertir<\/a><\/td>\n<td align=\"right\" class=\"tfuente\">El Economista<\/td>\n<\/tr>\n<tr>\n<td class=\"tfecha\">29\/04\/2013 &#8211;<\/td>\n<td class=\"titem\"><a href=\"http:\/\/www.clipmedia.net\/ficheros\/2013\/04_abr\/sx973.pdf\" target=\"_blank\">R\u00e9cord: 10.000 empresas en concurso<\/a><\/td>\n<td align=\"right\" class=\"tfuente\">El Economista<\/td>\n<\/tr>\n<tr>\n<td class=\"tfecha\">29\/04\/2013 &#8211;<\/td>\n<td class=\"titem\"><a href=\"http:\/\/www.clipmedia.net\/ficheros\/2013\/04_abr\/sx981.pdf\" target=\"_blank\">La reforma laboral necesita pol\u00edticas de crecimiento para activar el empleo<\/a><\/td>\n<td align=\"right\" class=\"tfuente\">Expansi\u00f3n<\/td>\n<\/tr>\n<tr>\n<td class=\"tfecha\">29\/04\/2013 &#8211;<\/td>\n<td class=\"titem\"><a href=\"http:\/\/www.clipmedia.net\/ficheros\/2013\/04_abr\/sx982.pdf\" target=\"_blank\">Las empresas &#8216;aprenden&#8217; a evitar la nulidad de sus ERE por error formal<\/a><\/td>\n<td align=\"right\" class=\"tfuente\">El Pa\u00eds<\/td>\n<\/tr>\n<tr>\n<td class=\"tfecha\">28\/04\/2013 &#8211;<\/td>\n<td class=\"titem\"><a href=\"http:\/\/www.clipmedia.net\/ficheros\/2013\/04_abr\/sx985.pdf\" target=\"_blank\">La reforma de las pensiones alargar\u00e1 una vida laboral incierta<\/a><\/td>\n<td align=\"right\" class=\"tfuente\">El Peri\u00f3dico de Catalunya<\/td>\n<\/tr>\n<tr>\n<td class=\"tfecha\">29\/04\/2013 &#8211;<\/td>\n<td class=\"titem\"><a href=\"http:\/\/www.clipmedia.net\/ficheros\/2013\/04_abr\/sx967.pdf\" target=\"_blank\">El Gobierno eleva a 500.000 euros la inversi\u00f3n para obtener la residencia <\/a><\/td>\n<td align=\"right\" class=\"tfuente\">El Economista<\/td>\n<\/tr>\n<tr>\n<td class=\"tfecha\">29\/04\/2013 &#8211;<\/td>\n<td class=\"titem\"><a href=\"http:\/\/www.clipmedia.net\/ficheros\/2013\/04_abr\/sx969.pdf\" target=\"_blank\">V\u00eda C\u00e9lere regala a sus clientes el interiorismo de sus viviendas<\/a><\/td>\n<td align=\"right\" class=\"tfuente\">El Economista<\/td>\n<\/tr>\n<tr>\n<td class=\"tfecha\">27\/04\/2013 &#8211;<\/td>\n<td class=\"titem\"><a href=\"http:\/\/www.clipmedia.net\/ficheros\/2013\/04_abr\/sx978.pdf\" target=\"_blank\">BBVA quiere desmantelar su negocio inmobiliario<\/a><\/td>\n<td align=\"right\" class=\"tfuente\">El Mundo<\/td>\n<\/tr>\n<tr>\n<td class=\"tfecha\">29\/04\/2013 &#8211;<\/td>\n<td class=\"titem\"><a href=\"http:\/\/www.clipmedia.net\/ficheros\/2013\/04_abr\/sx983.pdf\" target=\"_blank\">Las iglesias y las casas de playa se libran de la eficiencia energ\u00e9tica<\/a><\/td>\n<td align=\"right\" class=\"tfuente\">El Pa\u00eds<\/td>\n<\/tr>\n<tr>\n<td colspan=\"3\">&nbsp;<\/td>\n<\/tr>\n<tr>\n<td colspan=\"3\" class=\"tgrupo\"><img loading=\"lazy\" decoding=\"async\" src=\"http:\/\/www.gestoresalicante.org\/img\/newsletter\/picto.jpg\" width=\"20\" height=\"18\" align=\"absmiddle\" style=\"margin-right: 4px;\"> <strong>B.O.E<\/strong><\/td>\n<\/tr>\n<tr>\n<td colspan=\"3\">(No hay registros)<\/td>\n<\/tr>\n<\/table>\n<\/div>\n","protected":false},"excerpt":{"rendered":"<p>27\/04\/2013 &#8211; 29\/04\/2013 &nbsp; Consejo General de los Colegios de Gestores Administrativos 29\/04\/2013 &#8211; Las novedades a tener en cuenta La Vanguardia &#8211; Monogr\u00e1ficos 29\/04\/2013 &#8211; Dudas en la regularizaci\u00f3n fiscal y en los despidos La Vanguardia &#8211; Monogr\u00e1ficos 29\/04\/2013 &hellip; <a href=\"https:\/\/www.gestoresalicante.org\/blog\/index.php\/2013\/04\/29\/resumen-de-prensa-27-04-2013\/\">Sigue leyendo <span class=\"meta-nav\">&rarr;<\/span><\/a><\/p>\n","protected":false},"author":4,"featured_media":0,"comment_status":"closed","ping_status":"closed","sticky":false,"template":"","format":"standard","meta":{"footnotes":""},"categories":[6],"tags":[],"class_list":["post-370","post","type-post","status-publish","format-standard","hentry","category-resumendeprensa"],"_links":{"self":[{"href":"https:\/\/www.gestoresalicante.org\/blog\/index.php\/wp-json\/wp\/v2\/posts\/370","targetHints":{"allow":["GET"]}}],"collection":[{"href":"https:\/\/www.gestoresalicante.org\/blog\/index.php\/wp-json\/wp\/v2\/posts"}],"about":[{"href":"https:\/\/www.gestoresalicante.org\/blog\/index.php\/wp-json\/wp\/v2\/types\/post"}],"author":[{"embeddable":true,"href":"https:\/\/www.gestoresalicante.org\/blog\/index.php\/wp-json\/wp\/v2\/users\/4"}],"replies":[{"embeddable":true,"href":"https:\/\/www.gestoresalicante.org\/blog\/index.php\/wp-json\/wp\/v2\/comments?post=370"}],"version-history":[{"count":0,"href":"https:\/\/www.gestoresalicante.org\/blog\/index.php\/wp-json\/wp\/v2\/posts\/370\/revisions"}],"wp:attachment":[{"href":"https:\/\/www.gestoresalicante.org\/blog\/index.php\/wp-json\/wp\/v2\/media?parent=370"}],"wp:term":[{"taxonomy":"category","embeddable":true,"href":"https:\/\/www.gestoresalicante.org\/blog\/index.php\/wp-json\/wp\/v2\/categories?post=370"},{"taxonomy":"post_tag","embeddable":true,"href":"https:\/\/www.gestoresalicante.org\/blog\/index.php\/wp-json\/wp\/v2\/tags?post=370"}],"curies":[{"name":"wp","href":"https:\/\/api.w.org\/{rel}","templated":true}]}}