{"id":374,"date":"2013-05-06T09:00:00","date_gmt":"2013-05-06T08:00:00","guid":{"rendered":"http:\/\/www.gestoresalicante.org\/blog\/index.php\/2013\/05\/06\/resumen-de-prensa-04-05-2013\/"},"modified":"-0001-11-30T00:00:00","modified_gmt":"-0001-11-29T22:00:00","slug":"resumen-de-prensa-04-05-2013","status":"publish","type":"post","link":"https:\/\/www.gestoresalicante.org\/blog\/index.php\/2013\/05\/06\/resumen-de-prensa-04-05-2013\/","title":{"rendered":"Resumen de Prensa 04-05-2013"},"content":{"rendered":"<div class=\"nboletin\">\n<table width=\"90%\" cellpadding=\"4\">\n<tr>\n<td colspan=\"3\">\n<div style=\"background-color: #CCCCCC;padding: 4px 10px 4px 10px;width: 100%;border: 1px #414141 solid;\"><img decoding=\"async\" alt=\"Consejo de Gestores\" src=\"http:\/\/www.gestoresalicante.org\/img\/newsletter\/conges.jpg\" width=226 height=70><\/div>\n<\/td>\n<\/tr>\n<tr>\n<td align=\"right\" colspan=\"3\"><strong>04\/05\/2013 &#8211; 06\/05\/2013 <\/strong><\/td>\n<\/tr>\n<tr>\n<td colspan=\"3\">&nbsp;<\/td>\n<\/tr>\n<tr>\n<td colspan=\"3\" class=\"tgrupo\"><img loading=\"lazy\" decoding=\"async\" src=\"http:\/\/www.gestoresalicante.org\/img\/newsletter\/picto.jpg\" width=\"20\" height=\"18\" align=\"absmiddle\" style=\"margin-right: 4px;\"> <strong>Consejo General de los Colegios de Gestores Administrativos<\/strong><\/td>\n<\/tr>\n<tr>\n<td class=\"tfecha\">05\/05\/2013 &#8211;<\/td>\n<td class=\"titem\"><a href=\"http:\/\/www.clipmedia.net\/ficheros\/2013\/05_may\/sy334.pdf\" target=\"_blank\">M\u00aa Teresa Gonz\u00e1lez, Delegada del Colegio de Gestores en Valladolid: &quot;Hacer la declaraci\u00f3n con un profesional, el mejor consejo&quot;<\/a><\/td>\n<td align=\"right\" class=\"tfuente\">El Norte de Castilla<\/td>\n<\/tr>\n<tr>\n<td class=\"tfecha\">05\/05\/2013 &#8211;<\/td>\n<td class=\"titem\"><a href=\"http:\/\/www.clipmedia.net\/ficheros\/2013\/05_may\/sy335.pdf\" target=\"_blank\">Obituarios &#8211; Don Eduardo Mej\u00edas Tapia<\/a><\/td>\n<td align=\"right\" class=\"tfuente\">Hoy<\/td>\n<\/tr>\n<tr>\n<td class=\"tfecha\">03\/05\/2013 &#8211;<\/td>\n<td class=\"titem\"><a href=\"http:\/\/www.clipmedia.net\/ficheros\/2013\/05_may\/sy336.pdf\" target=\"_blank\">La Comunidad ofrece un servicio de atenci\u00f3n gratuito para hacer la declaraci\u00f3n de la renta del 13 de mayo al 1 de julio<\/a><\/td>\n<td align=\"right\" class=\"tfuente\">Te interesa.com<\/td>\n<\/tr>\n<tr>\n<td class=\"tfecha\">03\/05\/2013 &#8211;<\/td>\n<td class=\"titem\"><a href=\"http:\/\/www.clipmedia.net\/ficheros\/2013\/05_may\/sy338.pdf\" target=\"_blank\">La Comunidad ofrece un servicio de atenci\u00f3n gratuito para hacer la declaraci\u00f3n de la renta del 13 de mayo al 1 de julio<\/a><\/td>\n<td align=\"right\" class=\"tfuente\">La Informaci\u00f3n Digital.com<\/td>\n<\/tr>\n<tr>\n<td class=\"tfecha\">03\/05\/2013 &#8211;<\/td>\n<td class=\"titem\"><a href=\"http:\/\/www.clipmedia.net\/ficheros\/2013\/05_may\/sy339.pdf\" target=\"_blank\">La Comunidad ofrece un servicio de atenci\u00f3n gratuito para hacer la declaraci\u00f3n de la renta del 13 de mayo al 1 de julio<\/a><\/td>\n<td align=\"right\" class=\"tfuente\">El Economista (digital)<\/td>\n<\/tr>\n<tr>\n<td class=\"tfecha\">03\/05\/2013 &#8211;<\/td>\n<td class=\"titem\"><a href=\"http:\/\/www.clipmedia.net\/ficheros\/2013\/05_may\/sy340.pdf\" target=\"_blank\">La Comunidad ofrece un servicio de atenci\u00f3n gratuito para hacer la declaraci\u00f3n de la renta del 13 de mayo al 1 de julio<\/a><\/td>\n<td align=\"right\" class=\"tfuente\">Europa Press<\/td>\n<\/tr>\n<tr>\n<td class=\"tfecha\">03\/05\/2013 &#8211;<\/td>\n<td class=\"titem\"><a href=\"http:\/\/www.clipmedia.net\/ficheros\/2013\/05_may\/sy341.pdf\" target=\"_blank\">La Comunidad ofrece un servicio de atenci\u00f3n gratuito para hacer la declaraci\u00f3n de la renta del 13 de mayo al 1 de julio<\/a><\/td>\n<td align=\"right\" class=\"tfuente\">La Vanguardia (digital)<\/td>\n<\/tr>\n<tr>\n<td class=\"tfecha\">06\/05\/2013 &#8211;<\/td>\n<td class=\"titem\"><a href=\"http:\/\/www.clipmedia.net\/ficheros\/2013\/05_may\/sy342.pdf\" target=\"_blank\">La Comunidad ofrece un servicio de atenci\u00f3n gratuito para hacer la declaraci\u00f3n de la renta del 13 de mayo al 1 de julio<\/a><\/td>\n<td align=\"right\" class=\"tfuente\">MadridPress.com<\/td>\n<\/tr>\n<tr>\n<td class=\"tfecha\">03\/05\/2013 &#8211;<\/td>\n<td class=\"titem\"><a href=\"http:\/\/www.clipmedia.net\/ficheros\/2013\/05_may\/sy343.pdf\" target=\"_blank\">La Comunidad ofrece un servicio de atenci\u00f3n gratuito para hacer la declaraci\u00f3n de la renta del 13 de mayo al 1 de julio<\/a><\/td>\n<td align=\"right\" class=\"tfuente\">Gentedigital.es<\/td>\n<\/tr>\n<tr>\n<td class=\"tfecha\">06\/05\/2013 &#8211;<\/td>\n<td class=\"titem\"><a href=\"http:\/\/www.clipmedia.net\/ficheros\/2013\/05_may\/sy344.pdf\" target=\"_blank\">Los madrile\u00f1os se ahorrar\u00e1n m\u00e1s de 360 millones en sus declaraciones de la Renta<\/a><\/td>\n<td align=\"right\" class=\"tfuente\">Extraconfidencial.com<\/td>\n<\/tr>\n<tr>\n<td class=\"tfecha\">03\/05\/2013 &#8211;<\/td>\n<td class=\"titem\"><a href=\"http:\/\/www.clipmedia.net\/ficheros\/2013\/05_may\/sy345.pdf\" target=\"_blank\">Los madrile\u00f1os se ahorrar\u00e1n m\u00e1s de 360 millones en sus declaraciones de la Renta<\/a><\/td>\n<td align=\"right\" class=\"tfuente\">Madrid.org<\/td>\n<\/tr>\n<tr>\n<td class=\"tfecha\">03\/05\/2013 &#8211;<\/td>\n<td class=\"titem\"><a href=\"http:\/\/www.clipmedia.net\/ficheros\/2013\/05_may\/sy346.pdf\" target=\"_blank\">Los madrile\u00f1os se ahorrar\u00e1n m\u00e1s de 360 millones en sus declaraciones de la Renta<\/a><\/td>\n<td align=\"right\" class=\"tfuente\">La Quincena.es<\/td>\n<\/tr>\n<tr>\n<td class=\"tfecha\">03\/05\/2013 &#8211;<\/td>\n<td class=\"titem\"><a href=\"http:\/\/www.clipmedia.net\/ficheros\/2013\/05_may\/sy347.pdf\" target=\"_blank\">Los madrile\u00f1os se ahorrar\u00e1n m\u00e1s de 360 millones en sus declaraciones de la Renta<\/a><\/td>\n<td align=\"right\" class=\"tfuente\">eldistrito.es<\/td>\n<\/tr>\n<tr>\n<td class=\"tfecha\">03\/05\/2013 &#8211;<\/td>\n<td class=\"titem\"><a href=\"http:\/\/www.clipmedia.net\/ficheros\/2013\/05_may\/sy348.pdf\" target=\"_blank\">Los madrile\u00f1os se ahorrar\u00e1n m\u00e1s de 360 millones en sus declaraciones de la Renta<\/a><\/td>\n<td align=\"right\" class=\"tfuente\">Noticias de Madrid.es<\/td>\n<\/tr>\n<tr>\n<td class=\"tfecha\">06\/05\/2013 &#8211;<\/td>\n<td class=\"titem\"><a href=\"http:\/\/www.clipmedia.net\/ficheros\/2013\/05_may\/sy356.pdf\" target=\"_blank\">Arranca hoy la Campa\u00f1a de la Renta<\/a><\/td>\n<td align=\"right\" class=\"tfuente\">Expansi\u00f3n<\/td>\n<\/tr>\n<tr>\n<td class=\"tfecha\">06\/05\/2013 &#8211;<\/td>\n<td class=\"titem\"><a href=\"http:\/\/www.clipmedia.net\/ficheros\/2013\/05_may\/sy357.pdf\" target=\"_blank\">Los bufetes internacionales consiguen esquivar la crisis<\/a><\/td>\n<td align=\"right\" class=\"tfuente\">Expansi\u00f3n<\/td>\n<\/tr>\n<tr>\n<td class=\"tfecha\">05\/05\/2013 &#8211;<\/td>\n<td class=\"titem\"><a href=\"http:\/\/www.clipmedia.net\/ficheros\/2013\/05_may\/sy360.pdf\" target=\"_blank\">Hacienda salda cuentas con 150.000 proveedores<\/a><\/td>\n<td align=\"right\" class=\"tfuente\">La Raz\u00f3n<\/td>\n<\/tr>\n<tr>\n<td class=\"tfecha\">06\/05\/2013 &#8211;<\/td>\n<td class=\"titem\"><a href=\"http:\/\/www.clipmedia.net\/ficheros\/2013\/05_may\/sy361.pdf\" target=\"_blank\">30 alzas de impuestos en 16 meses<\/a><\/td>\n<td align=\"right\" class=\"tfuente\">El Mundo<\/td>\n<\/tr>\n<tr>\n<td class=\"tfecha\">06\/05\/2013 &#8211;<\/td>\n<td class=\"titem\"><a href=\"http:\/\/www.clipmedia.net\/ficheros\/2013\/05_may\/sy367.pdf\" target=\"_blank\">Es improcedente el despido si la comunicaci\u00f3n va sin fecha<\/a><\/td>\n<td align=\"right\" class=\"tfuente\">El Economista<\/td>\n<\/tr>\n<tr>\n<td class=\"tfecha\">05\/05\/2013 &#8211;<\/td>\n<td class=\"titem\"><a href=\"http:\/\/www.clipmedia.net\/ficheros\/2013\/05_may\/sy369.pdf\" target=\"_blank\">El Gobierno eliminar\u00e1 trabas para crear nuevos negocios<\/a><\/td>\n<td align=\"right\" class=\"tfuente\">El Peri\u00f3dico de Catalunya<\/td>\n<\/tr>\n<tr>\n<td class=\"tfecha\">04\/05\/2013 &#8211;<\/td>\n<td class=\"titem\"><a href=\"http:\/\/www.clipmedia.net\/ficheros\/2013\/05_may\/sy373.pdf\" target=\"_blank\">Los jueces podr\u00e1n revisar de oficio las cl\u00e1usulas abusivas<\/a><\/td>\n<td align=\"right\" class=\"tfuente\">La Vanguardia<\/td>\n<\/tr>\n<tr>\n<td class=\"tfecha\">06\/05\/2013 &#8211;<\/td>\n<td class=\"titem\"><a href=\"http:\/\/www.clipmedia.net\/ficheros\/2013\/05_may\/sy353.pdf\" target=\"_blank\">Editorial &#8211; Sal\u00f3n del Autom\u00f3vil con buenos augurios<\/a><\/td>\n<td align=\"right\" class=\"tfuente\">La Vanguardia<\/td>\n<\/tr>\n<tr>\n<td class=\"tfecha\">04\/05\/2013 &#8211;<\/td>\n<td class=\"titem\"><a href=\"http:\/\/www.clipmedia.net\/ficheros\/2013\/05_may\/sy358.pdf\" target=\"_blank\">El plan PIVE 2 hace subir las ventas de coches un 11% en abril<\/a><\/td>\n<td align=\"right\" class=\"tfuente\">ABC<\/td>\n<\/tr>\n<tr>\n<td class=\"tfecha\">05\/05\/2013 &#8211;<\/td>\n<td class=\"titem\"><a href=\"http:\/\/www.clipmedia.net\/ficheros\/2013\/05_may\/sy359.pdf\" target=\"_blank\">Autoescuelas y funerarias podr\u00e1n abrir sin licencia<\/a><\/td>\n<td align=\"right\" class=\"tfuente\">La Raz\u00f3n<\/td>\n<\/tr>\n<tr>\n<td class=\"tfecha\">04\/05\/2013 &#8211;<\/td>\n<td class=\"titem\"><a href=\"http:\/\/www.clipmedia.net\/ficheros\/2013\/05_may\/sy363.pdf\" target=\"_blank\">No se ceder\u00e1 a Catalu\u00f1a la gesti\u00f3n del Plan PIMA<\/a><\/td>\n<td align=\"right\" class=\"tfuente\">El Mundo<\/td>\n<\/tr>\n<tr>\n<td class=\"tfecha\">06\/05\/2013 &#8211;<\/td>\n<td class=\"titem\"><a href=\"http:\/\/www.clipmedia.net\/ficheros\/2013\/05_may\/sy332.pdf\" target=\"_blank\">UGT cree que el todoterreno de Seat se fabricar\u00e1 en Martorell<\/a><\/td>\n<td align=\"right\" class=\"tfuente\">Cinco D\u00edas<\/td>\n<\/tr>\n<tr>\n<td class=\"tfecha\">04\/05\/2013 &#8211;<\/td>\n<td class=\"titem\"><a href=\"http:\/\/www.clipmedia.net\/ficheros\/2013\/05_may\/sy374.pdf\" target=\"_blank\">Los particulares protagonizan la primera alza de venta de coches en siete meses<\/a><\/td>\n<td align=\"right\" class=\"tfuente\">Cinco D\u00edas<\/td>\n<\/tr>\n<tr>\n<td class=\"tfecha\">06\/05\/2013 &#8211;<\/td>\n<td class=\"titem\"><a href=\"http:\/\/www.clipmedia.net\/ficheros\/2013\/05_may\/sy355.pdf\" target=\"_blank\">C\u00f3mo buscar empleo a trav\u00e9s del &#8216;smartphone&#8217;<\/a><\/td>\n<td align=\"right\" class=\"tfuente\">Expansi\u00f3n<\/td>\n<\/tr>\n<tr>\n<td class=\"tfecha\">06\/05\/2013 &#8211;<\/td>\n<td class=\"titem\"><a href=\"http:\/\/www.clipmedia.net\/ficheros\/2013\/05_may\/sy350.pdf\" target=\"_blank\">El eur\u00edbor se cuela en las aulas<\/a><\/td>\n<td align=\"right\" class=\"tfuente\">El Pa\u00eds<\/td>\n<\/tr>\n<tr>\n<td class=\"tfecha\">06\/05\/2013 &#8211;<\/td>\n<td class=\"titem\"><a href=\"http:\/\/www.clipmedia.net\/ficheros\/2013\/05_may\/sy365.pdf\" target=\"_blank\">El 50% de los ejecutivos pide m\u00e1s educaci\u00f3n en sus pa\u00edses<\/a><\/td>\n<td align=\"right\" class=\"tfuente\">El Economista<\/td>\n<\/tr>\n<tr>\n<td class=\"tfecha\">06\/05\/2013 &#8211;<\/td>\n<td class=\"titem\"><a href=\"http:\/\/www.clipmedia.net\/ficheros\/2013\/05_may\/sy368.pdf\" target=\"_blank\">S\u00f3lo 16.000 aut\u00f3nomos pueden acceder a programas de formaci\u00f3n<\/a><\/td>\n<td align=\"right\" class=\"tfuente\">El Economista<\/td>\n<\/tr>\n<tr>\n<td class=\"tfecha\">06\/05\/2013 &#8211;<\/td>\n<td class=\"titem\"><a href=\"http:\/\/www.clipmedia.net\/ficheros\/2013\/05_may\/sy326.pdf\" target=\"_blank\">El PSOE propone una intervenci\u00f3n masiva del Estado contra la crisis<\/a><\/td>\n<td align=\"right\" class=\"tfuente\">El Pa\u00eds<\/td>\n<\/tr>\n<tr>\n<td class=\"tfecha\">06\/05\/2013 &#8211;<\/td>\n<td class=\"titem\"><a href=\"http:\/\/www.clipmedia.net\/ficheros\/2013\/05_may\/sy349.pdf\" target=\"_blank\">Los sindicatos piden m\u00e1s tiempo para los convenios en debate<\/a><\/td>\n<td align=\"right\" class=\"tfuente\">El Pa\u00eds<\/td>\n<\/tr>\n<tr>\n<td class=\"tfecha\">06\/05\/2013 &#8211;<\/td>\n<td class=\"titem\"><a href=\"http:\/\/www.clipmedia.net\/ficheros\/2013\/05_may\/sy352.pdf\" target=\"_blank\">Otra vuelta de tuerca a las pensiones<\/a><\/td>\n<td align=\"right\" class=\"tfuente\">La Vanguardia<\/td>\n<\/tr>\n<tr>\n<td class=\"tfecha\">06\/05\/2013 &#8211;<\/td>\n<td class=\"titem\"><a href=\"http:\/\/www.clipmedia.net\/ficheros\/2013\/05_may\/sy354.pdf\" target=\"_blank\">Crea una pyme que trabaje para otras compa\u00f1\u00edas<\/a><\/td>\n<td align=\"right\" class=\"tfuente\">Expansi\u00f3n<\/td>\n<\/tr>\n<tr>\n<td class=\"tfecha\">06\/05\/2013 &#8211;<\/td>\n<td class=\"titem\"><a href=\"http:\/\/www.clipmedia.net\/ficheros\/2013\/05_may\/sy366.pdf\" target=\"_blank\">Faltan ajustes: el empleo cae un 23% en el sector privado y un 3% en el p\u00fablico<\/a><\/td>\n<td align=\"right\" class=\"tfuente\">El Economista<\/td>\n<\/tr>\n<tr>\n<td class=\"tfecha\">05\/05\/2013 &#8211;<\/td>\n<td class=\"titem\"><a href=\"http:\/\/www.clipmedia.net\/ficheros\/2013\/05_may\/sy370.pdf\" target=\"_blank\">El Rey quiere aumentar sus reuniones con agentes sociales y empresarios<\/a><\/td>\n<td align=\"right\" class=\"tfuente\">El Pa\u00eds<\/td>\n<\/tr>\n<tr>\n<td class=\"tfecha\">05\/05\/2013 &#8211;<\/td>\n<td class=\"titem\"><a href=\"http:\/\/www.clipmedia.net\/ficheros\/2013\/05_may\/sy372.pdf\" target=\"_blank\">Los empresarios aprietan a Rajoy<\/a><\/td>\n<td align=\"right\" class=\"tfuente\">El Pa\u00eds<\/td>\n<\/tr>\n<tr>\n<td class=\"tfecha\">06\/05\/2013 &#8211;<\/td>\n<td class=\"titem\"><a href=\"http:\/\/www.clipmedia.net\/ficheros\/2013\/05_may\/sy309.pdf\" target=\"_blank\">Rubalcaba plantea un plan integral para crecer y generar empleo <\/a><\/td>\n<td align=\"right\" class=\"tfuente\">El Mundo<\/td>\n<\/tr>\n<tr>\n<td class=\"tfecha\">06\/05\/2013 &#8211;<\/td>\n<td class=\"titem\"><a href=\"http:\/\/www.clipmedia.net\/ficheros\/2013\/05_may\/sy311.pdf\" target=\"_blank\">James Mirrlees, Premio Nobel de Econom\u00eda en 1996: &quot;Espa\u00f1a necesita salir del euro e imprimir dinero para inversiones&quot;<\/a><\/td>\n<td align=\"right\" class=\"tfuente\">Expansi\u00f3n<\/td>\n<\/tr>\n<tr>\n<td class=\"tfecha\">06\/05\/2013 &#8211;<\/td>\n<td class=\"titem\"><a href=\"http:\/\/www.clipmedia.net\/ficheros\/2013\/05_may\/sy351.pdf\" target=\"_blank\">Europa fuerza a las entidades sanas a crear sus propios bancos malos<\/a><\/td>\n<td align=\"right\" class=\"tfuente\">La Vanguardia<\/td>\n<\/tr>\n<tr>\n<td class=\"tfecha\">06\/05\/2013 &#8211;<\/td>\n<td class=\"titem\"><a href=\"http:\/\/www.clipmedia.net\/ficheros\/2013\/05_may\/sy364.pdf\" target=\"_blank\">La diferencia entre el alquiler m\u00e1s barato y el m\u00e1s caro roza el 55%<\/a><\/td>\n<td align=\"right\" class=\"tfuente\">El Economista<\/td>\n<\/tr>\n<tr>\n<td colspan=\"3\">&nbsp;<\/td>\n<\/tr>\n<tr>\n<td colspan=\"3\" class=\"tgrupo\"><img loading=\"lazy\" decoding=\"async\" src=\"http:\/\/www.gestoresalicante.org\/img\/newsletter\/picto.jpg\" width=\"20\" height=\"18\" align=\"absmiddle\" style=\"margin-right: 4px;\"> <strong>B.O.E<\/strong><\/td>\n<\/tr>\n<tr>\n<td colspan=\"3\">(No hay registros)<\/td>\n<\/tr>\n<\/table>\n<\/div>\n","protected":false},"excerpt":{"rendered":"<p>04\/05\/2013 &#8211; 06\/05\/2013 &nbsp; Consejo General de los Colegios de Gestores Administrativos 05\/05\/2013 &#8211; M\u00aa Teresa Gonz\u00e1lez, Delegada del Colegio de Gestores en Valladolid: &quot;Hacer la declaraci\u00f3n con un profesional, el mejor consejo&quot; El Norte de Castilla 05\/05\/2013 &#8211; Obituarios &hellip; <a href=\"https:\/\/www.gestoresalicante.org\/blog\/index.php\/2013\/05\/06\/resumen-de-prensa-04-05-2013\/\">Sigue leyendo <span class=\"meta-nav\">&rarr;<\/span><\/a><\/p>\n","protected":false},"author":4,"featured_media":0,"comment_status":"closed","ping_status":"closed","sticky":false,"template":"","format":"standard","meta":{"footnotes":""},"categories":[6],"tags":[],"class_list":["post-374","post","type-post","status-publish","format-standard","hentry","category-resumendeprensa"],"_links":{"self":[{"href":"https:\/\/www.gestoresalicante.org\/blog\/index.php\/wp-json\/wp\/v2\/posts\/374","targetHints":{"allow":["GET"]}}],"collection":[{"href":"https:\/\/www.gestoresalicante.org\/blog\/index.php\/wp-json\/wp\/v2\/posts"}],"about":[{"href":"https:\/\/www.gestoresalicante.org\/blog\/index.php\/wp-json\/wp\/v2\/types\/post"}],"author":[{"embeddable":true,"href":"https:\/\/www.gestoresalicante.org\/blog\/index.php\/wp-json\/wp\/v2\/users\/4"}],"replies":[{"embeddable":true,"href":"https:\/\/www.gestoresalicante.org\/blog\/index.php\/wp-json\/wp\/v2\/comments?post=374"}],"version-history":[{"count":0,"href":"https:\/\/www.gestoresalicante.org\/blog\/index.php\/wp-json\/wp\/v2\/posts\/374\/revisions"}],"wp:attachment":[{"href":"https:\/\/www.gestoresalicante.org\/blog\/index.php\/wp-json\/wp\/v2\/media?parent=374"}],"wp:term":[{"taxonomy":"category","embeddable":true,"href":"https:\/\/www.gestoresalicante.org\/blog\/index.php\/wp-json\/wp\/v2\/categories?post=374"},{"taxonomy":"post_tag","embeddable":true,"href":"https:\/\/www.gestoresalicante.org\/blog\/index.php\/wp-json\/wp\/v2\/tags?post=374"}],"curies":[{"name":"wp","href":"https:\/\/api.w.org\/{rel}","templated":true}]}}