{"id":380,"date":"2013-05-07T09:00:00","date_gmt":"2013-05-07T08:00:00","guid":{"rendered":"http:\/\/www.gestoresalicante.org\/blog\/index.php\/2013\/05\/07\/resumen-de-prensa-07-05-2013\/"},"modified":"-0001-11-30T00:00:00","modified_gmt":"-0001-11-29T22:00:00","slug":"resumen-de-prensa-07-05-2013","status":"publish","type":"post","link":"https:\/\/www.gestoresalicante.org\/blog\/index.php\/2013\/05\/07\/resumen-de-prensa-07-05-2013\/","title":{"rendered":"Resumen de Prensa 07-05-2013"},"content":{"rendered":"<div class=\"nboletin\">\n<table width=\"90%\" cellpadding=\"4\">\n<tr>\n<td colspan=\"3\">\n<div style=\"background-color: #CCCCCC;padding: 4px 10px 4px 10px;width: 100%;border: 1px #414141 solid;\"><img decoding=\"async\" alt=\"Consejo de Gestores\" src=\"http:\/\/www.gestoresalicante.org\/img\/newsletter\/conges.jpg\" width=226 height=70><\/div>\n<\/td>\n<\/tr>\n<tr>\n<td align=\"right\" colspan=\"3\"><strong>07\/05\/2013 <\/strong><\/td>\n<\/tr>\n<tr>\n<td colspan=\"3\">&nbsp;<\/td>\n<\/tr>\n<tr>\n<td colspan=\"3\" class=\"tgrupo\"><img loading=\"lazy\" decoding=\"async\" src=\"http:\/\/www.gestoresalicante.org\/img\/newsletter\/picto.jpg\" width=\"20\" height=\"18\" align=\"absmiddle\" style=\"margin-right: 4px;\"> <strong>Consejo General de los Colegios de Gestores Administrativos<\/strong><\/td>\n<\/tr>\n<tr>\n<td class=\"tfecha\">07\/05\/2013 &#8211;<\/td>\n<td class=\"titem\"><a href=\"http:\/\/www.clipmedia.net\/ficheros\/2013\/05_may\/sy428.pdf\" target=\"_blank\">Els gestors volen un marc fiscal per a les pimes<\/a>Los gestores quieren un merco fiscal para las pimes<\/td>\n<td align=\"right\" class=\"tfuente\">El Peri\u00f3dico de Catalunya<\/td>\n<\/tr>\n<tr>\n<td class=\"tfecha\">07\/05\/2013 &#8211;<\/td>\n<td class=\"titem\"><a href=\"http:\/\/www.clipmedia.net\/ficheros\/2013\/05_may\/sy429.pdf\" target=\"_blank\">Los gestores piden un marco fiscal para las pymes<\/a><\/td>\n<td align=\"right\" class=\"tfuente\">El Peri\u00f3dico de Catalunya<\/td>\n<\/tr>\n<tr>\n<td class=\"tfecha\">07\/05\/2013 &#8211;<\/td>\n<td class=\"titem\"><a href=\"http:\/\/www.clipmedia.net\/ficheros\/2013\/05_may\/sy425.pdf\" target=\"_blank\">Els gestors catalans reclamen un millor tracte fiscal a les pimes<\/a>Los gestores catalanes reclaman un mejor trato fiscal a las pymes<\/td>\n<td align=\"right\" class=\"tfuente\">Diari de Girona<\/td>\n<\/tr>\n<tr>\n<td class=\"tfecha\">07\/05\/2013 &#8211;<\/td>\n<td class=\"titem\"><a href=\"http:\/\/www.clipmedia.net\/ficheros\/2013\/05_may\/sy426.pdf\" target=\"_blank\">Els gestors reclamen a l&#8217;executiu central un millor tracte fiscal per a les pimes<\/a>Los gestores reclaman al Ejecutivo central un mejor trato fiscal para las pymes<\/td>\n<td align=\"right\" class=\"tfuente\">Regi\u00f3 7<\/td>\n<\/tr>\n<tr>\n<td class=\"tfecha\">07\/05\/2013 &#8211;<\/td>\n<td class=\"titem\"><a href=\"http:\/\/www.clipmedia.net\/ficheros\/2013\/05_may\/sy427.pdf\" target=\"_blank\">Josep Esta\u00f1ol Santacreu<\/a><\/td>\n<td align=\"right\" class=\"tfuente\">Segre<\/td>\n<\/tr>\n<tr>\n<td class=\"tfecha\">06\/05\/2013 &#8211;<\/td>\n<td class=\"titem\"><a href=\"http:\/\/www.clipmedia.net\/ficheros\/2013\/05_may\/sy432.pdf\" target=\"_blank\">Los gestores catalanes piden cambios tributarios para no &#8216;asfixiar&#8217; a las pymes<\/a><\/td>\n<td align=\"right\" class=\"tfuente\">Europa Press<\/td>\n<\/tr>\n<tr>\n<td class=\"tfecha\">06\/05\/2013 &#8211;<\/td>\n<td class=\"titem\"><a href=\"http:\/\/www.clipmedia.net\/ficheros\/2013\/05_may\/sy433.pdf\" target=\"_blank\">Los gestores catalanes piden cambios tributarios para no &#8216;asfixiar&#8217; a las pymes<\/a><\/td>\n<td align=\"right\" class=\"tfuente\">Gentedigital.es<\/td>\n<\/tr>\n<tr>\n<td class=\"tfecha\">06\/05\/2013 &#8211;<\/td>\n<td class=\"titem\"><a href=\"http:\/\/www.clipmedia.net\/ficheros\/2013\/05_may\/sy434.pdf\" target=\"_blank\">Los gestores catalanes piden cambios tributarios para no &#8216;asfixiar&#8217; a las pymes<\/a><\/td>\n<td align=\"right\" class=\"tfuente\">Terra<\/td>\n<\/tr>\n<tr>\n<td class=\"tfecha\">06\/05\/2013 &#8211;<\/td>\n<td class=\"titem\"><a href=\"http:\/\/www.clipmedia.net\/ficheros\/2013\/05_may\/sy435.pdf\" target=\"_blank\">Los gestores catalanes piden cambios tributarios para no &#8216;asfixiar&#8217; a las pymes<\/a><\/td>\n<td align=\"right\" class=\"tfuente\">Diario Siglo XXI<\/td>\n<\/tr>\n<tr>\n<td class=\"tfecha\">06\/05\/2013 &#8211;<\/td>\n<td class=\"titem\"><a href=\"http:\/\/www.clipmedia.net\/ficheros\/2013\/05_may\/sy436.pdf\" target=\"_blank\">Los gestores catalanes piden cambios tributarios para no &#8216;asfixiar&#8217; a las pymes<\/a><\/td>\n<td align=\"right\" class=\"tfuente\">Finanzas.com<\/td>\n<\/tr>\n<tr>\n<td class=\"tfecha\">06\/05\/2013 &#8211;<\/td>\n<td class=\"titem\"><a href=\"http:\/\/www.clipmedia.net\/ficheros\/2013\/05_may\/sy437.pdf\" target=\"_blank\">Los gestores catalanes piden cambios tributarios para no &#8216;asfixiar&#8217; a las pymes<\/a><\/td>\n<td align=\"right\" class=\"tfuente\">La Informaci\u00f3n Digital.com<\/td>\n<\/tr>\n<tr>\n<td class=\"tfecha\">06\/05\/2013 &#8211;<\/td>\n<td class=\"titem\"><a href=\"http:\/\/www.clipmedia.net\/ficheros\/2013\/05_may\/sy438.pdf\" target=\"_blank\">Desgravaciones en la declaraci\u00f3n de la Renta 2012 de la Comunidad de Madrid<\/a><\/td>\n<td align=\"right\" class=\"tfuente\">Globedia<\/td>\n<\/tr>\n<tr>\n<td class=\"tfecha\">06\/05\/2013 &#8211;<\/td>\n<td class=\"titem\"><a href=\"http:\/\/www.clipmedia.net\/ficheros\/2013\/05_may\/sy440.pdf\" target=\"_blank\">Los gestores catalanes piden cambios tributarios para no &#8216;asfixiar&#8217; a las pymes<\/a><\/td>\n<td align=\"right\" class=\"tfuente\">LaVozlibre.com<\/td>\n<\/tr>\n<tr>\n<td class=\"tfecha\">06\/05\/2013 &#8211;<\/td>\n<td class=\"titem\"><a href=\"http:\/\/www.clipmedia.net\/ficheros\/2013\/05_may\/sy441.pdf\" target=\"_blank\">Los gestores catalanes piden cambios tributarios para no &#8216;asfixiar&#8217; a las pymes<\/a><\/td>\n<td align=\"right\" class=\"tfuente\">El Economista (digital)<\/td>\n<\/tr>\n<tr>\n<td class=\"tfecha\">06\/05\/2013 &#8211;<\/td>\n<td class=\"titem\"><a href=\"http:\/\/www.clipmedia.net\/ficheros\/2013\/05_may\/sy442.pdf\" target=\"_blank\">Los gestores catalanes piden cambios tributarios para no &#8216;asfixiar&#8217; a las pymes<\/a><\/td>\n<td align=\"right\" class=\"tfuente\">La Bolsa .com<\/td>\n<\/tr>\n<tr>\n<td class=\"tfecha\">06\/05\/2013 &#8211;<\/td>\n<td class=\"titem\"><a href=\"http:\/\/www.clipmedia.net\/ficheros\/2013\/05_may\/sy443.pdf\" target=\"_blank\">Los gestores catalanes piden cambios tributarios para no &#8216;asfixiar&#8217; a las pymes<\/a><\/td>\n<td align=\"right\" class=\"tfuente\">Telecinco<\/td>\n<\/tr>\n<tr>\n<td class=\"tfecha\">06\/05\/2013 &#8211;<\/td>\n<td class=\"titem\"><a href=\"http:\/\/www.clipmedia.net\/ficheros\/2013\/05_may\/sy444.pdf\" target=\"_blank\">Los gestores catalanes piden cambios tributarios para no &#8216;asfixiar&#8217; a las pymes<\/a><\/td>\n<td align=\"right\" class=\"tfuente\">Yahoo! Not\u00edcies<\/td>\n<\/tr>\n<tr>\n<td class=\"tfecha\">06\/05\/2013 &#8211;<\/td>\n<td class=\"titem\"><a href=\"http:\/\/www.clipmedia.net\/ficheros\/2013\/05_may\/sy445.pdf\" target=\"_blank\">Los gestores catalanes piden cambios tributarios para no &#8216;asfixiar&#8217; a las pymes<\/a><\/td>\n<td align=\"right\" class=\"tfuente\">El Derecho.com<\/td>\n<\/tr>\n<tr>\n<td class=\"tfecha\">06\/05\/2013 &#8211;<\/td>\n<td class=\"titem\"><a href=\"http:\/\/www.clipmedia.net\/ficheros\/2013\/05_may\/sy446.pdf\" target=\"_blank\">Los gestores catalanes piden cambios tributarios para no &#8216;asfixiar&#8217; a las pymes<\/a><\/td>\n<td align=\"right\" class=\"tfuente\">Globedia<\/td>\n<\/tr>\n<tr>\n<td class=\"tfecha\">07\/05\/2013 &#8211;<\/td>\n<td class=\"titem\"><a href=\"http:\/\/www.clipmedia.net\/ficheros\/2013\/05_may\/sy448.pdf\" target=\"_blank\">El procurador reducir\u00e1 de un mes a un d\u00eda el tiempo de los tr\u00e1mite judiciales<\/a><\/td>\n<td align=\"right\" class=\"tfuente\">El Economista<\/td>\n<\/tr>\n<tr>\n<td class=\"tfecha\">07\/05\/2013 &#8211;<\/td>\n<td class=\"titem\"><a href=\"http:\/\/www.clipmedia.net\/ficheros\/2013\/05_may\/sy449.pdf\" target=\"_blank\">Golpe a las redes de empresas para evitar pagar al acreedor<\/a><\/td>\n<td align=\"right\" class=\"tfuente\">El Economista<\/td>\n<\/tr>\n<tr>\n<td class=\"tfecha\">07\/05\/2013 &#8211;<\/td>\n<td class=\"titem\"><a href=\"http:\/\/www.clipmedia.net\/ficheros\/2013\/05_may\/sy454.pdf\" target=\"_blank\">Monago anuncia una rebaja de impuestos para impulsar la actividad<\/a><\/td>\n<td align=\"right\" class=\"tfuente\">Cinco D\u00edas<\/td>\n<\/tr>\n<tr>\n<td class=\"tfecha\">07\/05\/2013 &#8211;<\/td>\n<td class=\"titem\"><a href=\"http:\/\/www.clipmedia.net\/ficheros\/2013\/05_may\/sy401.pdf\" target=\"_blank\">Un tercio de declarantes paga el 52% de IRPF<\/a><\/td>\n<td align=\"right\" class=\"tfuente\">El Mundo<\/td>\n<\/tr>\n<tr>\n<td class=\"tfecha\">07\/05\/2013 &#8211;<\/td>\n<td class=\"titem\"><a href=\"http:\/\/www.clipmedia.net\/ficheros\/2013\/05_may\/sy397.pdf\" target=\"_blank\">Uno de cada cinco fallecidos en accidente de tr\u00e1fico era peat\u00f3n<\/a><\/td>\n<td align=\"right\" class=\"tfuente\">ABC<\/td>\n<\/tr>\n<tr>\n<td class=\"tfecha\">07\/05\/2013 &#8211;<\/td>\n<td class=\"titem\"><a href=\"http:\/\/www.clipmedia.net\/ficheros\/2013\/05_may\/sy398.pdf\" target=\"_blank\">Un sistema de frenos para reducir 350.000 accidentes al a\u00f1o en la UE<\/a><\/td>\n<td align=\"right\" class=\"tfuente\">ABC<\/td>\n<\/tr>\n<tr>\n<td class=\"tfecha\">07\/05\/2013 &#8211;<\/td>\n<td class=\"titem\"><a href=\"http:\/\/www.clipmedia.net\/ficheros\/2013\/05_may\/sy455.pdf\" target=\"_blank\">Autopistas m\u00e1s rentables a 130 kil\u00f3metros por hora<\/a><\/td>\n<td align=\"right\" class=\"tfuente\">Expansi\u00f3n<\/td>\n<\/tr>\n<tr>\n<td class=\"tfecha\">07\/05\/2013 &#8211;<\/td>\n<td class=\"titem\"><a href=\"http:\/\/www.clipmedia.net\/ficheros\/2013\/05_may\/sy450.pdf\" target=\"_blank\">Sepa c\u00f3mo gestionar su marca si est\u00e1 en Facebook<\/a><\/td>\n<td align=\"right\" class=\"tfuente\">El Economista<\/td>\n<\/tr>\n<tr>\n<td class=\"tfecha\">07\/05\/2013 &#8211;<\/td>\n<td class=\"titem\"><a href=\"http:\/\/www.clipmedia.net\/ficheros\/2013\/05_may\/sy458.pdf\" target=\"_blank\">Rusia quiere formar profesionales de turismo en Catalunya<\/a><\/td>\n<td align=\"right\" class=\"tfuente\">Expansi\u00f3n<\/td>\n<\/tr>\n<tr>\n<td class=\"tfecha\">07\/05\/2013 &#8211;<\/td>\n<td class=\"titem\"><a href=\"http:\/\/www.clipmedia.net\/ficheros\/2013\/05_may\/sy431.pdf\" target=\"_blank\">Los aut\u00f3nomos piden a Montoro menos tributos y cobrar a 30 d\u00edas<\/a><\/td>\n<td align=\"right\" class=\"tfuente\">El Peri\u00f3dico de Catalunya<\/td>\n<\/tr>\n<tr>\n<td class=\"tfecha\">07\/05\/2013 &#8211;<\/td>\n<td class=\"titem\"><a href=\"http:\/\/www.clipmedia.net\/ficheros\/2013\/05_may\/sy447.pdf\" target=\"_blank\">El paro registrado baja de 5 millones y encadena dos meses de descenso <\/a><\/td>\n<td align=\"right\" class=\"tfuente\">El Economista<\/td>\n<\/tr>\n<tr>\n<td class=\"tfecha\">07\/05\/2013 &#8211;<\/td>\n<td class=\"titem\"><a href=\"http:\/\/www.clipmedia.net\/ficheros\/2013\/05_may\/sy451.pdf\" target=\"_blank\">El turismo alivia la ca\u00edda laboral<\/a><\/td>\n<td align=\"right\" class=\"tfuente\">El Pa\u00eds<\/td>\n<\/tr>\n<tr>\n<td class=\"tfecha\">07\/05\/2013 &#8211;<\/td>\n<td class=\"titem\"><a href=\"http:\/\/www.clipmedia.net\/ficheros\/2013\/05_may\/sy452.pdf\" target=\"_blank\">La duraci\u00f3n de la crisis y los recortes reducen la factura del paro<\/a><\/td>\n<td align=\"right\" class=\"tfuente\">El Pa\u00eds<\/td>\n<\/tr>\n<tr>\n<td class=\"tfecha\">07\/05\/2013 &#8211;<\/td>\n<td class=\"titem\"><a href=\"http:\/\/www.clipmedia.net\/ficheros\/2013\/05_may\/sy453.pdf\" target=\"_blank\">Espa\u00f1a e Italia dar\u00e1n la batalla para que Bruselas act\u00fae en junio contra el paro<\/a><\/td>\n<td align=\"right\" class=\"tfuente\">Cinco D\u00edas<\/td>\n<\/tr>\n<tr>\n<td class=\"tfecha\">07\/05\/2013 &#8211;<\/td>\n<td class=\"titem\"><a href=\"http:\/\/www.clipmedia.net\/ficheros\/2013\/05_may\/sy405.pdf\" target=\"_blank\">Frente com\u00fan de Rajoy y Letta para exigir medidas contra el paro juvenil<\/a><\/td>\n<td align=\"right\" class=\"tfuente\">Expansi\u00f3n<\/td>\n<\/tr>\n<tr>\n<td class=\"tfecha\">06\/05\/2013 &#8211;<\/td>\n<td class=\"titem\"><a href=\"http:\/\/www.clipmedia.net\/ficheros\/2013\/05_may\/sy393.pdf\" target=\"_blank\">Los veinticinco sectores que s\u00ed crean empleo<\/a><\/td>\n<td align=\"right\" class=\"tfuente\">Expansi\u00f3n (digital)<\/td>\n<\/tr>\n<tr>\n<td class=\"tfecha\">07\/05\/2013 &#8211;<\/td>\n<td class=\"titem\"><a href=\"http:\/\/www.clipmedia.net\/ficheros\/2013\/05_may\/sy456.pdf\" target=\"_blank\">Ocho grupos pujan por la divisi\u00f3n inmobiliaria de Catalunya Banc<\/a><\/td>\n<td align=\"right\" class=\"tfuente\">Expansi\u00f3n<\/td>\n<\/tr>\n<tr>\n<td class=\"tfecha\">07\/05\/2013 &#8211;<\/td>\n<td class=\"titem\"><a href=\"http:\/\/www.clipmedia.net\/ficheros\/2013\/05_may\/sy457.pdf\" target=\"_blank\">Barcelona tiene 1.800 viviendas paralizadas<\/a><\/td>\n<td align=\"right\" class=\"tfuente\">Expansi\u00f3n<\/td>\n<\/tr>\n<tr>\n<td colspan=\"3\">&nbsp;<\/td>\n<\/tr>\n<tr>\n<td colspan=\"3\" class=\"tgrupo\"><img loading=\"lazy\" decoding=\"async\" src=\"http:\/\/www.gestoresalicante.org\/img\/newsletter\/picto.jpg\" width=\"20\" height=\"18\" align=\"absmiddle\" style=\"margin-right: 4px;\"> <strong>B.O.E<\/strong><\/td>\n<\/tr>\n<tr>\n<td colspan=\"3\">(No hay registros)<\/td>\n<\/tr>\n<\/table>\n<\/div>\n","protected":false},"excerpt":{"rendered":"<p>07\/05\/2013 &nbsp; Consejo General de los Colegios de Gestores Administrativos 07\/05\/2013 &#8211; Els gestors volen un marc fiscal per a les pimesLos gestores quieren un merco fiscal para las pimes El Peri\u00f3dico de Catalunya 07\/05\/2013 &#8211; Los gestores piden un &hellip; <a href=\"https:\/\/www.gestoresalicante.org\/blog\/index.php\/2013\/05\/07\/resumen-de-prensa-07-05-2013\/\">Sigue leyendo <span class=\"meta-nav\">&rarr;<\/span><\/a><\/p>\n","protected":false},"author":4,"featured_media":0,"comment_status":"closed","ping_status":"closed","sticky":false,"template":"","format":"standard","meta":{"footnotes":""},"categories":[6],"tags":[],"class_list":["post-380","post","type-post","status-publish","format-standard","hentry","category-resumendeprensa"],"_links":{"self":[{"href":"https:\/\/www.gestoresalicante.org\/blog\/index.php\/wp-json\/wp\/v2\/posts\/380","targetHints":{"allow":["GET"]}}],"collection":[{"href":"https:\/\/www.gestoresalicante.org\/blog\/index.php\/wp-json\/wp\/v2\/posts"}],"about":[{"href":"https:\/\/www.gestoresalicante.org\/blog\/index.php\/wp-json\/wp\/v2\/types\/post"}],"author":[{"embeddable":true,"href":"https:\/\/www.gestoresalicante.org\/blog\/index.php\/wp-json\/wp\/v2\/users\/4"}],"replies":[{"embeddable":true,"href":"https:\/\/www.gestoresalicante.org\/blog\/index.php\/wp-json\/wp\/v2\/comments?post=380"}],"version-history":[{"count":0,"href":"https:\/\/www.gestoresalicante.org\/blog\/index.php\/wp-json\/wp\/v2\/posts\/380\/revisions"}],"wp:attachment":[{"href":"https:\/\/www.gestoresalicante.org\/blog\/index.php\/wp-json\/wp\/v2\/media?parent=380"}],"wp:term":[{"taxonomy":"category","embeddable":true,"href":"https:\/\/www.gestoresalicante.org\/blog\/index.php\/wp-json\/wp\/v2\/categories?post=380"},{"taxonomy":"post_tag","embeddable":true,"href":"https:\/\/www.gestoresalicante.org\/blog\/index.php\/wp-json\/wp\/v2\/tags?post=380"}],"curies":[{"name":"wp","href":"https:\/\/api.w.org\/{rel}","templated":true}]}}