{"id":389,"date":"2013-05-16T09:00:00","date_gmt":"2013-05-16T08:00:00","guid":{"rendered":"http:\/\/www.gestoresalicante.org\/blog\/index.php\/2013\/05\/16\/resumen-de-prensa-16-05-2013\/"},"modified":"-0001-11-30T00:00:00","modified_gmt":"-0001-11-29T22:00:00","slug":"resumen-de-prensa-16-05-2013","status":"publish","type":"post","link":"https:\/\/www.gestoresalicante.org\/blog\/index.php\/2013\/05\/16\/resumen-de-prensa-16-05-2013\/","title":{"rendered":"Resumen de Prensa 16-05-2013"},"content":{"rendered":"<div class=\"nboletin\">\n<table width=\"90%\" cellpadding=\"4\">\n<tr>\n<td colspan=\"3\">\n<div style=\"background-color: #CCCCCC;padding: 4px 10px 4px 10px;width: 100%;border: 1px #414141 solid;\"><img decoding=\"async\" alt=\"Consejo de Gestores\" src=\"http:\/\/www.gestoresalicante.org\/img\/newsletter\/conges.jpg\" width=226 height=70><\/div>\n<\/td>\n<\/tr>\n<tr>\n<td align=\"right\" colspan=\"3\"><strong>16\/05\/2013 <\/strong><\/td>\n<\/tr>\n<tr>\n<td colspan=\"3\">&nbsp;<\/td>\n<\/tr>\n<tr>\n<td colspan=\"3\" class=\"tgrupo\"><img loading=\"lazy\" decoding=\"async\" src=\"http:\/\/www.gestoresalicante.org\/img\/newsletter\/picto.jpg\" width=\"20\" height=\"18\" align=\"absmiddle\" style=\"margin-right: 4px;\"> <strong>Consejo General de los Colegios de Gestores Administrativos<\/strong><\/td>\n<\/tr>\n<tr>\n<td class=\"tfecha\">16\/05\/2013 &#8211;<\/td>\n<td class=\"titem\"><a href=\"http:\/\/www.clipmedia.net\/ficheros\/2013\/05_may\/sz085.pdf\" target=\"_blank\">Alianza para reactivar las ventas de coches<\/a><\/td>\n<td align=\"right\" class=\"tfuente\">El Mundo<\/td>\n<\/tr>\n<tr>\n<td class=\"tfecha\">16\/05\/2013 &#8211;<\/td>\n<td class=\"titem\"><a href=\"http:\/\/www.clipmedia.net\/ficheros\/2013\/05_may\/sz088.pdf\" target=\"_blank\">Els Gestors demanen canvis<\/a>Los Gestores piden cambios<\/td>\n<td align=\"right\" class=\"tfuente\">Segre<\/td>\n<\/tr>\n<tr>\n<td class=\"tfecha\">16\/05\/2013 &#8211;<\/td>\n<td class=\"titem\"><a href=\"http:\/\/www.clipmedia.net\/ficheros\/2013\/05_may\/sz087.pdf\" target=\"_blank\">La desconfianza en la Administraci\u00f3n multiplica las consultas sobre la renta<\/a><\/td>\n<td align=\"right\" class=\"tfuente\">El Ideal Gallego<\/td>\n<\/tr>\n<tr>\n<td class=\"tfecha\">15\/05\/2013 &#8211;<\/td>\n<td class=\"titem\"><a href=\"http:\/\/www.clipmedia.net\/ficheros\/2013\/05_may\/sz083.pdf\" target=\"_blank\">Gestors administratius i Gremi del Motor s&#8217;alien per reactivar les vendes<\/a>Gestores administrativos y Gremio del Motor se al\u00edan para reactivar ventas<\/td>\n<td align=\"right\" class=\"tfuente\">Europa Press<\/td>\n<\/tr>\n<tr>\n<td class=\"tfecha\">15\/05\/2013 &#8211;<\/td>\n<td class=\"titem\"><a href=\"http:\/\/www.clipmedia.net\/ficheros\/2013\/05_may\/sz084.pdf\" target=\"_blank\">Gestors administratius i Gremi del Motor s&#8217;alien per reactivar les vendes<\/a>Gestores administrativos y Gremio del Motor se al\u00edan para reactivar ventas<\/td>\n<td align=\"right\" class=\"tfuente\">Vilaweb<\/td>\n<\/tr>\n<tr>\n<td class=\"tfecha\">15\/05\/2013 &#8211;<\/td>\n<td class=\"titem\"><a href=\"http:\/\/www.clipmedia.net\/ficheros\/2013\/05_may\/sz076.pdf\" target=\"_blank\">Gestores administrativos de Catalu\u00f1a y el Gremio del Motor se al\u00edan para reactivar las ventas de coches<\/a><\/td>\n<td align=\"right\" class=\"tfuente\">Yahoo! Not\u00edcies<\/td>\n<\/tr>\n<tr>\n<td class=\"tfecha\">15\/05\/2013 &#8211;<\/td>\n<td class=\"titem\"><a href=\"http:\/\/www.clipmedia.net\/ficheros\/2013\/05_may\/sz077.pdf\" target=\"_blank\">Gestores administrativos de Catalu\u00f1a y el Gremio del Motor se al\u00edan para reactivar las ventas de coches<\/a><\/td>\n<td align=\"right\" class=\"tfuente\">Diario Siglo XXI<\/td>\n<\/tr>\n<tr>\n<td class=\"tfecha\">15\/05\/2013 &#8211;<\/td>\n<td class=\"titem\"><a href=\"http:\/\/www.clipmedia.net\/ficheros\/2013\/05_may\/sz078.pdf\" target=\"_blank\">Gestores administrativos de Catalu\u00f1a y el Gremio del Motor se al\u00edan para reactivar las ventas de coches<\/a><\/td>\n<td align=\"right\" class=\"tfuente\">Telecinco<\/td>\n<\/tr>\n<tr>\n<td class=\"tfecha\">15\/05\/2013 &#8211;<\/td>\n<td class=\"titem\"><a href=\"http:\/\/www.clipmedia.net\/ficheros\/2013\/05_may\/sz079.pdf\" target=\"_blank\">Gestores administrativos de Catalu\u00f1a y el Gremio del Motor se al\u00edan para reactivar las ventas de coches<\/a><\/td>\n<td align=\"right\" class=\"tfuente\">autocasion.com<\/td>\n<\/tr>\n<tr>\n<td class=\"tfecha\">15\/05\/2013 &#8211;<\/td>\n<td class=\"titem\"><a href=\"http:\/\/www.clipmedia.net\/ficheros\/2013\/05_may\/sz080.pdf\" target=\"_blank\">Gestores administrativos de Catalu\u00f1a y el Gremio del Motor se al\u00edan para reactivar las ventas de coches<\/a><\/td>\n<td align=\"right\" class=\"tfuente\">La Informaci\u00f3n Digital.com<\/td>\n<\/tr>\n<tr>\n<td class=\"tfecha\">15\/05\/2013 &#8211;<\/td>\n<td class=\"titem\"><a href=\"http:\/\/www.clipmedia.net\/ficheros\/2013\/05_may\/sz082.pdf\" target=\"_blank\">Gestores administrativos de Catalu\u00f1a y el Gremio del Motor se al\u00edan para reactivar las ventas de coches<\/a><\/td>\n<td align=\"right\" class=\"tfuente\">Globedia<\/td>\n<\/tr>\n<tr>\n<td class=\"tfecha\">15\/05\/2013 &#8211;<\/td>\n<td class=\"titem\"><a href=\"http:\/\/www.clipmedia.net\/ficheros\/2013\/05_may\/sz089.pdf\" target=\"_blank\">Gestores administrativos de Catalu\u00f1a y el Gremio del Motor se al\u00edan para reactivar las ventas de coches<\/a><\/td>\n<td align=\"right\" class=\"tfuente\">Europa Press<\/td>\n<\/tr>\n<tr>\n<td class=\"tfecha\">15\/05\/2013 &#8211;<\/td>\n<td class=\"titem\"><a href=\"http:\/\/www.clipmedia.net\/ficheros\/2013\/05_may\/sz090.pdf\" target=\"_blank\">Gestores administrativos y Gremio del Motor se al\u00edan para reactivar las ventas<\/a><\/td>\n<td align=\"right\" class=\"tfuente\">La Vanguardia (digital)<\/td>\n<\/tr>\n<tr>\n<td class=\"tfecha\">15\/05\/2013 &#8211;<\/td>\n<td class=\"titem\"><a href=\"http:\/\/www.clipmedia.net\/ficheros\/2013\/05_may\/sz091.pdf\" target=\"_blank\">Gestores administrativos y Gremio del Motor se al\u00edan para reactivar las ventas<\/a><\/td>\n<td align=\"right\" class=\"tfuente\">Te interesa.com<\/td>\n<\/tr>\n<tr>\n<td class=\"tfecha\">15\/05\/2013 &#8211;<\/td>\n<td class=\"titem\"><a href=\"http:\/\/www.clipmedia.net\/ficheros\/2013\/05_may\/sz092.pdf\" target=\"_blank\">Gestores administrativos y Gremio del Motor se al\u00edan para reactivar las ventas<\/a><\/td>\n<td align=\"right\" class=\"tfuente\">Gentedigital.es<\/td>\n<\/tr>\n<tr>\n<td class=\"tfecha\">15\/05\/2013 &#8211;<\/td>\n<td class=\"titem\"><a href=\"http:\/\/www.clipmedia.net\/ficheros\/2013\/05_may\/sz093.pdf\" target=\"_blank\">Gestores administrativos de Catalu\u00f1a y el Gremio del Motor se al\u00edan para reactivar las ventas de coches<\/a><\/td>\n<td align=\"right\" class=\"tfuente\">Terra<\/td>\n<\/tr>\n<tr>\n<td class=\"tfecha\">16\/05\/2013 &#8211;<\/td>\n<td class=\"titem\"><a href=\"http:\/\/www.clipmedia.net\/ficheros\/2013\/05_may\/sz059.pdf\" target=\"_blank\">\u00bfUna justicia bajo control?<\/a><\/td>\n<td align=\"right\" class=\"tfuente\">El Pa\u00eds<\/td>\n<\/tr>\n<tr>\n<td class=\"tfecha\">16\/05\/2013 &#8211;<\/td>\n<td class=\"titem\"><a href=\"http:\/\/www.clipmedia.net\/ficheros\/2013\/05_may\/sz098.pdf\" target=\"_blank\">Los deudores podr\u00e1n negociar quitas del 25% con la &#8216;segunda oportunidad&#8217;<\/a><\/td>\n<td align=\"right\" class=\"tfuente\">El Economista<\/td>\n<\/tr>\n<tr>\n<td class=\"tfecha\">16\/05\/2013 &#8211;<\/td>\n<td class=\"titem\"><a href=\"http:\/\/www.clipmedia.net\/ficheros\/2013\/05_may\/sz099.pdf\" target=\"_blank\">Los empresarios proteger\u00e1n sus bienes b\u00e1sicos frente al acreedor<\/a><\/td>\n<td align=\"right\" class=\"tfuente\">El Economista<\/td>\n<\/tr>\n<tr>\n<td class=\"tfecha\">16\/05\/2013 &#8211;<\/td>\n<td class=\"titem\"><a href=\"http:\/\/www.clipmedia.net\/ficheros\/2013\/05_may\/sz100.pdf\" target=\"_blank\">Espa\u00f1a &#8216;vender\u00e1&#8217; la residencia por inversiones m\u00ednimas de un mill\u00f3n<\/a><\/td>\n<td align=\"right\" class=\"tfuente\">El Economista<\/td>\n<\/tr>\n<tr>\n<td class=\"tfecha\">16\/05\/2013 &#8211;<\/td>\n<td class=\"titem\"><a href=\"http:\/\/www.clipmedia.net\/ficheros\/2013\/05_may\/sz107.pdf\" target=\"_blank\">Los procuradores competir\u00e1n con los abogados por los pleitos<\/a><\/td>\n<td align=\"right\" class=\"tfuente\">Expansi\u00f3n<\/td>\n<\/tr>\n<tr>\n<td class=\"tfecha\">16\/05\/2013 &#8211;<\/td>\n<td class=\"titem\"><a href=\"http:\/\/www.clipmedia.net\/ficheros\/2013\/05_may\/sz086.pdf\" target=\"_blank\">Detectores de ciclistas y &#8216;airbag&#8217; para peatones <\/a><\/td>\n<td align=\"right\" class=\"tfuente\">El Mundo<\/td>\n<\/tr>\n<tr>\n<td class=\"tfecha\">16\/05\/2013 &#8211;<\/td>\n<td class=\"titem\"><a href=\"http:\/\/www.clipmedia.net\/ficheros\/2013\/05_may\/sz096.pdf\" target=\"_blank\">La CE investiga las ayudas de Espa\u00f1a a Ford en Almussafes<\/a><\/td>\n<td align=\"right\" class=\"tfuente\">El Economista<\/td>\n<\/tr>\n<tr>\n<td class=\"tfecha\">16\/05\/2013 &#8211;<\/td>\n<td class=\"titem\"><a href=\"http:\/\/www.clipmedia.net\/ficheros\/2013\/05_may\/sz109.pdf\" target=\"_blank\">El plan PIVE II llega a las 70.000 reservas en dos meses<\/a><\/td>\n<td align=\"right\" class=\"tfuente\">Cinco D\u00edas<\/td>\n<\/tr>\n<tr>\n<td class=\"tfecha\">16\/05\/2013 &#8211;<\/td>\n<td class=\"titem\"><a href=\"http:\/\/www.clipmedia.net\/ficheros\/2013\/05_may\/sz110.pdf\" target=\"_blank\">Nissan comienza a fabricar en \u00c1vila un nuevo cami\u00f3n<\/a><\/td>\n<td align=\"right\" class=\"tfuente\">Cinco D\u00edas<\/td>\n<\/tr>\n<tr>\n<td class=\"tfecha\">16\/05\/2013 &#8211;<\/td>\n<td class=\"titem\"><a href=\"http:\/\/www.clipmedia.net\/ficheros\/2013\/05_may\/sz103.pdf\" target=\"_blank\">C\u00f3mo puedes usar LinkedIn para encontrar un trabajo<\/a><\/td>\n<td align=\"right\" class=\"tfuente\">Expansi\u00f3n<\/td>\n<\/tr>\n<tr>\n<td class=\"tfecha\">16\/05\/2013 &#8211;<\/td>\n<td class=\"titem\"><a href=\"http:\/\/www.clipmedia.net\/ficheros\/2013\/05_may\/sz104.pdf\" target=\"_blank\">Dec\u00e1logo para el blog de tu negocio<\/a><\/td>\n<td align=\"right\" class=\"tfuente\">Expansi\u00f3n<\/td>\n<\/tr>\n<tr>\n<td class=\"tfecha\">15\/05\/2013 &#8211;<\/td>\n<td class=\"titem\"><a href=\"http:\/\/www.clipmedia.net\/ficheros\/2013\/05_may\/sz094.pdf\" target=\"_blank\">Art\u00edculo de opini\u00f3n: Javier Sevilla &#8211; El futuro laboral de nuestros universitarios<\/a><\/td>\n<td align=\"right\" class=\"tfuente\">El Economista<\/td>\n<\/tr>\n<tr>\n<td class=\"tfecha\">15\/05\/2013 &#8211;<\/td>\n<td class=\"titem\"><a href=\"http:\/\/www.clipmedia.net\/ficheros\/2013\/05_may\/sz095.pdf\" target=\"_blank\">Nicholas Barr, Profesor de econom\u00eda p\u00fablica en la London School of Economics (LSE): &quot;Las aulas carecen de una formaci\u00f3n intelectual&quot;<\/a><\/td>\n<td align=\"right\" class=\"tfuente\">El Economista<\/td>\n<\/tr>\n<tr>\n<td class=\"tfecha\">16\/05\/2013 &#8211;<\/td>\n<td class=\"titem\"><a href=\"http:\/\/www.clipmedia.net\/ficheros\/2013\/05_may\/sz097.pdf\" target=\"_blank\">Extremadura tiene las mejores ayudas a aut\u00f3nomos, seg\u00fan ATA<\/a><\/td>\n<td align=\"right\" class=\"tfuente\">El Economista<\/td>\n<\/tr>\n<tr>\n<td class=\"tfecha\">16\/05\/2013 &#8211;<\/td>\n<td class=\"titem\"><a href=\"http:\/\/www.clipmedia.net\/ficheros\/2013\/05_may\/sz106.pdf\" target=\"_blank\">La crisis dispara un 120% la deuda de las empresas con la Seguridad Social<\/a><\/td>\n<td align=\"right\" class=\"tfuente\">Expansi\u00f3n<\/td>\n<\/tr>\n<tr>\n<td class=\"tfecha\">16\/05\/2013 &#8211;<\/td>\n<td class=\"titem\"><a href=\"http:\/\/www.clipmedia.net\/ficheros\/2013\/05_may\/sz112.pdf\" target=\"_blank\">Espa\u00f1a catea el examen de preparaci\u00f3n a la jubilaci\u00f3n<\/a><\/td>\n<td align=\"right\" class=\"tfuente\">Cinco D\u00edas<\/td>\n<\/tr>\n<tr>\n<td class=\"tfecha\">16\/05\/2013 &#8211;<\/td>\n<td class=\"titem\"><a href=\"http:\/\/www.clipmedia.net\/ficheros\/2013\/05_may\/sz113.pdf\" target=\"_blank\">Optimismo laboral en tiempos de crisis<\/a><\/td>\n<td align=\"right\" class=\"tfuente\">El Economista &#8211; Suplementos<\/td>\n<\/tr>\n<tr>\n<td class=\"tfecha\">16\/05\/2013 &#8211;<\/td>\n<td class=\"titem\"><a href=\"http:\/\/www.clipmedia.net\/ficheros\/2013\/05_may\/sz052.pdf\" target=\"_blank\">Nuevas tecnolog\u00edas, la clave para redefinir la econom\u00eda<\/a><\/td>\n<td align=\"right\" class=\"tfuente\">Expansi\u00f3n<\/td>\n<\/tr>\n<tr>\n<td class=\"tfecha\">16\/05\/2013 &#8211;<\/td>\n<td class=\"titem\"><a href=\"http:\/\/www.clipmedia.net\/ficheros\/2013\/05_may\/sz101.pdf\" target=\"_blank\">Taconic rescata un proyecto espa\u00f1ol en Nueva York<\/a><\/td>\n<td align=\"right\" class=\"tfuente\">Expansi\u00f3n<\/td>\n<\/tr>\n<tr>\n<td class=\"tfecha\">16\/05\/2013 &#8211;<\/td>\n<td class=\"titem\"><a href=\"http:\/\/www.clipmedia.net\/ficheros\/2013\/05_may\/sz102.pdf\" target=\"_blank\">Castell\u00f3n, Toledo y Almer\u00eda, las zonas con m\u00e1s &#8216;stock&#8217;<\/a><\/td>\n<td align=\"right\" class=\"tfuente\">Expansi\u00f3n<\/td>\n<\/tr>\n<tr>\n<td class=\"tfecha\">16\/05\/2013 &#8211;<\/td>\n<td class=\"titem\"><a href=\"http:\/\/www.clipmedia.net\/ficheros\/2013\/05_may\/sz105.pdf\" target=\"_blank\">Linde prepara una reforma para dar independencia a las tasadoras<\/a><\/td>\n<td align=\"right\" class=\"tfuente\">Expansi\u00f3n<\/td>\n<\/tr>\n<tr>\n<td class=\"tfecha\">16\/05\/2013 &#8211;<\/td>\n<td class=\"titem\"><a href=\"http:\/\/www.clipmedia.net\/ficheros\/2013\/05_may\/sz111.pdf\" target=\"_blank\">\u00bfEn qu\u00e9 han cambiado las condiciones de las hipotecas?<\/a><\/td>\n<td align=\"right\" class=\"tfuente\">Cinco D\u00edas<\/td>\n<\/tr>\n<tr>\n<td colspan=\"3\">&nbsp;<\/td>\n<\/tr>\n<tr>\n<td colspan=\"3\" class=\"tgrupo\"><img loading=\"lazy\" decoding=\"async\" src=\"http:\/\/www.gestoresalicante.org\/img\/newsletter\/picto.jpg\" width=\"20\" height=\"18\" align=\"absmiddle\" style=\"margin-right: 4px;\"> <strong>B.O.E<\/strong><\/td>\n<\/tr>\n<tr>\n<td colspan=\"3\">(No hay registros)<\/td>\n<\/tr>\n<\/table>\n<\/div>\n","protected":false},"excerpt":{"rendered":"<p>16\/05\/2013 &nbsp; Consejo General de los Colegios de Gestores Administrativos 16\/05\/2013 &#8211; Alianza para reactivar las ventas de coches El Mundo 16\/05\/2013 &#8211; Els Gestors demanen canvisLos Gestores piden cambios Segre 16\/05\/2013 &#8211; La desconfianza en la Administraci\u00f3n multiplica las &hellip; <a href=\"https:\/\/www.gestoresalicante.org\/blog\/index.php\/2013\/05\/16\/resumen-de-prensa-16-05-2013\/\">Sigue leyendo <span class=\"meta-nav\">&rarr;<\/span><\/a><\/p>\n","protected":false},"author":4,"featured_media":0,"comment_status":"closed","ping_status":"closed","sticky":false,"template":"","format":"standard","meta":{"footnotes":""},"categories":[6],"tags":[],"class_list":["post-389","post","type-post","status-publish","format-standard","hentry","category-resumendeprensa"],"_links":{"self":[{"href":"https:\/\/www.gestoresalicante.org\/blog\/index.php\/wp-json\/wp\/v2\/posts\/389","targetHints":{"allow":["GET"]}}],"collection":[{"href":"https:\/\/www.gestoresalicante.org\/blog\/index.php\/wp-json\/wp\/v2\/posts"}],"about":[{"href":"https:\/\/www.gestoresalicante.org\/blog\/index.php\/wp-json\/wp\/v2\/types\/post"}],"author":[{"embeddable":true,"href":"https:\/\/www.gestoresalicante.org\/blog\/index.php\/wp-json\/wp\/v2\/users\/4"}],"replies":[{"embeddable":true,"href":"https:\/\/www.gestoresalicante.org\/blog\/index.php\/wp-json\/wp\/v2\/comments?post=389"}],"version-history":[{"count":0,"href":"https:\/\/www.gestoresalicante.org\/blog\/index.php\/wp-json\/wp\/v2\/posts\/389\/revisions"}],"wp:attachment":[{"href":"https:\/\/www.gestoresalicante.org\/blog\/index.php\/wp-json\/wp\/v2\/media?parent=389"}],"wp:term":[{"taxonomy":"category","embeddable":true,"href":"https:\/\/www.gestoresalicante.org\/blog\/index.php\/wp-json\/wp\/v2\/categories?post=389"},{"taxonomy":"post_tag","embeddable":true,"href":"https:\/\/www.gestoresalicante.org\/blog\/index.php\/wp-json\/wp\/v2\/tags?post=389"}],"curies":[{"name":"wp","href":"https:\/\/api.w.org\/{rel}","templated":true}]}}