{"id":402,"date":"2013-05-28T09:00:00","date_gmt":"2013-05-28T08:00:00","guid":{"rendered":"http:\/\/www.gestoresalicante.org\/blog\/index.php\/2013\/05\/28\/resumen-de-prensa-28-05-2013\/"},"modified":"-0001-11-30T00:00:00","modified_gmt":"-0001-11-29T22:00:00","slug":"resumen-de-prensa-28-05-2013","status":"publish","type":"post","link":"https:\/\/www.gestoresalicante.org\/blog\/index.php\/2013\/05\/28\/resumen-de-prensa-28-05-2013\/","title":{"rendered":"Resumen de Prensa 28-05-2013"},"content":{"rendered":"<div class=\"nboletin\">\n<table width=\"90%\" cellpadding=\"4\">\n<tr>\n<td colspan=\"3\">\n<div style=\"background-color: #CCCCCC;padding: 4px 10px 4px 10px;width: 100%;border: 1px #414141 solid;\"><img decoding=\"async\" alt=\"Consejo de Gestores\" src=\"http:\/\/www.gestoresalicante.org\/img\/newsletter\/conges.jpg\" width=226 height=70><\/div>\n<\/td>\n<\/tr>\n<tr>\n<td align=\"right\" colspan=\"3\"><strong>28\/05\/2013 <\/strong><\/td>\n<\/tr>\n<tr>\n<td colspan=\"3\">&nbsp;<\/td>\n<\/tr>\n<tr>\n<td colspan=\"3\" class=\"tgrupo\"><img loading=\"lazy\" decoding=\"async\" src=\"http:\/\/www.gestoresalicante.org\/img\/newsletter\/picto.jpg\" width=\"20\" height=\"18\" align=\"absmiddle\" style=\"margin-right: 4px;\"> <strong>Consejo General de los Colegios de Gestores Administrativos<\/strong><\/td>\n<\/tr>\n<tr>\n<td class=\"tfecha\">27\/05\/2013 &#8211;<\/td>\n<td class=\"titem\"><a href=\"http:\/\/www.clipmedia.net\/ficheros\/2013\/05_may\/sz836.pdf\" target=\"_blank\">Los gestores administrativos advierten que el borrador de la renta que hace Hacienda puede contener carencias<\/a><\/td>\n<td align=\"right\" class=\"tfuente\">Diario Jur\u00eddico<\/td>\n<\/tr>\n<tr>\n<td class=\"tfecha\">27\/05\/2013 &#8211;<\/td>\n<td class=\"titem\"><a href=\"http:\/\/www.clipmedia.net\/ficheros\/2013\/05_may\/sz837.pdf\" target=\"_blank\">Los gestores recuerdan que el borrador de la renta no recoge las deducciones<\/a><\/td>\n<td align=\"right\" class=\"tfuente\">La Informaci\u00f3n Digital.com<\/td>\n<\/tr>\n<tr>\n<td class=\"tfecha\">27\/05\/2013 &#8211;<\/td>\n<td class=\"titem\"><a href=\"http:\/\/www.clipmedia.net\/ficheros\/2013\/05_may\/sz838.pdf\" target=\"_blank\">Gestores administrativos recomiendan revisar el borrador de la renta para prevenir una tributaci\u00f3n desfavorable<\/a><\/td>\n<td align=\"right\" class=\"tfuente\">El Economista (digital)<\/td>\n<\/tr>\n<tr>\n<td class=\"tfecha\">27\/05\/2013 &#8211;<\/td>\n<td class=\"titem\"><a href=\"http:\/\/www.clipmedia.net\/ficheros\/2013\/05_may\/sz839.pdf\" target=\"_blank\">Los gestores recuerdan que el borrador de la renta no recoge las deducciones<\/a><\/td>\n<td align=\"right\" class=\"tfuente\">El Norte de Castilla Digital<\/td>\n<\/tr>\n<tr>\n<td class=\"tfecha\">27\/05\/2013 &#8211;<\/td>\n<td class=\"titem\"><a href=\"http:\/\/www.clipmedia.net\/ficheros\/2013\/05_may\/sz840.pdf\" target=\"_blank\">Los gestores recuerdan que el borrador de la renta no recoge las deducciones<\/a><\/td>\n<td align=\"right\" class=\"tfuente\">Ideal<\/td>\n<\/tr>\n<tr>\n<td class=\"tfecha\">27\/05\/2013 &#8211;<\/td>\n<td class=\"titem\"><a href=\"http:\/\/www.clipmedia.net\/ficheros\/2013\/05_may\/sz841.pdf\" target=\"_blank\">Los gestores recuerdan que el borrador de la renta no recoge las deducciones<\/a><\/td>\n<td align=\"right\" class=\"tfuente\">La Rioja<\/td>\n<\/tr>\n<tr>\n<td class=\"tfecha\">27\/05\/2013 &#8211;<\/td>\n<td class=\"titem\"><a href=\"http:\/\/www.clipmedia.net\/ficheros\/2013\/05_may\/sz842.pdf\" target=\"_blank\">Los gestores recuerdan que el borrador de la renta no recoge las deducciones<\/a><\/td>\n<td align=\"right\" class=\"tfuente\">Diario Sur.es<\/td>\n<\/tr>\n<tr>\n<td class=\"tfecha\">27\/05\/2013 &#8211;<\/td>\n<td class=\"titem\"><a href=\"http:\/\/www.clipmedia.net\/ficheros\/2013\/05_may\/sz843.pdf\" target=\"_blank\">Los gestores recuerdan que el borrador de la renta no recoge las deducciones<\/a><\/td>\n<td align=\"right\" class=\"tfuente\">La voz digital<\/td>\n<\/tr>\n<tr>\n<td class=\"tfecha\">27\/05\/2013 &#8211;<\/td>\n<td class=\"titem\"><a href=\"http:\/\/www.clipmedia.net\/ficheros\/2013\/05_may\/sz844.pdf\" target=\"_blank\">Los gestores recuerdan que el borrador de la renta no recoge las deducciones<\/a><\/td>\n<td align=\"right\" class=\"tfuente\">Las Provincias<\/td>\n<\/tr>\n<tr>\n<td class=\"tfecha\">27\/05\/2013 &#8211;<\/td>\n<td class=\"titem\"><a href=\"http:\/\/www.clipmedia.net\/ficheros\/2013\/05_may\/sz845.pdf\" target=\"_blank\">Los gestores recuerdan que el borrador de la renta no recoge las deducciones<\/a><\/td>\n<td align=\"right\" class=\"tfuente\">La Verdad Digital<\/td>\n<\/tr>\n<tr>\n<td class=\"tfecha\">27\/05\/2013 &#8211;<\/td>\n<td class=\"titem\"><a href=\"http:\/\/www.clipmedia.net\/ficheros\/2013\/05_may\/sz846.pdf\" target=\"_blank\">Los gestores recuerdan que el borrador de la renta no recoge las deducciones<\/a><\/td>\n<td align=\"right\" class=\"tfuente\">Finanzas.com<\/td>\n<\/tr>\n<tr>\n<td class=\"tfecha\">27\/05\/2013 &#8211;<\/td>\n<td class=\"titem\"><a href=\"http:\/\/www.clipmedia.net\/ficheros\/2013\/05_may\/sz847.pdf\" target=\"_blank\">Los gestores recuerdan que el borrador de la renta no recoge las deducciones<\/a><\/td>\n<td align=\"right\" class=\"tfuente\">Canarias 7<\/td>\n<\/tr>\n<tr>\n<td class=\"tfecha\">27\/05\/2013 &#8211;<\/td>\n<td class=\"titem\"><a href=\"http:\/\/www.clipmedia.net\/ficheros\/2013\/05_may\/sz848.pdf\" target=\"_blank\">Los gestores recuerdan que el borrador de la renta no recoge las deducciones<\/a><\/td>\n<td align=\"right\" class=\"tfuente\">Diario Vasco<\/td>\n<\/tr>\n<tr>\n<td class=\"tfecha\">27\/05\/2013 &#8211;<\/td>\n<td class=\"titem\"><a href=\"http:\/\/www.clipmedia.net\/ficheros\/2013\/05_may\/sz849.pdf\" target=\"_blank\">Los gestores recuerdan que el borrador de la renta no recoge las deducciones<\/a><\/td>\n<td align=\"right\" class=\"tfuente\">Hoy<\/td>\n<\/tr>\n<tr>\n<td class=\"tfecha\">27\/05\/2013 &#8211;<\/td>\n<td class=\"titem\"><a href=\"http:\/\/www.clipmedia.net\/ficheros\/2013\/05_may\/sz850.pdf\" target=\"_blank\">Los gestores recuerdan que el borrador de la renta no recoge las deducciones<\/a><\/td>\n<td align=\"right\" class=\"tfuente\">El Pa\u00eds (digital)<\/td>\n<\/tr>\n<tr>\n<td class=\"tfecha\">27\/05\/2013 &#8211;<\/td>\n<td class=\"titem\"><a href=\"http:\/\/www.clipmedia.net\/ficheros\/2013\/05_may\/sz851.pdf\" target=\"_blank\">Los gestores recuerdan que el borrador de la renta no recoge las deducciones<\/a><\/td>\n<td align=\"right\" class=\"tfuente\">Eldiario.es<\/td>\n<\/tr>\n<tr>\n<td class=\"tfecha\">27\/05\/2013 &#8211;<\/td>\n<td class=\"titem\"><a href=\"http:\/\/www.clipmedia.net\/ficheros\/2013\/05_may\/sz852.pdf\" target=\"_blank\">Los gestores recuerdan que el borrador de la renta no recoge las deducciones<\/a><\/td>\n<td align=\"right\" class=\"tfuente\">Yahoo! Not\u00edcies<\/td>\n<\/tr>\n<tr>\n<td class=\"tfecha\">27\/05\/2013 &#8211;<\/td>\n<td class=\"titem\"><a href=\"http:\/\/www.clipmedia.net\/ficheros\/2013\/05_may\/sz853.pdf\" target=\"_blank\">Los gestores recuerdan que el borrador de la renta no recoge las deducciones<\/a><\/td>\n<td align=\"right\" class=\"tfuente\">Murciaeconomia.com<\/td>\n<\/tr>\n<tr>\n<td class=\"tfecha\">27\/05\/2013 &#8211;<\/td>\n<td class=\"titem\"><a href=\"http:\/\/www.clipmedia.net\/ficheros\/2013\/05_may\/sz854.pdf\" target=\"_blank\">Cuidado con el borrador de la renta que lleva a cabo la Agencia Tributaria<\/a><\/td>\n<td align=\"right\" class=\"tfuente\">Valenciaplaza.com<\/td>\n<\/tr>\n<tr>\n<td class=\"tfecha\">27\/05\/2013 &#8211;<\/td>\n<td class=\"titem\"><a href=\"http:\/\/www.clipmedia.net\/ficheros\/2013\/05_may\/sz855.pdf\" target=\"_blank\">El borrador de la Declaraci\u00f3n de la Renta no recoge todas las deducciones por vivienda<\/a><\/td>\n<td align=\"right\" class=\"tfuente\">El Mundo (digital)<\/td>\n<\/tr>\n<tr>\n<td class=\"tfecha\">27\/05\/2013 &#8211;<\/td>\n<td class=\"titem\"><a href=\"http:\/\/www.clipmedia.net\/ficheros\/2013\/05_may\/sz856.pdf\" target=\"_blank\">Los gestores administrativos recomiendan revisar el borrador del IRPF antes de confirmarlo<\/a><\/td>\n<td align=\"right\" class=\"tfuente\">Diarioabierto.es<\/td>\n<\/tr>\n<tr>\n<td class=\"tfecha\">27\/05\/2013 &#8211;<\/td>\n<td class=\"titem\"><a href=\"http:\/\/www.clipmedia.net\/ficheros\/2013\/05_may\/sz857.pdf\" target=\"_blank\">GESTORES ADMINISTRATIVOS RECOMIENDAN REVISAR EL BORRADOR DE LA RENTA PARA PREVENIR UNA TRIBUTACI\u00d3N DESFAVORABLE<\/a><\/td>\n<td align=\"right\" class=\"tfuente\">Discapnet<\/td>\n<\/tr>\n<tr>\n<td class=\"tfecha\">27\/05\/2013 &#8211;<\/td>\n<td class=\"titem\"><a href=\"http:\/\/www.clipmedia.net\/ficheros\/2013\/05_may\/sz858.pdf\" target=\"_blank\">Los Gestores Administrativos recomiendan revisar el borrador de la renta antes de confirmarlo<\/a><\/td>\n<td align=\"right\" class=\"tfuente\">informaria.com<\/td>\n<\/tr>\n<tr>\n<td class=\"tfecha\">28\/05\/2013 &#8211;<\/td>\n<td class=\"titem\"><a href=\"http:\/\/www.clipmedia.net\/ficheros\/2013\/05_may\/sz829.pdf\" target=\"_blank\">Bruselas exige a Espa\u00f1a acelerar las reformas en pensiones e impuestos<\/a><\/td>\n<td align=\"right\" class=\"tfuente\">El Pa\u00eds<\/td>\n<\/tr>\n<tr>\n<td class=\"tfecha\">28\/05\/2013 &#8211;<\/td>\n<td class=\"titem\"><a href=\"http:\/\/www.clipmedia.net\/ficheros\/2013\/05_may\/sz860.pdf\" target=\"_blank\">El nuevo r\u00e9gimen del IVA castigar\u00e1 la recaudaci\u00f3n de las autonom\u00edas<\/a><\/td>\n<td align=\"right\" class=\"tfuente\">La Vanguardia<\/td>\n<\/tr>\n<tr>\n<td class=\"tfecha\">28\/05\/2013 &#8211;<\/td>\n<td class=\"titem\"><a href=\"http:\/\/www.clipmedia.net\/ficheros\/2013\/05_may\/sz863.pdf\" target=\"_blank\">Los apoyos fiscales a emprendedores costar\u00e1n 1.800 millones en 2014<\/a><\/td>\n<td align=\"right\" class=\"tfuente\">El Economista<\/td>\n<\/tr>\n<tr>\n<td class=\"tfecha\">28\/05\/2013 &#8211;<\/td>\n<td class=\"titem\"><a href=\"http:\/\/www.clipmedia.net\/ficheros\/2013\/05_may\/sz864.pdf\" target=\"_blank\">El Supremo ve la crisis como &#8216;clave&#8217; para anular una venta<\/a><\/td>\n<td align=\"right\" class=\"tfuente\">El Economista<\/td>\n<\/tr>\n<tr>\n<td class=\"tfecha\">28\/05\/2013 &#8211;<\/td>\n<td class=\"titem\"><a href=\"http:\/\/www.clipmedia.net\/ficheros\/2013\/05_may\/sz814.pdf\" target=\"_blank\">Otro &#8216;\u00faltimo&#8217; plan de proveedores<\/a><\/td>\n<td align=\"right\" class=\"tfuente\">El Mundo<\/td>\n<\/tr>\n<tr>\n<td class=\"tfecha\">28\/05\/2013 &#8211;<\/td>\n<td class=\"titem\"><a href=\"http:\/\/www.clipmedia.net\/ficheros\/2013\/05_may\/sz800.pdf\" target=\"_blank\">La alta demanda de autom\u00f3viles usados dispara un 17% su precio<\/a><\/td>\n<td align=\"right\" class=\"tfuente\">ABC<\/td>\n<\/tr>\n<tr>\n<td class=\"tfecha\">28\/05\/2013 &#8211;<\/td>\n<td class=\"titem\"><a href=\"http:\/\/www.clipmedia.net\/ficheros\/2013\/05_may\/sz801.pdf\" target=\"_blank\">Alemania aspira a que en 2020 circulen un mill\u00f3n de veh\u00edculos el\u00e9ctricos<\/a><\/td>\n<td align=\"right\" class=\"tfuente\">ABC<\/td>\n<\/tr>\n<tr>\n<td class=\"tfecha\">28\/05\/2013 &#8211;<\/td>\n<td class=\"titem\"><a href=\"http:\/\/www.clipmedia.net\/ficheros\/2013\/05_may\/sz812.pdf\" target=\"_blank\">A los fabricantes de componentes no les gusta el Plan de Competitividad<\/a><\/td>\n<td align=\"right\" class=\"tfuente\">El Mundo<\/td>\n<\/tr>\n<tr>\n<td colspan=\"3\">&nbsp;<\/td>\n<\/tr>\n<tr>\n<td colspan=\"3\" class=\"tgrupo\"><img loading=\"lazy\" decoding=\"async\" src=\"http:\/\/www.gestoresalicante.org\/img\/newsletter\/picto.jpg\" width=\"20\" height=\"18\" align=\"absmiddle\" style=\"margin-right: 4px;\"> <strong>Ventana Telem\u00e1tica<\/strong><\/td>\n<\/tr>\n<tr>\n<td colspan=\"3\">(No hay registros)<\/td>\n<\/tr>\n<tr>\n<td colspan=\"3\">&nbsp;<\/td>\n<\/tr>\n<tr>\n<td colspan=\"3\" class=\"tgrupo\"><img loading=\"lazy\" decoding=\"async\" src=\"http:\/\/www.gestoresalicante.org\/img\/newsletter\/picto.jpg\" width=\"20\" height=\"18\" align=\"absmiddle\" style=\"margin-right: 4px;\"> <strong> Sector de la formaci\u00f3n<\/strong><\/td>\n<\/tr>\n<tr>\n<td class=\"tfecha\">28\/05\/2013 &#8211;<\/td>\n<td class=\"titem\"><a href=\"http:\/\/www.clipmedia.net\/ficheros\/2013\/05_may\/sz805.pdf\" target=\"_blank\">Ya es posible hacer pr\u00e1cticas universitarias en &#8216;star-ups&#8217;<\/a><\/td>\n<td align=\"right\" class=\"tfuente\">El Mundo &#8211; Suplemento especial<\/td>\n<\/tr>\n<tr>\n<td class=\"tfecha\">28\/05\/2013 &#8211;<\/td>\n<td class=\"titem\"><a href=\"http:\/\/www.clipmedia.net\/ficheros\/2013\/05_may\/sz865.pdf\" target=\"_blank\">Icade y Esade se al\u00edan en Derecho para formar a futuros abogados<\/a><\/td>\n<td align=\"right\" class=\"tfuente\">Expansi\u00f3n<\/td>\n<\/tr>\n<tr>\n<td class=\"tfecha\">28\/05\/2013 &#8211;<\/td>\n<td class=\"titem\"><a href=\"http:\/\/www.clipmedia.net\/ficheros\/2013\/05_may\/sz867.pdf\" target=\"_blank\">El &#8216;cloud computing&#8217; llega a la universidad<\/a><\/td>\n<td align=\"right\" class=\"tfuente\">Cinco D\u00edas<\/td>\n<\/tr>\n<tr>\n<td class=\"tfecha\">28\/05\/2013 &#8211;<\/td>\n<td class=\"titem\"><a href=\"http:\/\/www.clipmedia.net\/ficheros\/2013\/05_may\/sz799.pdf\" target=\"_blank\">La subida de pensiones se ligar\u00e1 a los ingresos y gastos del sistema<\/a><\/td>\n<td align=\"right\" class=\"tfuente\">ABC<\/td>\n<\/tr>\n<tr>\n<td class=\"tfecha\">28\/05\/2013 &#8211;<\/td>\n<td class=\"titem\"><a href=\"http:\/\/www.clipmedia.net\/ficheros\/2013\/05_may\/sz861.pdf\" target=\"_blank\">Los expertos recomiendan dejar de actualizar las pensiones con el IPC<\/a><\/td>\n<td align=\"right\" class=\"tfuente\">La Vanguardia<\/td>\n<\/tr>\n<tr>\n<td class=\"tfecha\">28\/05\/2013 &#8211;<\/td>\n<td class=\"titem\"><a href=\"http:\/\/www.clipmedia.net\/ficheros\/2013\/05_may\/sz817.pdf\" target=\"_blank\">Los expertos designados por B\u00e1\u00f1ez plantean la rebaja de las pensiones<\/a><\/td>\n<td align=\"right\" class=\"tfuente\">Expansi\u00f3n<\/td>\n<\/tr>\n<tr>\n<td class=\"tfecha\">28\/05\/2013 &#8211;<\/td>\n<td class=\"titem\"><a href=\"http:\/\/www.clipmedia.net\/ficheros\/2013\/05_may\/sz862.pdf\" target=\"_blank\">Marina d&#8217;Or se juega 175 millones por una sentencia<\/a><\/td>\n<td align=\"right\" class=\"tfuente\">El Economista<\/td>\n<\/tr>\n<tr>\n<td class=\"tfecha\">28\/05\/2013 &#8211;<\/td>\n<td class=\"titem\"><a href=\"http:\/\/www.clipmedia.net\/ficheros\/2013\/05_may\/sz866.pdf\" target=\"_blank\">Draghi insta a Espa\u00f1a a regular la renegociaci\u00f3n de hipotecas<\/a><\/td>\n<td align=\"right\" class=\"tfuente\">Cinco D\u00edas<\/td>\n<\/tr>\n<tr>\n<td colspan=\"3\">&nbsp;<\/td>\n<\/tr>\n<tr>\n<td colspan=\"3\" class=\"tgrupo\"><img loading=\"lazy\" decoding=\"async\" src=\"http:\/\/www.gestoresalicante.org\/img\/newsletter\/picto.jpg\" width=\"20\" height=\"18\" align=\"absmiddle\" style=\"margin-right: 4px;\"> <strong>B.O.E<\/strong><\/td>\n<\/tr>\n<tr>\n<td colspan=\"3\">(No hay registros)<\/td>\n<\/tr>\n<\/table>\n<\/div>\n","protected":false},"excerpt":{"rendered":"<p>28\/05\/2013 &nbsp; Consejo General de los Colegios de Gestores Administrativos 27\/05\/2013 &#8211; Los gestores administrativos advierten que el borrador de la renta que hace Hacienda puede contener carencias Diario Jur\u00eddico 27\/05\/2013 &#8211; Los gestores recuerdan que el borrador de la &hellip; <a href=\"https:\/\/www.gestoresalicante.org\/blog\/index.php\/2013\/05\/28\/resumen-de-prensa-28-05-2013\/\">Sigue leyendo <span class=\"meta-nav\">&rarr;<\/span><\/a><\/p>\n","protected":false},"author":4,"featured_media":0,"comment_status":"closed","ping_status":"closed","sticky":false,"template":"","format":"standard","meta":{"footnotes":""},"categories":[6],"tags":[],"class_list":["post-402","post","type-post","status-publish","format-standard","hentry","category-resumendeprensa"],"_links":{"self":[{"href":"https:\/\/www.gestoresalicante.org\/blog\/index.php\/wp-json\/wp\/v2\/posts\/402","targetHints":{"allow":["GET"]}}],"collection":[{"href":"https:\/\/www.gestoresalicante.org\/blog\/index.php\/wp-json\/wp\/v2\/posts"}],"about":[{"href":"https:\/\/www.gestoresalicante.org\/blog\/index.php\/wp-json\/wp\/v2\/types\/post"}],"author":[{"embeddable":true,"href":"https:\/\/www.gestoresalicante.org\/blog\/index.php\/wp-json\/wp\/v2\/users\/4"}],"replies":[{"embeddable":true,"href":"https:\/\/www.gestoresalicante.org\/blog\/index.php\/wp-json\/wp\/v2\/comments?post=402"}],"version-history":[{"count":0,"href":"https:\/\/www.gestoresalicante.org\/blog\/index.php\/wp-json\/wp\/v2\/posts\/402\/revisions"}],"wp:attachment":[{"href":"https:\/\/www.gestoresalicante.org\/blog\/index.php\/wp-json\/wp\/v2\/media?parent=402"}],"wp:term":[{"taxonomy":"category","embeddable":true,"href":"https:\/\/www.gestoresalicante.org\/blog\/index.php\/wp-json\/wp\/v2\/categories?post=402"},{"taxonomy":"post_tag","embeddable":true,"href":"https:\/\/www.gestoresalicante.org\/blog\/index.php\/wp-json\/wp\/v2\/tags?post=402"}],"curies":[{"name":"wp","href":"https:\/\/api.w.org\/{rel}","templated":true}]}}