{"id":407,"date":"2013-06-04T09:00:00","date_gmt":"2013-06-04T08:00:00","guid":{"rendered":"http:\/\/www.gestoresalicante.org\/blog\/index.php\/2013\/06\/04\/resumen-de-prensa-04-06-2013\/"},"modified":"-0001-11-30T00:00:00","modified_gmt":"-0001-11-29T22:00:00","slug":"resumen-de-prensa-04-06-2013","status":"publish","type":"post","link":"https:\/\/www.gestoresalicante.org\/blog\/index.php\/2013\/06\/04\/resumen-de-prensa-04-06-2013\/","title":{"rendered":"Resumen de Prensa 04-06-2013"},"content":{"rendered":"<div class=\"nboletin\">\n<table width=\"90%\" cellpadding=\"4\">\n<tr>\n<td colspan=\"3\">\n<div style=\"background-color: #CCCCCC;padding: 4px 10px 4px 10px;width: 100%;border: 1px #414141 solid;\"><img decoding=\"async\" alt=\"Consejo de Gestores\" src=\"http:\/\/www.gestoresalicante.org\/img\/newsletter\/conges.jpg\" width=226 height=70><\/div>\n<\/td>\n<\/tr>\n<tr>\n<td align=\"right\" colspan=\"3\"><strong>04\/06\/2013 <\/strong><\/td>\n<\/tr>\n<tr>\n<td colspan=\"3\">&nbsp;<\/td>\n<\/tr>\n<tr>\n<td colspan=\"3\" class=\"tgrupo\"><img loading=\"lazy\" decoding=\"async\" src=\"http:\/\/www.gestoresalicante.org\/img\/newsletter\/picto.jpg\" width=\"20\" height=\"18\" align=\"absmiddle\" style=\"margin-right: 4px;\"> <strong>Consejo General de los Colegios de Gestores Administrativos<\/strong><\/td>\n<\/tr>\n<tr>\n<td class=\"tfecha\">04\/06\/2013 &#8211;<\/td>\n<td class=\"titem\"><a href=\"http:\/\/www.clipmedia.net\/ficheros\/2013\/06_jun\/dz304.pdf\" target=\"_blank\">El ICOGAM ha realizado 200 declaraciones de la renta de forma gratuitas<\/a><\/td>\n<td align=\"right\" class=\"tfuente\">Compromiso RSE<\/td>\n<\/tr>\n<tr>\n<td class=\"tfecha\">04\/06\/2013 &#8211;<\/td>\n<td class=\"titem\"><a href=\"http:\/\/www.clipmedia.net\/ficheros\/2013\/06_jun\/dz305.pdf\" target=\"_blank\">Recomendaciones para la declaraci\u00f3n del IRPF<\/a><\/td>\n<td align=\"right\" class=\"tfuente\">Diario de Ferrol<\/td>\n<\/tr>\n<tr>\n<td class=\"tfecha\">04\/06\/2013 &#8211;<\/td>\n<td class=\"titem\"><a href=\"http:\/\/www.clipmedia.net\/ficheros\/2013\/06_jun\/dz306.pdf\" target=\"_blank\">M\u00e1s de tres cuartas partes de los gallegos ya tienen en a cuenta su dinero del IRPF<\/a><\/td>\n<td align=\"right\" class=\"tfuente\">El Correo Gallego<\/td>\n<\/tr>\n<tr>\n<td class=\"tfecha\">04\/06\/2013 &#8211;<\/td>\n<td class=\"titem\"><a href=\"http:\/\/www.clipmedia.net\/ficheros\/2013\/06_jun\/dz307.pdf\" target=\"_blank\">Los gestores recomiendan revisar el borrador de la renta antes de enviarlo<\/a><\/td>\n<td align=\"right\" class=\"tfuente\">El Ideal Gallego<\/td>\n<\/tr>\n<tr>\n<td class=\"tfecha\">03\/06\/2013 &#8211;<\/td>\n<td class=\"titem\"><a href=\"http:\/\/www.clipmedia.net\/ficheros\/2013\/06_jun\/dz303.pdf\" target=\"_blank\">Los graduados en Gesti\u00f3n y Administraci\u00f3n P\u00fablica de la Universidad de Alicante podr\u00e1n ejercer como gestor administrativo<\/a><\/td>\n<td align=\"right\" class=\"tfuente\">Universitat d&#8217;Alacant<\/td>\n<\/tr>\n<tr>\n<td class=\"tfecha\">03\/06\/2013 &#8211;<\/td>\n<td class=\"titem\"><a href=\"http:\/\/www.clipmedia.net\/ficheros\/2013\/06_jun\/dz302.pdf\" target=\"_blank\">\u00bfC\u00f3mo rectificar el borrador de la renta si olvido alguna deducci\u00f3n?<\/a><\/td>\n<td align=\"right\" class=\"tfuente\">previsionsocial.net<\/td>\n<\/tr>\n<tr>\n<td class=\"tfecha\">04\/06\/2013 &#8211;<\/td>\n<td class=\"titem\"><a href=\"http:\/\/www.clipmedia.net\/ficheros\/2013\/06_jun\/dz290.pdf\" target=\"_blank\">El Reglamento de Auditor\u00eda ya cuenta con luz verde <\/a><\/td>\n<td align=\"right\" class=\"tfuente\">El Economista<\/td>\n<\/tr>\n<tr>\n<td class=\"tfecha\">04\/06\/2013 &#8211;<\/td>\n<td class=\"titem\"><a href=\"http:\/\/www.clipmedia.net\/ficheros\/2013\/06_jun\/dz291.pdf\" target=\"_blank\">Cl\u00e1usulas suelo: un juez ignora al Supremo y devuelve el dinero<\/a><\/td>\n<td align=\"right\" class=\"tfuente\">El Economista<\/td>\n<\/tr>\n<tr>\n<td class=\"tfecha\">04\/06\/2013 &#8211;<\/td>\n<td class=\"titem\"><a href=\"http:\/\/www.clipmedia.net\/ficheros\/2013\/06_jun\/dz295.pdf\" target=\"_blank\">El sector legal crea empleo en 2012<\/a><\/td>\n<td align=\"right\" class=\"tfuente\">Expansi\u00f3n<\/td>\n<\/tr>\n<tr>\n<td class=\"tfecha\">04\/06\/2013 &#8211;<\/td>\n<td class=\"titem\"><a href=\"http:\/\/www.clipmedia.net\/ficheros\/2013\/06_jun\/dz298.pdf\" target=\"_blank\">La certificaci\u00f3n energ\u00e9tica irrita a colegios profesionales<\/a><\/td>\n<td align=\"right\" class=\"tfuente\">El Peri\u00f3dico de Catalunya<\/td>\n<\/tr>\n<tr>\n<td class=\"tfecha\">04\/06\/2013 &#8211;<\/td>\n<td class=\"titem\"><a href=\"http:\/\/www.clipmedia.net\/ficheros\/2013\/06_jun\/dz287.pdf\" target=\"_blank\">Michelin desarrolla un mapa de carreteras &#8216;en tiempo real&#8217;<\/a><\/td>\n<td align=\"right\" class=\"tfuente\">ABC<\/td>\n<\/tr>\n<tr>\n<td class=\"tfecha\">04\/06\/2013 &#8211;<\/td>\n<td class=\"titem\"><a href=\"http:\/\/www.clipmedia.net\/ficheros\/2013\/06_jun\/dz288.pdf\" target=\"_blank\">La DGT inicia una campa\u00f1a para vigilar el uso de m\u00f3viles<\/a><\/td>\n<td align=\"right\" class=\"tfuente\">ABC<\/td>\n<\/tr>\n<tr>\n<td class=\"tfecha\">04\/06\/2013 &#8211;<\/td>\n<td class=\"titem\"><a href=\"http:\/\/www.clipmedia.net\/ficheros\/2013\/06_jun\/dz296.pdf\" target=\"_blank\">Las familias compran m\u00e1s coches, pero las empresas hunden el mercado<\/a><\/td>\n<td align=\"right\" class=\"tfuente\">La Vanguardia<\/td>\n<\/tr>\n<tr>\n<td class=\"tfecha\">04\/06\/2013 &#8211;<\/td>\n<td class=\"titem\"><a href=\"http:\/\/www.clipmedia.net\/ficheros\/2013\/06_jun\/dz300.pdf\" target=\"_blank\">El mercado del autom\u00f3vil camina a los niveles m\u00e1s bajos desde 1978<\/a><\/td>\n<td align=\"right\" class=\"tfuente\">Cinco D\u00edas<\/td>\n<\/tr>\n<tr>\n<td class=\"tfecha\">04\/06\/2013 &#8211;<\/td>\n<td class=\"titem\"><a href=\"http:\/\/www.clipmedia.net\/ficheros\/2013\/06_jun\/dz276.pdf\" target=\"_blank\">Los particulares compraron m\u00e1s coches en mayo<\/a><\/td>\n<td align=\"right\" class=\"tfuente\">El Mundo<\/td>\n<\/tr>\n<tr>\n<td colspan=\"3\">&nbsp;<\/td>\n<\/tr>\n<tr>\n<td colspan=\"3\" class=\"tgrupo\"><img loading=\"lazy\" decoding=\"async\" src=\"http:\/\/www.gestoresalicante.org\/img\/newsletter\/picto.jpg\" width=\"20\" height=\"18\" align=\"absmiddle\" style=\"margin-right: 4px;\"> <strong>Ventana Telem\u00e1tica<\/strong><\/td>\n<\/tr>\n<tr>\n<td colspan=\"3\">(No hay registros)<\/td>\n<\/tr>\n<tr>\n<td colspan=\"3\">&nbsp;<\/td>\n<\/tr>\n<tr>\n<td colspan=\"3\" class=\"tgrupo\"><img loading=\"lazy\" decoding=\"async\" src=\"http:\/\/www.gestoresalicante.org\/img\/newsletter\/picto.jpg\" width=\"20\" height=\"18\" align=\"absmiddle\" style=\"margin-right: 4px;\"> <strong> Sector de la formaci\u00f3n<\/strong><\/td>\n<\/tr>\n<tr>\n<td class=\"tfecha\">04\/06\/2013 &#8211;<\/td>\n<td class=\"titem\"><a href=\"http:\/\/www.clipmedia.net\/ficheros\/2013\/06_jun\/dz294.pdf\" target=\"_blank\">Siete claves para elegir el m\u00e1ster que te conviene<\/a><\/td>\n<td align=\"right\" class=\"tfuente\">Expansi\u00f3n<\/td>\n<\/tr>\n<tr>\n<td class=\"tfecha\">04\/06\/2013 &#8211;<\/td>\n<td class=\"titem\"><a href=\"http:\/\/www.clipmedia.net\/ficheros\/2013\/06_jun\/dz297.pdf\" target=\"_blank\">Aprendices al estilo alem\u00e1n<\/a><\/td>\n<td align=\"right\" class=\"tfuente\">El Peri\u00f3dico de Catalunya<\/td>\n<\/tr>\n<tr>\n<td class=\"tfecha\">04\/06\/2013 &#8211;<\/td>\n<td class=\"titem\"><a href=\"http:\/\/www.clipmedia.net\/ficheros\/2013\/06_jun\/dz271.pdf\" target=\"_blank\">El FMI recomienda a Alemania &quot;evitar excesos&quot; con la austeridad<\/a><\/td>\n<td align=\"right\" class=\"tfuente\">El Pa\u00eds<\/td>\n<\/tr>\n<tr>\n<td class=\"tfecha\">04\/06\/2013 &#8211;<\/td>\n<td class=\"titem\"><a href=\"http:\/\/www.clipmedia.net\/ficheros\/2013\/06_jun\/dz289.pdf\" target=\"_blank\">El paro caer\u00e1 en mayo por encima de las 30.113 personas de hace un a\u00f1o<\/a><\/td>\n<td align=\"right\" class=\"tfuente\">El Economista<\/td>\n<\/tr>\n<tr>\n<td class=\"tfecha\">04\/06\/2013 &#8211;<\/td>\n<td class=\"titem\"><a href=\"http:\/\/www.clipmedia.net\/ficheros\/2013\/06_jun\/dz292.pdf\" target=\"_blank\">La OIT desaconseja ahondar en la devaluaci\u00f3n salarial en Espa\u00f1a<\/a><\/td>\n<td align=\"right\" class=\"tfuente\">El Pa\u00eds<\/td>\n<\/tr>\n<tr>\n<td class=\"tfecha\">04\/06\/2013 &#8211;<\/td>\n<td class=\"titem\"><a href=\"http:\/\/www.clipmedia.net\/ficheros\/2013\/06_jun\/dz299.pdf\" target=\"_blank\">El CAREC propone crear &#8216;minijobs&#8217; de reinserci\u00f3n<\/a><\/td>\n<td align=\"right\" class=\"tfuente\">El Peri\u00f3dico de Catalunya<\/td>\n<\/tr>\n<tr>\n<td class=\"tfecha\">04\/06\/2013 &#8211;<\/td>\n<td class=\"titem\"><a href=\"http:\/\/www.clipmedia.net\/ficheros\/2013\/06_jun\/dz279.pdf\" target=\"_blank\">Los fondos para exportaci\u00f3n podr\u00e1n capitalizar a pymes<\/a><\/td>\n<td align=\"right\" class=\"tfuente\">Expansi\u00f3n<\/td>\n<\/tr>\n<tr>\n<td class=\"tfecha\">04\/06\/2013 &#8211;<\/td>\n<td class=\"titem\"><a href=\"http:\/\/www.clipmedia.net\/ficheros\/2013\/06_jun\/dz272.pdf\" target=\"_blank\">El banco malo ha vendido 550 pisos desde febrero<\/a><\/td>\n<td align=\"right\" class=\"tfuente\">El Pa\u00eds<\/td>\n<\/tr>\n<tr>\n<td class=\"tfecha\">04\/06\/2013 &#8211;<\/td>\n<td class=\"titem\"><a href=\"http:\/\/www.clipmedia.net\/ficheros\/2013\/06_jun\/dz293.pdf\" target=\"_blank\">La compra de vivienda no dar\u00e1 permiso de trabajo<\/a><\/td>\n<td align=\"right\" class=\"tfuente\">El Pa\u00eds<\/td>\n<\/tr>\n<tr>\n<td class=\"tfecha\">04\/06\/2013 &#8211;<\/td>\n<td class=\"titem\"><a href=\"http:\/\/www.clipmedia.net\/ficheros\/2013\/06_jun\/dz301.pdf\" target=\"_blank\">El extranjero que compre casa perder\u00e1 la residencia si vende antes de cinco a\u00f1os<\/a><\/td>\n<td align=\"right\" class=\"tfuente\">Cinco D\u00edas<\/td>\n<\/tr>\n<tr>\n<td colspan=\"3\">&nbsp;<\/td>\n<\/tr>\n<tr>\n<td colspan=\"3\" class=\"tgrupo\"><img loading=\"lazy\" decoding=\"async\" src=\"http:\/\/www.gestoresalicante.org\/img\/newsletter\/picto.jpg\" width=\"20\" height=\"18\" align=\"absmiddle\" style=\"margin-right: 4px;\"> <strong>B.O.E<\/strong><\/td>\n<\/tr>\n<tr>\n<td colspan=\"3\">(No hay registros)<\/td>\n<\/tr>\n<\/table>\n<\/div>\n","protected":false},"excerpt":{"rendered":"<p>04\/06\/2013 &nbsp; Consejo General de los Colegios de Gestores Administrativos 04\/06\/2013 &#8211; El ICOGAM ha realizado 200 declaraciones de la renta de forma gratuitas Compromiso RSE 04\/06\/2013 &#8211; Recomendaciones para la declaraci\u00f3n del IRPF Diario de Ferrol 04\/06\/2013 &#8211; M\u00e1s &hellip; <a href=\"https:\/\/www.gestoresalicante.org\/blog\/index.php\/2013\/06\/04\/resumen-de-prensa-04-06-2013\/\">Sigue leyendo <span class=\"meta-nav\">&rarr;<\/span><\/a><\/p>\n","protected":false},"author":4,"featured_media":0,"comment_status":"closed","ping_status":"closed","sticky":false,"template":"","format":"standard","meta":{"footnotes":""},"categories":[6],"tags":[],"class_list":["post-407","post","type-post","status-publish","format-standard","hentry","category-resumendeprensa"],"_links":{"self":[{"href":"https:\/\/www.gestoresalicante.org\/blog\/index.php\/wp-json\/wp\/v2\/posts\/407","targetHints":{"allow":["GET"]}}],"collection":[{"href":"https:\/\/www.gestoresalicante.org\/blog\/index.php\/wp-json\/wp\/v2\/posts"}],"about":[{"href":"https:\/\/www.gestoresalicante.org\/blog\/index.php\/wp-json\/wp\/v2\/types\/post"}],"author":[{"embeddable":true,"href":"https:\/\/www.gestoresalicante.org\/blog\/index.php\/wp-json\/wp\/v2\/users\/4"}],"replies":[{"embeddable":true,"href":"https:\/\/www.gestoresalicante.org\/blog\/index.php\/wp-json\/wp\/v2\/comments?post=407"}],"version-history":[{"count":0,"href":"https:\/\/www.gestoresalicante.org\/blog\/index.php\/wp-json\/wp\/v2\/posts\/407\/revisions"}],"wp:attachment":[{"href":"https:\/\/www.gestoresalicante.org\/blog\/index.php\/wp-json\/wp\/v2\/media?parent=407"}],"wp:term":[{"taxonomy":"category","embeddable":true,"href":"https:\/\/www.gestoresalicante.org\/blog\/index.php\/wp-json\/wp\/v2\/categories?post=407"},{"taxonomy":"post_tag","embeddable":true,"href":"https:\/\/www.gestoresalicante.org\/blog\/index.php\/wp-json\/wp\/v2\/tags?post=407"}],"curies":[{"name":"wp","href":"https:\/\/api.w.org\/{rel}","templated":true}]}}